{"id":27633,"date":"2026-03-14T17:59:39","date_gmt":"2026-03-14T17:59:39","guid":{"rendered":"https:\/\/acronoticias.com\/index.php\/2026\/03\/14\/cae-la-loba-por-atacar-a-golpes-y-punaladas-a-otra-mujer\/"},"modified":"2026-03-14T17:59:39","modified_gmt":"2026-03-14T17:59:39","slug":"cae-la-loba-por-atacar-a-golpes-y-punaladas-a-otra-mujer","status":"publish","type":"post","link":"https:\/\/acronoticias.com\/index.php\/2026\/03\/14\/cae-la-loba-por-atacar-a-golpes-y-punaladas-a-otra-mujer\/","title":{"rendered":"Cae \u201cLa Loba\u201d por atacar a golpes y pu\u00f1aladas a otra mujer"},"content":{"rendered":"<div id=\"mvp-content-main\">\n<p>Miembros de la Polic\u00eda Nacional, adscritos a la Secci\u00f3n de Investigaci\u00f3n en Jima Abajo, provincia La Vega, arrestaron a Evelyn Mart\u00ednez Matos, alias \u201cLa Loba\u201d, quien era requerida mediante la orden de arresto No. 2026-AJ0009064, de fecha 07-02-2026.<\/p>\n<p>La detenida est\u00e1 siendo se\u00f1alada por su presunta implicaci\u00f3n en golpes y heridas voluntarias, en violaci\u00f3n al art\u00edculo 309 del C\u00f3digo Penal Dominicano, en perjuicio de otra ciudadana, quien result\u00f3 con heridas de arma blanca seg\u00fan certificaci\u00f3n m\u00e9dica.<\/p>\n<p>De acuerdo con la denuncia presentada, el hecho se origin\u00f3 tras una discusi\u00f3n entre ambas.<\/p>\n<p>La detenida ser\u00e1 puesta a disposici\u00f3n de la justicia.<\/p>\n<\/div>\n","protected":false},"excerpt":{"rendered":"<p>Miembros de la Polic\u00eda Nacional, adscritos a la Secci\u00f3n de Investigaci\u00f3n en Jima Abajo, provincia La Vega, arrestaron a Evelyn Mart\u00ednez Matos, alias \u201cLa Loba\u201d, quien era requerida mediante la orden de arresto No. 2026-AJ0009064, de fecha 07-02-2026. La detenida est\u00e1 siendo se\u00f1alada por su presunta implicaci\u00f3n en golpes y heridas voluntarias, en violaci\u00f3n al<\/p>\n","protected":false},"author":1,"featured_media":27634,"comment_status":"open","ping_status":"open","sticky":false,"template":"","format":"standard","meta":{"footnotes":""},"categories":[1],"tags":[],"class_list":["post-27633","post","type-post","status-publish","format-standard","has-post-thumbnail","hentry","category-nacionales"],"_links":{"self":[{"href":"https:\/\/acronoticias.com\/index.php\/wp-json\/wp\/v2\/posts\/27633","targetHints":{"allow":["GET"]}}],"collection":[{"href":"https:\/\/acronoticias.com\/index.php\/wp-json\/wp\/v2\/posts"}],"about":[{"href":"https:\/\/acronoticias.com\/index.php\/wp-json\/wp\/v2\/types\/post"}],"author":[{"embeddable":true,"href":"https:\/\/acronoticias.com\/index.php\/wp-json\/wp\/v2\/users\/1"}],"replies":[{"embeddable":true,"href":"https:\/\/acronoticias.com\/index.php\/wp-json\/wp\/v2\/comments?post=27633"}],"version-history":[{"count":0,"href":"https:\/\/acronoticias.com\/index.php\/wp-json\/wp\/v2\/posts\/27633\/revisions"}],"wp:featuredmedia":[{"embeddable":true,"href":"https:\/\/acronoticias.com\/index.php\/wp-json\/wp\/v2\/media\/27634"}],"wp:attachment":[{"href":"https:\/\/acronoticias.com\/index.php\/wp-json\/wp\/v2\/media?parent=27633"}],"wp:term":[{"taxonomy":"category","embeddable":true,"href":"https:\/\/acronoticias.com\/index.php\/wp-json\/wp\/v2\/categories?post=27633"},{"taxonomy":"post_tag","embeddable":true,"href":"https:\/\/acronoticias.com\/index.php\/wp-json\/wp\/v2\/tags?post=27633"}],"curies":[{"name":"wp","href":"https:\/\/api.w.org\/{rel}","templated":true}]}}