{"id":27631,"date":"2026-03-14T17:43:34","date_gmt":"2026-03-14T17:43:34","guid":{"rendered":"https:\/\/acronoticias.com\/index.php\/2026\/03\/14\/edita-rodriguez-dice-tiener-voluntad-y-coraje-para-transformar-la-fces-de-la-uasd\/"},"modified":"2026-03-14T17:43:34","modified_gmt":"2026-03-14T17:43:34","slug":"edita-rodriguez-dice-tiener-voluntad-y-coraje-para-transformar-la-fces-de-la-uasd","status":"publish","type":"post","link":"https:\/\/acronoticias.com\/index.php\/2026\/03\/14\/edita-rodriguez-dice-tiener-voluntad-y-coraje-para-transformar-la-fces-de-la-uasd\/","title":{"rendered":"Edita Rodr\u00edguez dice tiener voluntad y coraje para transformar la FCES de la UASD"},"content":{"rendered":"<p><img decoding=\"async\" width=\"355\" height=\"200\" src=\"https:\/\/nuevodiario-assets.s3.us-east-2.amazonaws.com\/wp-content\/uploads\/2026\/03\/WhatsApp-Image-2026-03-14-at-6.27.41-PM-355x200.jpeg\" class=\"webfeedsFeaturedVisual not-transparent wp-post-image\" alt=\"\" style=\"--dominant-color: #a34c46;margin-bottom: 5px;clear:both;max-width: 100%\" loading=\"lazy\" data-has-transparency=\"false\" data-dominant-color=\"a34c46\" \/><\/p>\n<p>EL NUEVO DIARIO, SANTO DOMINGO.- Lacandidata al decanato de la Facultad de Ciencias Econ\u00f3micas y Sociales (FCES), de la Universidad Aut\u00f3noma de Santo Domingo (UASD), Edita Rodr\u00edguez Salce, garantiz\u00f3 que cuenta con la propuesta m\u00e1s s\u00f3lida, porque est\u00e1 basada en un diagn\u00f3stico profundo de la realidad de la facultad y en la voluntad de impulsar cambios.<\/p>\n<p>\u201cSin menoscabo de llasdem\u00e1s compa\u00f1eras que est\u00e1n corriendo, estamos convencidos de que tenemos la mejor propuesta y, sobre todo, la voluntad, porque en la universidad no basta con tener propuestas ni proyectos, ni proyecto, sino la voluntad, el coraje y la valent\u00eda para hacer un cambio\u201d, manifest\u00f3.<\/p>\n<p>Durante una entrevista concedida en el programa \u201cAn\u00e1lisis y S\u00edntesis\u201d, que transmite la plataforma digital El Nuevo Diario TV, Rodr\u00edguez Salce asegur\u00f3 que uno de sus objetivos es mantener el respeto y el prestigio que ha alcanzado la facultad, as\u00ed como preservar su papel en el debate p\u00fablico.<\/p>\n<p>(Ver programa).<\/p>\n<div class=\"jetpack-video-wrapper\"><\/div>\n<p>\u201cLa Facultad de Ciencias Econ\u00f3micas y Sociales ha sido orgullo para la universidad y para el pa\u00eds, una facultad con un reconocimiento nacional e internacional y con un posicionamiento envidiable. Nosotros estamos trabajando y aseguramos que podemos mantener ese respeto a la facultad, ese posicionamiento\u201d, detall\u00f3.<\/p>\n<p>La docente universitaria sostuvo que la UASD debe retomar su rol hist\u00f3rico de orientadora de la sociedad y de las mejores causas nacionales, participando activamente en las discusiones y decisiones que impactan al pa\u00eds.<\/p>\n<p>En ese sentido, precis\u00f3 que uno de los ejes principales de su plan de gesti\u00f3n elevar la investigaci\u00f3n acad\u00e9mica al nivel que le corresponde, no solo garantizando espacios f\u00edsicos para su desarrollo, sino tambi\u00e9n fortaleciendo la cultura investigativa. Agreg\u00f3 que se priorizar\u00e1n las investigaciones que generen aportes directos a la sociedad y a las instituciones del pa\u00eds.<\/p>\n<p>De igual manera, indic\u00f3 que uno de los objetivos ser\u00e1 conocer las expectativas del sector empleador respecto a los egresados de la universidad, con el fin de fortalecer las \u00e1reas acad\u00e9micas que respondan a las demandas del mercado laboral.<\/p>\n<p>Tambi\u00e9n, manifest\u00f3 que busca fortalecer las carreras del \u00e1rea social y dar un impulso especial a la carrera de turismo, debido al impacto que este sector tiene en la econom\u00eda nacional.<\/p>\n<p>La entrada <a href=\"https:\/\/elnuevodiario.com.do\/edita-rodriguez-dice-tiener-voluntad-y-coraje-para-transformar-la-fces-de-la-uasd\/\">Edita Rodr\u00edguez dice tiener voluntad y coraje para transformar la FCES de la UASD<\/a> se public\u00f3 primero en <a href=\"https:\/\/elnuevodiario.com.do\">El Nuevo Diario (Rep\u00fablica Dominicana)<\/a>.<\/p>\n","protected":false},"excerpt":{"rendered":"<p>EL NUEVO DIARIO, SANTO DOMINGO.- Lacandidata al decanato de la Facultad de Ciencias Econ\u00f3micas y Sociales (FCES), de la Universidad Aut\u00f3noma de Santo Domingo (UASD), Edita Rodr\u00edguez Salce, garantiz\u00f3 que cuenta con la propuesta m\u00e1s s\u00f3lida, porque est\u00e1 basada en un diagn\u00f3stico profundo de la realidad de la facultad y en la voluntad de impulsar<\/p>\n","protected":false},"author":1,"featured_media":27632,"comment_status":"open","ping_status":"open","sticky":false,"template":"","format":"standard","meta":{"footnotes":""},"categories":[1],"tags":[],"class_list":["post-27631","post","type-post","status-publish","format-standard","has-post-thumbnail","hentry","category-nacionales"],"_links":{"self":[{"href":"https:\/\/acronoticias.com\/index.php\/wp-json\/wp\/v2\/posts\/27631","targetHints":{"allow":["GET"]}}],"collection":[{"href":"https:\/\/acronoticias.com\/index.php\/wp-json\/wp\/v2\/posts"}],"about":[{"href":"https:\/\/acronoticias.com\/index.php\/wp-json\/wp\/v2\/types\/post"}],"author":[{"embeddable":true,"href":"https:\/\/acronoticias.com\/index.php\/wp-json\/wp\/v2\/users\/1"}],"replies":[{"embeddable":true,"href":"https:\/\/acronoticias.com\/index.php\/wp-json\/wp\/v2\/comments?post=27631"}],"version-history":[{"count":0,"href":"https:\/\/acronoticias.com\/index.php\/wp-json\/wp\/v2\/posts\/27631\/revisions"}],"wp:featuredmedia":[{"embeddable":true,"href":"https:\/\/acronoticias.com\/index.php\/wp-json\/wp\/v2\/media\/27632"}],"wp:attachment":[{"href":"https:\/\/acronoticias.com\/index.php\/wp-json\/wp\/v2\/media?parent=27631"}],"wp:term":[{"taxonomy":"category","embeddable":true,"href":"https:\/\/acronoticias.com\/index.php\/wp-json\/wp\/v2\/categories?post=27631"},{"taxonomy":"post_tag","embeddable":true,"href":"https:\/\/acronoticias.com\/index.php\/wp-json\/wp\/v2\/tags?post=27631"}],"curies":[{"name":"wp","href":"https:\/\/api.w.org\/{rel}","templated":true}]}}