{"id":27629,"date":"2026-03-14T17:27:35","date_gmt":"2026-03-14T17:27:35","guid":{"rendered":"https:\/\/acronoticias.com\/index.php\/2026\/03\/14\/prolactarrd-aclara-apuesta-por-proteccion-familiar-en-codigo-laboral-no-solo-aumentar-licencia-de-maternidad\/"},"modified":"2026-03-14T17:27:35","modified_gmt":"2026-03-14T17:27:35","slug":"prolactarrd-aclara-apuesta-por-proteccion-familiar-en-codigo-laboral-no-solo-aumentar-licencia-de-maternidad","status":"publish","type":"post","link":"https:\/\/acronoticias.com\/index.php\/2026\/03\/14\/prolactarrd-aclara-apuesta-por-proteccion-familiar-en-codigo-laboral-no-solo-aumentar-licencia-de-maternidad\/","title":{"rendered":"ProlactarRD aclara\u00a0apuesta por protecci\u00f3n familiar en C\u00f3digo Laboral,\u00a0no solo aumentar licencia de maternidad"},"content":{"rendered":"<p><img loading=\"lazy\" decoding=\"async\" width=\"355\" height=\"200\" src=\"https:\/\/nuevodiario-assets.s3.us-east-2.amazonaws.com\/wp-content\/uploads\/2026\/03\/WhatsApp-Image-2026-03-14-at-7.46.38-PM-355x200.jpeg\" class=\"webfeedsFeaturedVisual not-transparent wp-post-image\" alt=\"\" style=\"--dominant-color: #736160;margin-bottom: 5px;clear:both;max-width: 100%\" data-has-transparency=\"false\" data-dominant-color=\"736160\" \/><\/p>\n<p>EL NUEVO DIARIO, SANTO DOMINGO.- La presidenta de ProlactarRD, Mar\u00eda Aurelina Est\u00e9vez Abreu, explic\u00f3 que la iniciativa \u201cAlianza por la Corresponsabilidad Laboral\u201d, depositada ante la C\u00e1mara de Diputados, busca fortalecer la protecci\u00f3n de la maternidad, la paternidad y la primera infancia en el pa\u00eds.<\/p>\n<p>Debido a que los ojos se han puesto en el planteamiento de ampliar la licencia de maternidad a seis meses,\u00a0Est\u00e9vez Abreu detall\u00f3 que la propuesta contempla cinco ejes fundamentales, orientados a modernizar las pol\u00edticas laborales y garantizar condiciones m\u00e1s favorables para las familias dominicanas.<\/p>\n<p>\u201cNuestra propuesta lo que est\u00e1 buscando es que tengamos un C\u00f3digo Laboral adaptado a los nuevos tiempos, que tiene m\u00e1s de 30 a\u00f1os y est\u00e1 desfasado. Segundo, que tengamos pol\u00edticas p\u00fablicas amigables con los trabajadores y las trabajadoras, lo que va a beneficiar al empleador, al Estado y a esa familia\u201d, precis\u00f3.<\/p>\n<p>Durante una entrevista en el programa \u201cEncuentro del S\u00e1bado\u201d, que transmite la plataforma digital El Nuevo Diario TV, la presidenta de ProlactarRD, indic\u00f3 que la iniciativa incluye <strong>li<\/strong>cencias para padres y madres adoptivos, con el objetivo de reconocer los derechos de las familias que optan por la adopci\u00f3n y permitirles dedicar tiempo al cuidado y adaptaci\u00f3n del menor.<\/p>\n<p>(Ver programa).<\/p>\n<div class=\"jetpack-video-wrapper\"><\/div>\n<p>Asimismo, coment\u00f3 que plantea una licencia por duelo en caso de fallecimiento de un hijo, al considerar que las personas no pueden reincorporarse a sus labores pocos d\u00edas despu\u00e9s de enfrentar una p\u00e9rdida de esa magnitud, como si nada hubiese ocurrido.<\/p>\n<p>De igual forma, aboga por el aumento de un m\u00ednimo de 15 d\u00edas en las licencias por paternidad, para garantizar que el padre pueda acompa\u00f1ar y apoyar a la madre y al reci\u00e9n nacido durante los primeros d\u00edas de vida.<\/p>\n<p>Otro de los aspectos abordados es el fortalecimiento de las salas de lactancia en los centros de trabajo;\u00a0advirti\u00f3 que no debe establecerse un l\u00edmite de un a\u00f1o para su uso, como se ha planteado, ya que la lactancia prolongada ofrece mayores beneficios para la salud f\u00edsica y emocional tanto de la madre como del ni\u00f1o.<\/p>\n<p>\u201cBusca que salud p\u00fablica sea beneficiada por m\u00e1s tiempo de lactancia, busca que la familia pueda dedicarse al cuidado m\u00e1s importante de ese reci\u00e9n nacido en sus primeros d\u00edas, busca que un beb\u00e9 que todav\u00eda no se sienta pueda tener la presencia de su madre hasta por lo menos seis meses cuando \u00e9l solo deber\u00eda tomar leche materna\u2026 Busca que la inversi\u00f3n que tenemos en Salud P\u00fablica pueda ir disminuyendo porque vamos a tener seres humanos m\u00e1s sanos\u201d, agreg\u00f3.<\/p>\n<p>La entrada <a href=\"https:\/\/elnuevodiario.com.do\/prolactarrd-aclara-apuesta-por-proteccion-familiar-en-codigo-laboral-no-solo-aumentar-licencia-de-maternidad\/\">ProlactarRD aclara\u00a0apuesta por protecci\u00f3n familiar en C\u00f3digo Laboral,\u00a0no solo aumentar licencia de maternidad<\/a> se public\u00f3 primero en <a href=\"https:\/\/elnuevodiario.com.do\">El Nuevo Diario (Rep\u00fablica Dominicana)<\/a>.<\/p>\n","protected":false},"excerpt":{"rendered":"<p>EL NUEVO DIARIO, SANTO DOMINGO.- La presidenta de ProlactarRD, Mar\u00eda Aurelina Est\u00e9vez Abreu, explic\u00f3 que la iniciativa \u201cAlianza por la Corresponsabilidad Laboral\u201d, depositada ante la C\u00e1mara de Diputados, busca fortalecer la protecci\u00f3n de la maternidad, la paternidad y la primera infancia en el pa\u00eds. Debido a que los ojos se han puesto en el planteamiento<\/p>\n","protected":false},"author":1,"featured_media":27630,"comment_status":"open","ping_status":"open","sticky":false,"template":"","format":"standard","meta":{"footnotes":""},"categories":[1],"tags":[],"class_list":["post-27629","post","type-post","status-publish","format-standard","has-post-thumbnail","hentry","category-nacionales"],"_links":{"self":[{"href":"https:\/\/acronoticias.com\/index.php\/wp-json\/wp\/v2\/posts\/27629","targetHints":{"allow":["GET"]}}],"collection":[{"href":"https:\/\/acronoticias.com\/index.php\/wp-json\/wp\/v2\/posts"}],"about":[{"href":"https:\/\/acronoticias.com\/index.php\/wp-json\/wp\/v2\/types\/post"}],"author":[{"embeddable":true,"href":"https:\/\/acronoticias.com\/index.php\/wp-json\/wp\/v2\/users\/1"}],"replies":[{"embeddable":true,"href":"https:\/\/acronoticias.com\/index.php\/wp-json\/wp\/v2\/comments?post=27629"}],"version-history":[{"count":0,"href":"https:\/\/acronoticias.com\/index.php\/wp-json\/wp\/v2\/posts\/27629\/revisions"}],"wp:featuredmedia":[{"embeddable":true,"href":"https:\/\/acronoticias.com\/index.php\/wp-json\/wp\/v2\/media\/27630"}],"wp:attachment":[{"href":"https:\/\/acronoticias.com\/index.php\/wp-json\/wp\/v2\/media?parent=27629"}],"wp:term":[{"taxonomy":"category","embeddable":true,"href":"https:\/\/acronoticias.com\/index.php\/wp-json\/wp\/v2\/categories?post=27629"},{"taxonomy":"post_tag","embeddable":true,"href":"https:\/\/acronoticias.com\/index.php\/wp-json\/wp\/v2\/tags?post=27629"}],"curies":[{"name":"wp","href":"https:\/\/api.w.org\/{rel}","templated":true}]}}