{"id":27623,"date":"2026-03-14T17:10:19","date_gmt":"2026-03-14T17:10:19","guid":{"rendered":"https:\/\/acronoticias.com\/index.php\/2026\/03\/14\/ralf-ettiene-de-superviviente-de-un-terremoto-a-primer-haitiano-sobre-la-nieve\/"},"modified":"2026-03-14T17:10:19","modified_gmt":"2026-03-14T17:10:19","slug":"ralf-ettiene-de-superviviente-de-un-terremoto-a-primer-haitiano-sobre-la-nieve","status":"publish","type":"post","link":"https:\/\/acronoticias.com\/index.php\/2026\/03\/14\/ralf-ettiene-de-superviviente-de-un-terremoto-a-primer-haitiano-sobre-la-nieve\/","title":{"rendered":"Ralf Ettiene, de superviviente de un terremoto a primer haitiano sobre la nieve"},"content":{"rendered":"<div>\n<div class=\"c-detail__author full\">\n<div>\n<div class=\"c-detail__author__thumb\">\n<figure>\n                                <picture src=\"https:\/\/imagenes.hoy.com.do\/files\/image_square_xs\/uploads\/2025\/11\/18\/691c7d5bed035.jpeg\" data-size=\"w:40,h:40\">\n                                    <img decoding=\"async\" loading=\"lazy\" alt=\"EFE EFE\" width=\"40\" height=\"40\" src=\"https:\/\/imagenes.hoy.com.do\/files\/image_square_xs\/uploads\/2025\/11\/18\/691c7d5bed035.jpeg\"\/>\n                                <\/picture>\n                                <\/figure>\n<\/div>\n<\/div>\n<\/div>\n<p>                                                                                            <!-- --><\/p>\n<p class=\"paragraph\">El haitiano <b>Ralf Ettiene<\/b> es uno de esos ejemplos de como el deporte puede cambiar la vida de una persona con el tel\u00f3n de fondo de los <b>Juegos Paral\u00edmpicos<\/b>, el mayor escaparate a nivel global de las personas con discapacidad para mandar al mundo un mensaje de esperanza, superaci\u00f3n y fuerza de voluntad.<\/p>\n<p class=\"paragraph\">El <b>12 de enero de 2010<\/b>, Hait\u00ed se fundi\u00f3 en negro. Ese d\u00eda, a escasos 15 kil\u00f3metros de Puerto Pr\u00edncipe, un terremoto de escala 7,0 sacudi\u00f3 el pa\u00eds dejando 222.570 muertos, seg\u00fan un informe oficial del gobierno con apoyo de organismos internacionales como la ONU. Fue el terremoto m\u00e1s fuerte sucedido en el pa\u00eds desde el acontecido en 1770.<\/p>\n<p class=\"paragraph\">Uno de los afortunados supervivientes fue Ralf Ettiene (Miragoane, 1989), que en ese momento <b>ten\u00eda 21 a\u00f1os<\/b> y que ahora, a los 36 a\u00f1os, ha cumplido &#8220;un sue\u00f1o&#8221;, seg\u00fan declara a EFE con una sonrisa tras terminar su participaci\u00f3n en el gigante de los Juegos Paral\u00edmpicos de Mil\u00e1n Cortina.<\/p>\n<p class=\"paragraph\">Ettiene ha entrado en la historia del deporte haitiano como primer deportista de su pa\u00eds en unos Juegos Paral\u00edmpicos cuatro a\u00f1os despu\u00e9s de que su compatriota <b>Richardson Viano<\/b> hiciese lo propio en el eslalon de los Juegos Ol\u00edmpicos de Pek\u00edn 2022.<\/p>\n<p class=\"paragraph\">&#8220;Solo he esquiado ochenta d\u00edas en toda mi vida, pero ahora mismo no me preocupan los resultados, solo quiero esquiar bien y hacer un buen trabajo. Quiero que cuando la gente me vea les d\u00e9 esperanza mi historia&#8221;, declara en la pista de <b>Cortina d&#8217;Ampezzo<\/b>, con el imponente escenario de los Dolomitas de fondo.<\/p>\n<p class=\"paragraph\">El esquiador haitiano debut\u00f3 en el gigante, en la categor\u00eda LW2 de discapacitados f\u00edsicos que compiten a pie, con una primera bajada en un tiempo de 1:37.34. En la segunda, cuando ya hab\u00eda pasado el tercer parcial del recorrido, se cay\u00f3. No fue el \u00fanico, ya que hasta otros nueve rivales tambi\u00e9n se fueron al suelo por la mala condici\u00f3n de la nieve por el sol y las altas temperaturas.<\/p>\n<p class=\"paragraph\"><b>Una vida bajo los escombros<\/b><\/p>\n<p class=\"paragraph\">Ralf Ettiene sobrevivi\u00f3 al <b>terrible terremoto de 2010<\/b>. En el momento del temblor se encontraba dentro de un edificio de hormig\u00f3n que se derrib\u00f3 por completo y le dej\u00f3 enterrado durante casi ocho horas hasta que pudo ser rescatado con vida. Las secuelas fueron tremendas a nivel f\u00edsico ya que durante unos d\u00edas su vida corri\u00f3 peligro y al final termin\u00f3 perdiendo la pierna.<\/p>\n<p class=\"paragraph\">&#8220;Si sobrevivo a esta tragedia dedicar\u00e9 mi vida a los dem\u00e1s&#8221;. Esa fue la promesa que se hizo cuando tuvo que recomponer su vida tras la tragedia. Hasta ese momento ten\u00eda un peri\u00f3dico y una revista, presentaba un programa de radio y dirig\u00eda una productora.<\/p>\n<p class=\"paragraph\">El trabajo sobre el terreno que realizaron m\u00e9dicos y voluntarios llegados de todas las partes del mundo le hicieron replantearse su vida. Tras recibir una invitaci\u00f3n del doctor <b>Gregory Adamson<\/b> para ponerle una pr\u00f3tesis se fue a Estados Unidos y all\u00ed, animado por \u00e9l, decidi\u00f3 ponerse a estudiar medicina. Se march\u00f3 a Nueva Jersey para estudiar en una universidad p\u00fablica pero, sin casi recursos, pas\u00f3 unos a\u00f1os viviendo de la hospitalidad de los amigos que se fue haciendo.<\/p>\n<p class=\"paragraph\">Con el paso del tiempo obtuvo una beca para estudiar en la Universidad de Anderson, en Indiana, y tras graduarse regres\u00f3 a Hait\u00ed. Quer\u00eda ayudar a sus paisanos. Es algo que ten\u00eda claro y que se fue traduciendo en diferentes iniciativas, quiz\u00e1 la m\u00e1s llamativa la de recoger 40.000 gafas por diferentes \u00f3pticas que iban a desecharlas para distribuirlas entre personas necesitadas.<\/p>\n<p class=\"paragraph\">Su compromiso fue un paso m\u00e1s all\u00e1 al fundar una ONG para ayudar a las v\u00edctimas del <b>hurac\u00e1n Matthew<\/b> en 2016, justo al momento que comenz\u00f3 a estudiar un M\u00e1ster en inversiones financieras. Esos estudios le permitieron recibir una oferta para trabajar en el Banco de Am\u00e9rica en Nueva York en el departamento de inversiones. Entre tanto, en un viaje con compa\u00f1eros al lago Tahoe, conoci\u00f3 la nieve y, aunque no pudo esquiar al no saber y no contar con el material necesario para su discapacidad, se qued\u00f3 prendado.<\/p>\n<p class=\"paragraph\">Sin embargo, lo que le cambi\u00f3 la perspectiva fue conocer al exesquiador paral\u00edmpico <b>Monte Meier<\/b>, ganador de varias medallas en Juegos y que en ese momento era entrenador. Ralf comenz\u00f3 a asistir a sus entrenamientos en Park City, en Utah, hasta que hace un a\u00f1o, con el endurecimiento de las visas de entrada y residencia de Donald Trump, encontr\u00f3 una soluci\u00f3n a su probable deportaci\u00f3n.<\/p>\n<p class=\"paragraph\">El banco le permiti\u00f3 teletrabajar desde Londres y se mud\u00f3 a la capital inglesa como experto en banca de inversi\u00f3n, pudiendo viajar los fines de semanas a Suiza para esquiar.<\/p>\n<p class=\"paragraph\">Para financiar su viaje a los Juegos Paral\u00edmpicos, \u00c9tienne lanz\u00f3 una campa\u00f1a de recaudaci\u00f3n de fondos. Esto, junto con el apoyo del programa de movilidad del Comit\u00e9 Paral\u00edmpico Internacional, le ha permitido competir durante la \u00faltima temporada y ganar experiencia en el circuito mundial.<\/p>\n<p class=\"paragraph\">&#8220;Ser el primer atleta paral\u00edmpico de invierno de Hait\u00ed es genial pero no es f\u00e1cil. Soy el embajador del pa\u00eds, al ser el \u00fanico, y quiero cambiar la percepci\u00f3n que la gente tiene de nosotros. Cuando la gente ve Hait\u00ed ve caos, as\u00ed que yo quiero mostrarles excelencia, liderazgo, resiliencia y trabajo duro&#8221;, apunta.<\/p>\n<p class=\"paragraph\">&#8220;Espero tener la oportunidad de seguir dando visibilidad a mi pa\u00eds esquiando muy bien, siendo un buen compa\u00f1ero de equipo y un buen deportista. Simplemente quiero hacer un buen trabajo y contribuir a la belleza de los Juegos Paral\u00edmpicos. Tambi\u00e9n quiero mostrar a los j\u00f3venes de mi pa\u00eds que hay esperanza, porque soy de Hait\u00ed, tengo una discapacidad y puedo estar aqu\u00ed, as\u00ed que ellos pueden hacer lo que quieran&#8221;, comenta.<\/p>\n<p class=\"paragraph\">La sonrisa que luce a cada paso que da es tambi\u00e9n un buen recuerdo que deja Ralf de su paso por estos Juegos. La gente le para, se preocupa por \u00e9l y, con la cercan\u00eda que transmite, devuelve el cari\u00f1o recibido.<\/p>\n<div class=\"c-detail__box \">\n<article class=\"c-detail__sumario \">\n<figure class=\"c-detail__sumario__thumb\" style=\"display: block;\">\n            <a href=\"#\" title=\"\">\n                <picture data-size=\"w:140,h:140\" loading=\"lazy\" src=\"https:\/\/imagenes.hoy.com.do\/files\/related_image\/files\/fp\/uploads\/2026\/03\/03\/69a75db815a1d.r_d.523-586.jpeg\" data-full-src=\"https:\/\/imagenes.hoy.com.do\/uploads\/2026\/03\/03\/69a75db815a1d.jpeg\">\n                    <img loading=\"lazy\" decoding=\"async\" width=\"140\" height=\"140\" alt=\"Alejandra Aybar\" src=\"https:\/\/imagenes.hoy.com.do\/uploads\/2026\/03\/03\/69a75db815a1d.jpeg\"\/>\n                <\/picture>\n            <\/a><br \/>\n        <\/figure>\n<\/article>\n<\/div>\n<\/div>\n","protected":false},"excerpt":{"rendered":"<p>El haitiano Ralf Ettiene es uno de esos ejemplos de como el deporte puede cambiar la vida de una persona con el tel\u00f3n de fondo de los Juegos Paral\u00edmpicos, el mayor escaparate a nivel global de las personas con discapacidad para mandar al mundo un mensaje de esperanza, superaci\u00f3n y fuerza de voluntad. El 12<\/p>\n","protected":false},"author":1,"featured_media":27624,"comment_status":"open","ping_status":"open","sticky":false,"template":"","format":"standard","meta":{"footnotes":""},"categories":[2],"tags":[],"class_list":["post-27623","post","type-post","status-publish","format-standard","has-post-thumbnail","hentry","category-deporte"],"_links":{"self":[{"href":"https:\/\/acronoticias.com\/index.php\/wp-json\/wp\/v2\/posts\/27623","targetHints":{"allow":["GET"]}}],"collection":[{"href":"https:\/\/acronoticias.com\/index.php\/wp-json\/wp\/v2\/posts"}],"about":[{"href":"https:\/\/acronoticias.com\/index.php\/wp-json\/wp\/v2\/types\/post"}],"author":[{"embeddable":true,"href":"https:\/\/acronoticias.com\/index.php\/wp-json\/wp\/v2\/users\/1"}],"replies":[{"embeddable":true,"href":"https:\/\/acronoticias.com\/index.php\/wp-json\/wp\/v2\/comments?post=27623"}],"version-history":[{"count":0,"href":"https:\/\/acronoticias.com\/index.php\/wp-json\/wp\/v2\/posts\/27623\/revisions"}],"wp:featuredmedia":[{"embeddable":true,"href":"https:\/\/acronoticias.com\/index.php\/wp-json\/wp\/v2\/media\/27624"}],"wp:attachment":[{"href":"https:\/\/acronoticias.com\/index.php\/wp-json\/wp\/v2\/media?parent=27623"}],"wp:term":[{"taxonomy":"category","embeddable":true,"href":"https:\/\/acronoticias.com\/index.php\/wp-json\/wp\/v2\/categories?post=27623"},{"taxonomy":"post_tag","embeddable":true,"href":"https:\/\/acronoticias.com\/index.php\/wp-json\/wp\/v2\/tags?post=27623"}],"curies":[{"name":"wp","href":"https:\/\/api.w.org\/{rel}","templated":true}]}}