{"id":27619,"date":"2026-03-14T16:37:21","date_gmt":"2026-03-14T16:37:21","guid":{"rendered":"https:\/\/acronoticias.com\/index.php\/2026\/03\/14\/republica-dominicana-asumira-una-vicepresidencia-del-comite-de-discapacidad-de-la-oea\/"},"modified":"2026-03-14T16:37:21","modified_gmt":"2026-03-14T16:37:21","slug":"republica-dominicana-asumira-una-vicepresidencia-del-comite-de-discapacidad-de-la-oea","status":"publish","type":"post","link":"https:\/\/acronoticias.com\/index.php\/2026\/03\/14\/republica-dominicana-asumira-una-vicepresidencia-del-comite-de-discapacidad-de-la-oea\/","title":{"rendered":"Rep\u00fablica Dominicana asumir\u00e1 una vicepresidencia del Comit\u00e9 de Discapacidad de la OEA"},"content":{"rendered":"<p><img loading=\"lazy\" decoding=\"async\" width=\"355\" height=\"200\" src=\"https:\/\/nuevodiario-assets.s3.us-east-2.amazonaws.com\/wp-content\/uploads\/2026\/03\/WhatsApp-Image-2026-03-14-at-12.26.31-PM-355x200.jpeg\" class=\"webfeedsFeaturedVisual not-transparent wp-post-image\" alt=\"\" style=\"--dominant-color: #6d727b;margin-bottom: 5px;clear:both;max-width: 100%\" data-has-transparency=\"false\" data-dominant-color=\"6d727b\" \/><\/p>\n<p>EL NUEVO DIARIO, SANTO DOMINGO.- El Consejo Nacional de Discapacidad (CONADIS) particip\u00f3 en la Decimocuarta Reuni\u00f3n Ordinaria del Comit\u00e9 para la Eliminaci\u00f3n de Todas las Formas de Discriminaci\u00f3n contra las Personas con Discapacidad (CEDDIS), \u00f3rgano de seguimiento de la Convenci\u00f3n Interamericana sobre discapacidad en el \u00e1mbito de la Organizaci\u00f3n de los Estados Americanos (OEA); celebrada en Uruguay del 10 al 13 de marzo, con el prop\u00f3sito de analizar los avances de los pa\u00edses de la regi\u00f3n en materia de inclusi\u00f3n y garant\u00eda de derechos.<\/p>\n<p>En representaci\u00f3n de la Rep\u00fablica Dominicana participaron el presidente del CONADIS, Benny Metz; el director ejecutivo, Alexis Alc\u00e1ntara; y la directora t\u00e9cnica, Katherine Rodr\u00edguez, quienes formaron parte de las jornadas de trabajo junto a 12 delegaciones de distintos pa\u00edses del continente, a personas expertas nacionales ante el Comit\u00e9, as\u00ed como a organismos internacionales vinculados a la agenda de derechos humanos y de discapacidad.<\/p>\n<p>En ese contexto, la Rep\u00fablica Dominicana result\u00f3 electa para ocupar la 2da vicepresidencia del CEDDIS, posici\u00f3n que ser\u00e1 asumida por el presidente del CONADIS y que representa un reconocimiento al trabajo que viene desarrollando el pa\u00eds en materia de promoci\u00f3n, protecci\u00f3n y garant\u00eda de los derechos de las personas con discapacidad, as\u00ed como a su liderazgo en la agenda regional de inclusi\u00f3n.<\/p>\n<p>Durante el encuentro se consideraron y aprobaron los informes de evaluaci\u00f3n sobre la implementaci\u00f3n de la Convenci\u00f3n Interamericana y del Programa de Acci\u00f3n para el Decenio de las Am\u00e9ricas por los Derechos y la Dignidad de las Personas con Discapacidad. Asimismo, se generaron espacios de intercambio entre los pa\u00edses y se eligieron las nuevas autoridades del Comit\u00e9 para el per\u00edodo 2026-2028.<\/p>\n<p>El presidente del CONADIS, Benny Metz, agradeci\u00f3n a las delegaciones que dieron su voto favorable donde Uruguay quedo como presidente y Costa Rica en la primera vicepresidencia, este destac\u00f3: \u201cEstos espacios de evaluaci\u00f3n y di\u00e1logo regional permiten identificar avances, compartir buenas pr\u00e1cticas y continuar fortaleciendo las pol\u00edticas de inclusi\u00f3n en las Am\u00e9ricas, con el objetivo de garantizar el pleno ejercicio de los derechos y la dignidad de las personas con discapacidad\u201d, expres\u00f3 Metz.<\/p>\n<p>De su lado, el director ejecutivo del CONADIS, Alexis Alc\u00e1ntara, resalt\u00f3: \u201cHemos reafirmado no solo el trabajo en la eliminaci\u00f3n de barreras, sino que se ha logrado visibilizar a esta poblaci\u00f3n que, por azar de la vida y por la inobservancia de algunos tomadores de decisiones, ha vivido arropada por la vulnerabilidad y el desd\u00e9n. Felicitamos el trabajo del CEDDIS y nos reportamos a su entera disposici\u00f3n para explorar todo tipo de apoyo que vaya en beneficio de esta poblaci\u00f3n\u201d, expres\u00f3 Alc\u00e1ntara.<\/p>\n<p>La delegaci\u00f3n de la Rep\u00fablica Dominicana enumer\u00f3 los avances significativos en materia de inclusi\u00f3n y garant\u00eda de derechos de las personas con discapacidad, entre ellos el fortalecimiento del marco legal mediante la Ley n\u00fam. 5-13 sobre Discapacidad, as\u00ed como la aprobaci\u00f3n de normativas como la Ley 43-23 que reconoce la Lengua de Se\u00f1as Dominicana y la Ley 34-23 sobre atenci\u00f3n e inclusi\u00f3n de las personas con Trastorno del Espectro Autista (TEA). Estas acciones forman parte de los esfuerzos del Estado dominicano para impulsar pol\u00edticas p\u00fablicas orientadas a la educaci\u00f3n inclusiva, la accesibilidad y la plena participaci\u00f3n social de esta poblaci\u00f3n.<\/p>\n<p>La participaci\u00f3n de la Rep\u00fablica Dominicana en este espacio regional reafirma el compromiso del CONADIS de continuar impulsando acciones y pol\u00edticas p\u00fablicas que promuevan la igualdad de oportunidades, la inclusi\u00f3n social y el respeto a los derechos de las personas con discapacidad.<\/p>\n<p>La entrada <a href=\"https:\/\/elnuevodiario.com.do\/republica-dominicana-asumira-una-vicepresidencia-del-comite-de-discapacidad-de-la-oea\/\">Rep\u00fablica Dominicana asumir\u00e1 una vicepresidencia del Comit\u00e9 de Discapacidad de la OEA<\/a> se public\u00f3 primero en <a href=\"https:\/\/elnuevodiario.com.do\">El Nuevo Diario (Rep\u00fablica Dominicana)<\/a>.<\/p>\n","protected":false},"excerpt":{"rendered":"<p>EL NUEVO DIARIO, SANTO DOMINGO.- El Consejo Nacional de Discapacidad (CONADIS) particip\u00f3 en la Decimocuarta Reuni\u00f3n Ordinaria del Comit\u00e9 para la Eliminaci\u00f3n de Todas las Formas de Discriminaci\u00f3n contra las Personas con Discapacidad (CEDDIS), \u00f3rgano de seguimiento de la Convenci\u00f3n Interamericana sobre discapacidad en el \u00e1mbito de la Organizaci\u00f3n de los Estados Americanos (OEA); celebrada<\/p>\n","protected":false},"author":1,"featured_media":27620,"comment_status":"open","ping_status":"open","sticky":false,"template":"","format":"standard","meta":{"footnotes":""},"categories":[1],"tags":[],"class_list":["post-27619","post","type-post","status-publish","format-standard","has-post-thumbnail","hentry","category-nacionales"],"_links":{"self":[{"href":"https:\/\/acronoticias.com\/index.php\/wp-json\/wp\/v2\/posts\/27619","targetHints":{"allow":["GET"]}}],"collection":[{"href":"https:\/\/acronoticias.com\/index.php\/wp-json\/wp\/v2\/posts"}],"about":[{"href":"https:\/\/acronoticias.com\/index.php\/wp-json\/wp\/v2\/types\/post"}],"author":[{"embeddable":true,"href":"https:\/\/acronoticias.com\/index.php\/wp-json\/wp\/v2\/users\/1"}],"replies":[{"embeddable":true,"href":"https:\/\/acronoticias.com\/index.php\/wp-json\/wp\/v2\/comments?post=27619"}],"version-history":[{"count":0,"href":"https:\/\/acronoticias.com\/index.php\/wp-json\/wp\/v2\/posts\/27619\/revisions"}],"wp:featuredmedia":[{"embeddable":true,"href":"https:\/\/acronoticias.com\/index.php\/wp-json\/wp\/v2\/media\/27620"}],"wp:attachment":[{"href":"https:\/\/acronoticias.com\/index.php\/wp-json\/wp\/v2\/media?parent=27619"}],"wp:term":[{"taxonomy":"category","embeddable":true,"href":"https:\/\/acronoticias.com\/index.php\/wp-json\/wp\/v2\/categories?post=27619"},{"taxonomy":"post_tag","embeddable":true,"href":"https:\/\/acronoticias.com\/index.php\/wp-json\/wp\/v2\/tags?post=27619"}],"curies":[{"name":"wp","href":"https:\/\/api.w.org\/{rel}","templated":true}]}}