{"id":27597,"date":"2026-03-14T14:26:59","date_gmt":"2026-03-14T14:26:59","guid":{"rendered":"https:\/\/acronoticias.com\/index.php\/2026\/03\/14\/detectives-solicitan-al-gobierno-impulsar-ley-que-regule-la-investigacion-privada-en-rd\/"},"modified":"2026-03-14T14:26:59","modified_gmt":"2026-03-14T14:26:59","slug":"detectives-solicitan-al-gobierno-impulsar-ley-que-regule-la-investigacion-privada-en-rd","status":"publish","type":"post","link":"https:\/\/acronoticias.com\/index.php\/2026\/03\/14\/detectives-solicitan-al-gobierno-impulsar-ley-que-regule-la-investigacion-privada-en-rd\/","title":{"rendered":"Detectives solicitan al Gobierno impulsar ley que regule la investigaci\u00f3n privada en RD"},"content":{"rendered":"<p><img decoding=\"async\" width=\"280\" height=\"180\" src=\"https:\/\/nuevodiario-assets.s3.us-east-2.amazonaws.com\/wp-content\/uploads\/2026\/03\/images-4.jpeg\" class=\"webfeedsFeaturedVisual not-transparent wp-post-image\" alt=\"\" style=\"--dominant-color: #7b9297;margin-bottom: 5px;clear:both;max-width: 100%\" loading=\"lazy\" data-has-transparency=\"false\" data-dominant-color=\"7b9297\" \/><\/p>\n<p data-start=\"228\" data-end=\"482\">EL NUEVO DIARIO, SANTO DOMINGO.- Organizaciones vinculadas al \u00e1mbito de la investigaci\u00f3n privada solicitaron al Gobierno dominicano impulsar una legislaci\u00f3n moderna que regule de manera integral el ejercicio profesional de los detectives en la Rep\u00fablica Dominicana.<\/p>\n<p data-start=\"484\" data-end=\"892\">La petici\u00f3n fue realizada por la International Federation of Detectives USA LLC y IFD International Detectives R.D., entidades que enviaron una comunicaci\u00f3n formal al presidente de la Rep\u00fablica, Luis Rodolfo Abinader Corona, solicitando la introducci\u00f3n de un proyecto de ley que establezca un marco jur\u00eddico actualizado para la profesi\u00f3n de detective nacional, internacional y judicial forense.<\/p>\n<p data-start=\"894\" data-end=\"1251\">La solicitud tambi\u00e9n fue dirigida al presidente del Senado, Ricardo de los Santos Polanco, y al presidente de la C\u00e1mara de Diputados, Alfredo Pacheco Osoria, con el prop\u00f3sito de que ambas c\u00e1maras del Congreso Nacional eval\u00faen la propuesta y promuevan la discusi\u00f3n de una legislaci\u00f3n que responda a la realidad actual de esta actividad profesional.<\/p>\n<p data-start=\"1253\" data-end=\"1563\">Las organizaciones indicaron que el marco legal vigente, sustentado principalmente en el Decreto 1128-03 del 15 de diciembre de 2003, presenta limitaciones que no reflejan la complejidad ni la responsabilidad que implica el ejercicio profesional de la investigaci\u00f3n privada y judicial forense en el pa\u00eds.<\/p>\n<p data-start=\"1565\" data-end=\"1878\">De acuerdo con las entidades, la normativa actual tambi\u00e9n otorga facultades limitadas a la Superintendencia de Seguridad Privada, lo que, seg\u00fan afirman, deja desprotegidos a muchos detectives y restringe su capacidad de aportar de forma m\u00e1s efectiva a los procesos de seguridad y administraci\u00f3n de justicia.<\/p>\n<p data-start=\"1565\" data-end=\"1878\"><img loading=\"lazy\" decoding=\"async\" data-recalc-dims=\"1\" data-dominant-color=\"989da8\" data-has-transparency=\"false\" style=\"--dominant-color: #989da8\" class=\"alignnone size-full wp-image-3048574 not-transparent\" src=\"https:\/\/i0.wp.com\/nuevodiario-assets.s3.us-east-2.amazonaws.com\/wp-content\/uploads\/2026\/03\/WhatsApp-Image-2026-03-14-at-9.46.16-AM.jpeg?resize=640%2C853&#038;quality=100&#038;ssl=1\" alt=\"\" width=\"640\" height=\"853\" \/><\/p>\n<p data-start=\"1880\" data-end=\"2242\">Ante esta situaci\u00f3n, las organizaciones hicieron un llamado a impulsar un debate constructivo que permita la aprobaci\u00f3n de una nueva ley que reconozca formalmente la labor de los detectives, establezca normas claras para su ejercicio y les proporcione herramientas adecuadas para desarrollar su trabajo con profesionalismo, \u00e9tica y respeto a las instituciones.<\/p>\n<p data-start=\"2244\" data-end=\"2449\">Los representantes de las entidades expresaron, adem\u00e1s, su confianza en que las autoridades dominicanas puedan impulsar iniciativas que fortalezcan la seguridad, la transparencia y el bienestar del pa\u00eds.<\/p>\n<p data-start=\"2451\" data-end=\"2631\">La comunicaci\u00f3n fue firmada por Efra\u00edn Iglesias, gerente general de Detectives International, y Jos\u00e9 Ram\u00f3n Santos, director en la Rep\u00fablica Dominicana de la organizaci\u00f3n.<\/p>\n<p data-start=\"2451\" data-end=\"2631\"><img loading=\"lazy\" decoding=\"async\" data-recalc-dims=\"1\" data-dominant-color=\"9ca2aa\" data-has-transparency=\"false\" style=\"--dominant-color: #9ca2aa\" class=\"alignnone size-full wp-image-3048575 not-transparent\" src=\"https:\/\/i0.wp.com\/nuevodiario-assets.s3.us-east-2.amazonaws.com\/wp-content\/uploads\/2026\/03\/WhatsApp-Image-2026-03-14-at-9.46.15-AM.jpeg?resize=640%2C853&#038;quality=100&#038;ssl=1\" alt=\"\" width=\"640\" height=\"853\" \/><\/p>\n<p>La entrada <a href=\"https:\/\/elnuevodiario.com.do\/detectives-solicitan-al-gobierno-impulsar-ley-que-regule-la-investigacion-privada-en-rd\/\">Detectives solicitan al Gobierno impulsar ley que regule la investigaci\u00f3n privada en RD<\/a> se public\u00f3 primero en <a href=\"https:\/\/elnuevodiario.com.do\">El Nuevo Diario (Rep\u00fablica Dominicana)<\/a>.<\/p>\n","protected":false},"excerpt":{"rendered":"<p>EL NUEVO DIARIO, SANTO DOMINGO.- Organizaciones vinculadas al \u00e1mbito de la investigaci\u00f3n privada solicitaron al Gobierno dominicano impulsar una legislaci\u00f3n moderna que regule de manera integral el ejercicio profesional de los detectives en la Rep\u00fablica Dominicana. La petici\u00f3n fue realizada por la International Federation of Detectives USA LLC y IFD International Detectives R.D., entidades que<\/p>\n","protected":false},"author":1,"featured_media":27598,"comment_status":"open","ping_status":"open","sticky":false,"template":"","format":"standard","meta":{"footnotes":""},"categories":[1],"tags":[],"class_list":["post-27597","post","type-post","status-publish","format-standard","has-post-thumbnail","hentry","category-nacionales"],"_links":{"self":[{"href":"https:\/\/acronoticias.com\/index.php\/wp-json\/wp\/v2\/posts\/27597","targetHints":{"allow":["GET"]}}],"collection":[{"href":"https:\/\/acronoticias.com\/index.php\/wp-json\/wp\/v2\/posts"}],"about":[{"href":"https:\/\/acronoticias.com\/index.php\/wp-json\/wp\/v2\/types\/post"}],"author":[{"embeddable":true,"href":"https:\/\/acronoticias.com\/index.php\/wp-json\/wp\/v2\/users\/1"}],"replies":[{"embeddable":true,"href":"https:\/\/acronoticias.com\/index.php\/wp-json\/wp\/v2\/comments?post=27597"}],"version-history":[{"count":0,"href":"https:\/\/acronoticias.com\/index.php\/wp-json\/wp\/v2\/posts\/27597\/revisions"}],"wp:featuredmedia":[{"embeddable":true,"href":"https:\/\/acronoticias.com\/index.php\/wp-json\/wp\/v2\/media\/27598"}],"wp:attachment":[{"href":"https:\/\/acronoticias.com\/index.php\/wp-json\/wp\/v2\/media?parent=27597"}],"wp:term":[{"taxonomy":"category","embeddable":true,"href":"https:\/\/acronoticias.com\/index.php\/wp-json\/wp\/v2\/categories?post=27597"},{"taxonomy":"post_tag","embeddable":true,"href":"https:\/\/acronoticias.com\/index.php\/wp-json\/wp\/v2\/tags?post=27597"}],"curies":[{"name":"wp","href":"https:\/\/api.w.org\/{rel}","templated":true}]}}