{"id":27595,"date":"2026-03-14T14:14:21","date_gmt":"2026-03-14T14:14:21","guid":{"rendered":"https:\/\/acronoticias.com\/index.php\/2026\/03\/14\/embajada-de-eeuu-en-caracas-volvio-a-izar-su-bandera-tras-siete-anos\/"},"modified":"2026-03-14T14:14:21","modified_gmt":"2026-03-14T14:14:21","slug":"embajada-de-eeuu-en-caracas-volvio-a-izar-su-bandera-tras-siete-anos","status":"publish","type":"post","link":"https:\/\/acronoticias.com\/index.php\/2026\/03\/14\/embajada-de-eeuu-en-caracas-volvio-a-izar-su-bandera-tras-siete-anos\/","title":{"rendered":"Embajada de EEUU en Caracas volvi\u00f3 a izar su bandera tras siete a\u00f1os"},"content":{"rendered":"<div>\n<div class=\"c-detail__author full\">\n<div>\n<div class=\"c-detail__author__thumb\">\n<figure>\n                                <picture src=\"https:\/\/imagenes.hoy.com.do\/files\/image_square_xs\/uploads\/2025\/11\/18\/691c7d96e21d6.png\" data-size=\"w:40,h:40\">\n                                    <img decoding=\"async\" loading=\"lazy\" alt=\"INFOBAE INFOBAE\" width=\"40\" height=\"40\" src=\"https:\/\/imagenes.hoy.com.do\/files\/image_square_xs\/uploads\/2025\/11\/18\/691c7d96e21d6.png\"\/>\n                                <\/picture>\n                                <\/figure>\n<\/div>\n<\/div>\n<\/div>\n<p>                                                                                            <!-- --><\/p>\n<p class=\"paragraph\">D\u00edas despu\u00e9s de que el presidente <b>Donald Trump<\/b> confirmara el restablecimiento de relaciones con el gobierno de <b>Venezuela<\/b>, este s\u00e1bado la embajada norteamericana en Caracas volvi\u00f3 a izar su bandera tras siete a\u00f1os.<\/p>\n<p class=\"paragraph\">\u201cEn la ma\u00f1ana del 14 de marzo de 2019, la bandera estadounidense fue arriada por \u00faltima vez en la Embajada de Estados Unidos en Caracas. Esta ma\u00f1ana, 14 de marzo de 2026, a la misma hora, mi equipo y yo izamos la bandera de los Estados Unidos\u2014exactamente siete a\u00f1os despu\u00e9s de haber sido retirada&#8221;, se\u00f1al\u00f3 la embajadora <b>Laura Dogu<\/b> a trav\u00e9s de las redes sociales de la casa diplom\u00e1tica.<\/p>\n<p class=\"paragraph\">Y asever\u00f3: \u201cHa comenzado una nueva era para las relaciones entre Estados Unidos y Venezuela\u201d.<\/p>\n<p class=\"paragraph\">El retorno de la bandera responde al cambio de gobierno tras la captura de <b>Nicol\u00e1s Maduro<\/b> durante un operativo militar dirigido por Washington el 3 de enero de 2026. Con la asunci\u00f3n de la presidenta interina <b>Delcy Rodr\u00edguez<\/b>, ambos pa\u00edses reactivaron los lazos diplom\u00e1ticos y acordaron iniciar una hoja de ruta para la recuperaci\u00f3n econ\u00f3mica, la estabilizaci\u00f3n institucional y la transici\u00f3n democr\u00e1tica en Venezuela.<\/p>\n<p class=\"paragraph\">A primeras horas del 14 de marzo, el edificio de la Embajada de los Estados Unidos en Caracas fue escenario del izado oficial. El evento simboliz\u00f3 el regreso estadounidense y el impulso a una agenda bilateral tras siete a\u00f1os de ruptura, resaltando la relevancia geopol\u00edtica de Caracas para la regi\u00f3n.<\/p>\n<p class=\"paragraph\">Las nuevas conversaciones han impulsado acuerdos para reabrir consulados y aumentar la cooperaci\u00f3n en \u00e1reas estrat\u00e9gicas. La nueva hoja de ruta acordada contempla tres fases principales: estabilizaci\u00f3n pol\u00edtica, recuperaci\u00f3n econ\u00f3mica y transici\u00f3n democr\u00e1tica. Washington y Delcy Rodr\u00edguez suscribieron compromisos para reformar las instituciones, incentivar el comercio y proteger las inversiones extranjeras, especialmente de origen estadounidense.<\/p>\n<p class=\"paragraph\">De acuerdo con el Departamento de Estado, el restablecimiento de los v\u00ednculos diplom\u00e1ticos y consulares es resultado directo de la operaci\u00f3n militar que deriv\u00f3 en la captura de Maduro y el cambio de gobierno. Ambos equipos acordaron acelerar el retorno de las delegaciones y avanzar hacia la apertura de instituciones consulares.<\/p>\n<p class=\"paragraph\">El <b>di\u00e1logo bilateral<\/b> integra tambi\u00e9n asuntos de derechos humanos y garant\u00edas para el regreso de inversores internacionales. Las autoridades estadounidenses han dado prioridad a los sectores de energ\u00eda y fertilizantes, buscando impulsar la econom\u00eda venezolana y fortalecer la presencia norteamericana en industrias clave.<\/p>\n<p class=\"paragraph\">Como presidenta interina, Delcy Rodr\u00edguez puso en marcha reformas econ\u00f3micas profundas. Cedi\u00f3 el control del sector petrolero a empresas privadas y modific\u00f3 la ley de hidrocarburos, lo que facilit\u00f3 la apertura a nuevas inversiones y acuerdos internacionales.<\/p>\n<p class=\"paragraph\">El viernes, durante una reuni\u00f3n diplom\u00e1tica con representantes colombianos, Rodr\u00edguez pidi\u00f3 a Washington el <b>levantamiento de las sanciones<\/b>: \u201cLas medidas coercitivas unilaterales contra el pueblo de Venezuela afectan a los pueblos de nuestra Am\u00e9rica Latina. Tiene un impacto tambi\u00e9n en la econom\u00eda de Colombia, en la econom\u00eda de Venezuela y nuestros pueblos\u201d.<\/p>\n<p class=\"paragraph\">La administraci\u00f3n del presidente estadounidense Donald Trump flexibiliz\u00f3 parte de las restricciones, permitiendo actividades comerciales clave para empresas estadounidenses, sobre todo en el sector petrolero. En las \u00faltimas jornadas, se otorgaron tres licencias nuevas centradas en productos petroqu\u00edmicos y precursores de fertilizantes, dirigidas a la estabilizaci\u00f3n y al comercio regional.<\/p>\n<p class=\"paragraph\">La reactivaci\u00f3n de las <b>exportaciones de petr\u00f3leo y gas licuado de petr\u00f3leo (GLP)<\/b> se posiciona como uno de los ejes centrales de la recuperaci\u00f3n econ\u00f3mica.<\/p>\n<p class=\"paragraph\">La frontera colombo-venezolana contin\u00faa siendo \u00e1rea de relevancia bilateral, marcada por episodios de tensi\u00f3n y colaboraci\u00f3n. La presidenta interina ten\u00eda previsto un encuentro con Gustavo Petro, presidente de Colombia, que fue cancelado de com\u00fan acuerdo por motivos de seguridad surgidos en la zona lim\u00edtrofe. En su lugar, una misi\u00f3n colombiana dialog\u00f3 en Caracas con el canciller venezolano Yv\u00e1n Gil.<\/p>\n<div class=\"c-detail__box \">\n<article class=\"c-detail__sumario \">\n<figure class=\"c-detail__sumario__thumb\" style=\"display: block;\">\n            <a href=\"#\" title=\"\">\n                <picture data-size=\"w:140,h:140\" loading=\"lazy\" src=\"https:\/\/imagenes.hoy.com.do\/files\/related_image\/uploads\/2025\/12\/03\/69301f843dfd5.jpeg\" data-full-src=\"https:\/\/imagenes.hoy.com.do\/uploads\/2025\/12\/03\/69301f843dfd5.jpeg\">\n                    <img loading=\"lazy\" decoding=\"async\" width=\"140\" height=\"140\" alt=\"El petr\u00f3leo de Texas cae un 7,2 % tras ataque iran\u00ed a base de EE.UU. en Catar\" src=\"https:\/\/imagenes.hoy.com.do\/uploads\/2025\/12\/03\/69301f843dfd5.jpeg\"\/>\n                <\/picture>\n            <\/a><br \/>\n        <\/figure>\n<\/article>\n<\/div>\n<\/div>\n","protected":false},"excerpt":{"rendered":"<p>D\u00edas despu\u00e9s de que el presidente Donald Trump confirmara el restablecimiento de relaciones con el gobierno de Venezuela, este s\u00e1bado la embajada norteamericana en Caracas volvi\u00f3 a izar su bandera tras siete a\u00f1os. \u201cEn la ma\u00f1ana del 14 de marzo de 2019, la bandera estadounidense fue arriada por \u00faltima vez en la Embajada de Estados<\/p>\n","protected":false},"author":1,"featured_media":27596,"comment_status":"open","ping_status":"open","sticky":false,"template":"","format":"standard","meta":{"footnotes":""},"categories":[3],"tags":[],"class_list":["post-27595","post","type-post","status-publish","format-standard","has-post-thumbnail","hentry","category-internacionales"],"_links":{"self":[{"href":"https:\/\/acronoticias.com\/index.php\/wp-json\/wp\/v2\/posts\/27595","targetHints":{"allow":["GET"]}}],"collection":[{"href":"https:\/\/acronoticias.com\/index.php\/wp-json\/wp\/v2\/posts"}],"about":[{"href":"https:\/\/acronoticias.com\/index.php\/wp-json\/wp\/v2\/types\/post"}],"author":[{"embeddable":true,"href":"https:\/\/acronoticias.com\/index.php\/wp-json\/wp\/v2\/users\/1"}],"replies":[{"embeddable":true,"href":"https:\/\/acronoticias.com\/index.php\/wp-json\/wp\/v2\/comments?post=27595"}],"version-history":[{"count":0,"href":"https:\/\/acronoticias.com\/index.php\/wp-json\/wp\/v2\/posts\/27595\/revisions"}],"wp:featuredmedia":[{"embeddable":true,"href":"https:\/\/acronoticias.com\/index.php\/wp-json\/wp\/v2\/media\/27596"}],"wp:attachment":[{"href":"https:\/\/acronoticias.com\/index.php\/wp-json\/wp\/v2\/media?parent=27595"}],"wp:term":[{"taxonomy":"category","embeddable":true,"href":"https:\/\/acronoticias.com\/index.php\/wp-json\/wp\/v2\/categories?post=27595"},{"taxonomy":"post_tag","embeddable":true,"href":"https:\/\/acronoticias.com\/index.php\/wp-json\/wp\/v2\/tags?post=27595"}],"curies":[{"name":"wp","href":"https:\/\/api.w.org\/{rel}","templated":true}]}}