{"id":27589,"date":"2026-03-14T13:38:36","date_gmt":"2026-03-14T13:38:36","guid":{"rendered":"https:\/\/acronoticias.com\/index.php\/2026\/03\/14\/ministro-de-cultura-entrega-instrumentos-a-banda-municipal-y-fortalece-talento-artistico-juvenil-en-mao\/"},"modified":"2026-03-14T13:38:36","modified_gmt":"2026-03-14T13:38:36","slug":"ministro-de-cultura-entrega-instrumentos-a-banda-municipal-y-fortalece-talento-artistico-juvenil-en-mao","status":"publish","type":"post","link":"https:\/\/acronoticias.com\/index.php\/2026\/03\/14\/ministro-de-cultura-entrega-instrumentos-a-banda-municipal-y-fortalece-talento-artistico-juvenil-en-mao\/","title":{"rendered":"Ministro de Cultura entrega instrumentos a Banda Municipal y fortalece talento art\u00edstico juvenil en Mao"},"content":{"rendered":"<p><img loading=\"lazy\" decoding=\"async\" width=\"355\" height=\"200\" src=\"https:\/\/nuevodiario-assets.s3.us-east-2.amazonaws.com\/wp-content\/uploads\/2026\/03\/WhatsApp-Image-2026-03-14-at-9.19.27-AM-1-355x200.jpeg\" class=\"webfeedsFeaturedVisual not-transparent wp-post-image\" alt=\"\" style=\"--dominant-color: #797774;margin-bottom: 5px;clear:both;max-width: 100%\" data-has-transparency=\"false\" data-dominant-color=\"797774\" \/><\/p>\n<p data-start=\"255\" data-end=\"511\">EL NUEVO DIARIO, MAO, VALVERDE. &#8211; El Ministro de Cultura, Roberto \u00c1ngel Salcedo Sanz, realiz\u00f3 este viernes una visita al municipio de Mao, provincia Valverde, donde sostuvo un encuentro con autoridades locales y recorri\u00f3 importantes espacios culturales de la ciudad.<\/p>\n<p data-start=\"513\" data-end=\"801\">Durante su visita, el ministro se traslad\u00f3 a la Academia de M\u00fasicos, acompa\u00f1ado por la vicealcaldesa Estefany Fr\u00edas Mart\u00ednez, a quien entreg\u00f3 formalmente varios instrumentos musicales destinados a fortalecer la Banda Municipal de M\u00fasicos del Centro de la Cultura Provincial.<\/p>\n<p data-start=\"803\" data-end=\"1012\">Al recibir la donaci\u00f3n, Fr\u00edas Mart\u00ednez expres\u00f3 su agradecimiento al Ministerio de Cultura y resalt\u00f3 la relevancia de estos instrumentos para el desarrollo art\u00edstico y cultural de los j\u00f3venes de la localidad.<\/p>\n<figure id=\"attachment_3048545\" aria-describedby=\"caption-attachment-3048545\" style=\"width: 1600px\" class=\"wp-caption alignnone\"><img loading=\"lazy\" decoding=\"async\" data-recalc-dims=\"1\" data-dominant-color=\"7a797a\" data-has-transparency=\"false\" style=\"--dominant-color: #7a797a\" class=\"size-full wp-image-3048545 not-transparent\" src=\"https:\/\/i0.wp.com\/nuevodiario-assets.s3.us-east-2.amazonaws.com\/wp-content\/uploads\/2026\/03\/WhatsApp-Image-2026-03-14-at-9.19.27-AM.jpeg?resize=640%2C480&#038;quality=100&#038;ssl=1\" alt=\"\" width=\"640\" height=\"480\" \/><figcaption id=\"caption-attachment-3048545\" class=\"wp-caption-text\">(Foto: Fuente externa)<\/figcaption><\/figure>\n<p data-start=\"1014\" data-end=\"1410\">El recorrido tambi\u00e9n cont\u00f3 con la presencia de la gobernadora provincial de Valverde, Marta Collado; el senador Odalis Rodr\u00edguez; los diputados Jos\u00e9 Valenzuela, Rub\u00e9n Pe\u00f1al\u00f3 y \u00c1ngela Rodr\u00edguez, as\u00ed como del alcalde del municipio de Laguna Salada, Germ\u00e1n Rodr\u00edguez, entre otras autoridades y personalidades locales, seg\u00fan inform\u00f3 el comunicador Brayan B\u00e1ez Fern\u00e1ndez.<\/p>\n<p data-start=\"1412\" data-end=\"1730\">Durante su intervenci\u00f3n, el ministro Salcedo valor\u00f3 el avance de la infraestructura cultural en la zona y destac\u00f3 que la entrega de los instrumentos musicales representa un paso importante para fortalecer la Banda Municipal, fomentando el arte, la cultura y la participaci\u00f3n de los j\u00f3venes en actividades formativas.<\/p>\n<p data-start=\"1732\" data-end=\"1981\">Esta actividad se enmarca dentro de las iniciativas del Ministerio de Cultura orientadas a promover el desarrollo cultural en todas las regiones del pa\u00eds y a apoyar a las agrupaciones musicales que contribuyen al patrimonio art\u00edstico nacional.<\/p>\n<p>La entrada <a href=\"https:\/\/elnuevodiario.com.do\/ministro-de-cultura-entrega-instrumentos-a-banda-municipal-y-fortalece-talento-artistico-juvenil-en-mao\/\">Ministro de Cultura entrega instrumentos a Banda Municipal y fortalece talento art\u00edstico juvenil en Mao<\/a> se public\u00f3 primero en <a href=\"https:\/\/elnuevodiario.com.do\">El Nuevo Diario (Rep\u00fablica Dominicana)<\/a>.<\/p>\n","protected":false},"excerpt":{"rendered":"<p>EL NUEVO DIARIO, MAO, VALVERDE. &#8211; El Ministro de Cultura, Roberto \u00c1ngel Salcedo Sanz, realiz\u00f3 este viernes una visita al municipio de Mao, provincia Valverde, donde sostuvo un encuentro con autoridades locales y recorri\u00f3 importantes espacios culturales de la ciudad. Durante su visita, el ministro se traslad\u00f3 a la Academia de M\u00fasicos, acompa\u00f1ado por la<\/p>\n","protected":false},"author":1,"featured_media":27590,"comment_status":"open","ping_status":"open","sticky":false,"template":"","format":"standard","meta":{"footnotes":""},"categories":[1],"tags":[],"class_list":["post-27589","post","type-post","status-publish","format-standard","has-post-thumbnail","hentry","category-nacionales"],"_links":{"self":[{"href":"https:\/\/acronoticias.com\/index.php\/wp-json\/wp\/v2\/posts\/27589","targetHints":{"allow":["GET"]}}],"collection":[{"href":"https:\/\/acronoticias.com\/index.php\/wp-json\/wp\/v2\/posts"}],"about":[{"href":"https:\/\/acronoticias.com\/index.php\/wp-json\/wp\/v2\/types\/post"}],"author":[{"embeddable":true,"href":"https:\/\/acronoticias.com\/index.php\/wp-json\/wp\/v2\/users\/1"}],"replies":[{"embeddable":true,"href":"https:\/\/acronoticias.com\/index.php\/wp-json\/wp\/v2\/comments?post=27589"}],"version-history":[{"count":0,"href":"https:\/\/acronoticias.com\/index.php\/wp-json\/wp\/v2\/posts\/27589\/revisions"}],"wp:featuredmedia":[{"embeddable":true,"href":"https:\/\/acronoticias.com\/index.php\/wp-json\/wp\/v2\/media\/27590"}],"wp:attachment":[{"href":"https:\/\/acronoticias.com\/index.php\/wp-json\/wp\/v2\/media?parent=27589"}],"wp:term":[{"taxonomy":"category","embeddable":true,"href":"https:\/\/acronoticias.com\/index.php\/wp-json\/wp\/v2\/categories?post=27589"},{"taxonomy":"post_tag","embeddable":true,"href":"https:\/\/acronoticias.com\/index.php\/wp-json\/wp\/v2\/tags?post=27589"}],"curies":[{"name":"wp","href":"https:\/\/api.w.org\/{rel}","templated":true}]}}