{"id":27585,"date":"2026-03-14T13:13:48","date_gmt":"2026-03-14T13:13:48","guid":{"rendered":"https:\/\/acronoticias.com\/index.php\/2026\/03\/14\/el-papa-vincula-la-credibilidad-de-las-instituciones-vaticanas-a-una-justicia-eficaz-e-imparcial\/"},"modified":"2026-03-14T13:13:48","modified_gmt":"2026-03-14T13:13:48","slug":"el-papa-vincula-la-credibilidad-de-las-instituciones-vaticanas-a-una-justicia-eficaz-e-imparcial","status":"publish","type":"post","link":"https:\/\/acronoticias.com\/index.php\/2026\/03\/14\/el-papa-vincula-la-credibilidad-de-las-instituciones-vaticanas-a-una-justicia-eficaz-e-imparcial\/","title":{"rendered":"El papa vincula la credibilidad de las instituciones vaticanas a una justicia eficaz e imparcial"},"content":{"rendered":"<p><img loading=\"lazy\" decoding=\"async\" width=\"355\" height=\"200\" src=\"https:\/\/nuevodiario-assets.s3.us-east-2.amazonaws.com\/wp-content\/uploads\/2026\/03\/papa-luis-marin-limosnero-355x200.webp\" class=\"webfeedsFeaturedVisual not-transparent wp-post-image\" alt=\"\" style=\"--dominant-color: #7e757f;margin-bottom: 5px;clear:both;max-width: 100%\" data-has-transparency=\"false\" data-dominant-color=\"7e757f\" \/><\/p>\n<p><strong>CIUDAD DEL VATICANO.<\/strong><strong data-start=\"309\" data-end=\"353\">\u2014<\/strong> El papa <strong data-start=\"362\" data-end=\"403\"><span class=\"hover:entity-accent entity-underline inline cursor-pointer align-baseline\"><span class=\"whitespace-normal\">Pope Leo XIV<\/span><\/span><\/strong> afirm\u00f3 este s\u00e1bado que la credibilidad de las instituciones vaticanas depende en gran medida de una justicia eficaz, imparcial y comprometida con la verdad. El pont\u00edfice hizo estas declaraciones durante la apertura del a\u00f1o judicial del <strong data-start=\"640\" data-end=\"681\"><span class=\"hover:entity-accent entity-underline inline cursor-pointer align-baseline\"><span class=\"whitespace-normal\">Tribunal del Estado de la Ciudad del Vaticano<\/span><\/span><\/strong>, en la <strong data-start=\"689\" data-end=\"730\"><span class=\"hover:entity-accent entity-underline inline cursor-pointer align-baseline\"><span class=\"whitespace-normal\">Ciudad del Vaticano<\/span><\/span><\/strong>.<\/p>\n<p data-start=\"733\" data-end=\"915\">Durante su discurso, el papa subray\u00f3 que el correcto funcionamiento del sistema judicial es fundamental para fortalecer la confianza social y garantizar la estabilidad institucional.<\/p>\n<p data-start=\"733\" data-end=\"915\">\u201cCuando la justicia es ejercida con integridad y fidelidad a la verdad, se convierte en un factor de estabilidad y de confianza dentro de la sociedad, generando como consecuencia natural la unidad\u201d, expres\u00f3.<\/p>\n<p data-start=\"1128\" data-end=\"1394\">El pont\u00edfice destac\u00f3 que, en el contexto del Vaticano, la administraci\u00f3n de justicia no se limita \u00fanicamente a resolver conflictos, sino que desempe\u00f1a un papel clave en la protecci\u00f3n del orden jur\u00eddico y en el fortalecimiento de la credibilidad de las instituciones.<\/p>\n<p data-start=\"1396\" data-end=\"1675\">Asimismo, enfatiz\u00f3 que principios como las garant\u00edas procesales, la imparcialidad de los jueces, el respeto al derecho de defensa y una duraci\u00f3n razonable de los procesos judiciales son condiciones indispensables para dotar de autoridad y legitimidad a la funci\u00f3n jurisdiccional.<\/p>\n<p data-start=\"1677\" data-end=\"1832\">\u201cLa administraci\u00f3n de la justicia contribuye tambi\u00e9n a la tutela de aquel valor de unidad que constituye un elemento esencial de la vida eclesial\u201d, se\u00f1al\u00f3.<\/p>\n<p data-start=\"1834\" data-end=\"2085\">El papa presidi\u00f3 esta ceremonia por primera vez desde su elecci\u00f3n como l\u00edder de la Iglesia cat\u00f3lica y asegur\u00f3 que la justicia, ejercida con equilibrio y fidelidad a la verdad, es uno de los pilares m\u00e1s s\u00f3lidos para preservar la unidad de la comunidad.<\/p>\n<p data-start=\"2087\" data-end=\"2325\">Adem\u00e1s, record\u00f3 que la labor judicial dentro de la Iglesia no debe entenderse \u00fanicamente como una aplicaci\u00f3n t\u00e9cnica de normas jur\u00eddicas, sino como un servicio que exige preparaci\u00f3n legal, sabidur\u00eda y una b\u00fasqueda permanente de la verdad.<\/p>\n<p data-start=\"2327\" data-end=\"2510\">\u201cDonde no hay verdadera justicia, tampoco puede existir un aut\u00e9ntico derecho, porque el derecho nace del reconocimiento de la verdad del ser y de la dignidad de cada persona\u201d, afirm\u00f3.<\/p>\n<p data-start=\"2512\" data-end=\"2812\">En su intervenci\u00f3n, el pont\u00edfice tambi\u00e9n evoc\u00f3 una ense\u00f1anza de <strong data-start=\"2576\" data-end=\"2617\"><span class=\"hover:entity-accent entity-underline inline cursor-pointer align-baseline\"><span class=\"whitespace-normal\">Augustine of Hippo<\/span><\/span><\/strong>, quien advert\u00eda que sin justicia es imposible gobernar adecuadamente un Estado y que, del mismo modo, no puede existir un verdadero orden jur\u00eddico en una sociedad donde la justicia est\u00e1 ausente.<\/p>\n<p data-start=\"2814\" data-end=\"3092\">Con este mensaje, el papa reafirm\u00f3 la importancia de un sistema judicial s\u00f3lido dentro del Vaticano, se\u00f1alando que la transparencia, la imparcialidad y la defensa de la verdad son elementos esenciales para sostener la legitimidad institucional y la confianza de los fieles.<\/p>\n<p>La entrada <a href=\"https:\/\/elnuevodiario.com.do\/el-papa-vincula-la-credibilidad-de-las-instituciones-vaticanas-a-una-justicia-eficaz-e-imparcial\/\">El papa vincula la credibilidad de las instituciones vaticanas a una justicia eficaz e imparcial<\/a> se public\u00f3 primero en <a href=\"https:\/\/elnuevodiario.com.do\">El Nuevo Diario (Rep\u00fablica Dominicana)<\/a>.<\/p>\n","protected":false},"excerpt":{"rendered":"<p>CIUDAD DEL VATICANO.\u2014 El papa Pope Leo XIV afirm\u00f3 este s\u00e1bado que la credibilidad de las instituciones vaticanas depende en gran medida de una justicia eficaz, imparcial y comprometida con la verdad. El pont\u00edfice hizo estas declaraciones durante la apertura del a\u00f1o judicial del Tribunal del Estado de la Ciudad del Vaticano, en la Ciudad<\/p>\n","protected":false},"author":1,"featured_media":27586,"comment_status":"open","ping_status":"open","sticky":false,"template":"","format":"standard","meta":{"footnotes":""},"categories":[3],"tags":[],"class_list":["post-27585","post","type-post","status-publish","format-standard","has-post-thumbnail","hentry","category-internacionales"],"_links":{"self":[{"href":"https:\/\/acronoticias.com\/index.php\/wp-json\/wp\/v2\/posts\/27585","targetHints":{"allow":["GET"]}}],"collection":[{"href":"https:\/\/acronoticias.com\/index.php\/wp-json\/wp\/v2\/posts"}],"about":[{"href":"https:\/\/acronoticias.com\/index.php\/wp-json\/wp\/v2\/types\/post"}],"author":[{"embeddable":true,"href":"https:\/\/acronoticias.com\/index.php\/wp-json\/wp\/v2\/users\/1"}],"replies":[{"embeddable":true,"href":"https:\/\/acronoticias.com\/index.php\/wp-json\/wp\/v2\/comments?post=27585"}],"version-history":[{"count":0,"href":"https:\/\/acronoticias.com\/index.php\/wp-json\/wp\/v2\/posts\/27585\/revisions"}],"wp:featuredmedia":[{"embeddable":true,"href":"https:\/\/acronoticias.com\/index.php\/wp-json\/wp\/v2\/media\/27586"}],"wp:attachment":[{"href":"https:\/\/acronoticias.com\/index.php\/wp-json\/wp\/v2\/media?parent=27585"}],"wp:term":[{"taxonomy":"category","embeddable":true,"href":"https:\/\/acronoticias.com\/index.php\/wp-json\/wp\/v2\/categories?post=27585"},{"taxonomy":"post_tag","embeddable":true,"href":"https:\/\/acronoticias.com\/index.php\/wp-json\/wp\/v2\/tags?post=27585"}],"curies":[{"name":"wp","href":"https:\/\/api.w.org\/{rel}","templated":true}]}}