{"id":27583,"date":"2026-03-14T13:04:50","date_gmt":"2026-03-14T13:04:50","guid":{"rendered":"https:\/\/acronoticias.com\/index.php\/2026\/03\/14\/anthony-franco-montero-apuesta-por-un-ejercicio-juridico-moderno-desde-su-firma-en-bani\/"},"modified":"2026-03-14T13:04:50","modified_gmt":"2026-03-14T13:04:50","slug":"anthony-franco-montero-apuesta-por-un-ejercicio-juridico-moderno-desde-su-firma-en-bani","status":"publish","type":"post","link":"https:\/\/acronoticias.com\/index.php\/2026\/03\/14\/anthony-franco-montero-apuesta-por-un-ejercicio-juridico-moderno-desde-su-firma-en-bani\/","title":{"rendered":"Anthony Franco Montero apuesta por un ejercicio jur\u00eddico moderno desde su firma en Ban\u00ed"},"content":{"rendered":"<p><img loading=\"lazy\" decoding=\"async\" width=\"355\" height=\"200\" src=\"https:\/\/nuevodiario-assets.s3.us-east-2.amazonaws.com\/wp-content\/uploads\/2026\/03\/WhatsApp-Image-2026-03-14-at-8.33.48-AM-355x200.jpeg\" class=\"webfeedsFeaturedVisual not-transparent wp-post-image\" alt=\"\" style=\"--dominant-color: #353130;margin-bottom: 5px;clear:both;max-width: 100%\" data-has-transparency=\"false\" data-dominant-color=\"353130\" \/><\/p>\n<p data-start=\"286\" data-end=\"678\">EL NUEVO DIARIO, BAN\u00cd.- El joven abogado <strong data-start=\"337\" data-end=\"363\">Anthony Franco Montero<\/strong>, fundador de la firma <strong data-start=\"386\" data-end=\"416\">Franco Montero y Asociados<\/strong>, contin\u00faa posicion\u00e1ndose como parte de una nueva generaci\u00f3n del ejercicio jur\u00eddico en la provincia Peravia, impulsando una visi\u00f3n moderna del derecho basada en la excelencia profesional, la cercan\u00eda con los clientes y la b\u00fasqueda de soluciones legales eficaces.<\/p>\n<p data-start=\"680\" data-end=\"1035\">Desde su despacho profesional, Franco Montero ha desarrollado una pr\u00e1ctica jur\u00eddica enfocada en \u00e1reas fundamentales del derecho, como <strong data-start=\"814\" data-end=\"891\">derecho civil, derecho laboral, derecho societario y derecho inmobiliario<\/strong>, ofreciendo asesor\u00eda y representaci\u00f3n legal tanto a ciudadanos como a empresas que requieren acompa\u00f1amiento jur\u00eddico responsable y estrat\u00e9gico.<\/p>\n<p data-start=\"1037\" data-end=\"1334\">En el \u00e1mbito del <strong data-start=\"1054\" data-end=\"1073\">derecho laboral<\/strong>, el jurista ha trabajado en la defensa de los derechos de trabajadores y empleadores en conflictos derivados de relaciones laborales, incluyendo reclamaciones de prestaciones laborales, indemnizaciones, despidos y otros procesos ante los tribunales de trabajo.<\/p>\n<p data-start=\"1336\" data-end=\"1603\">En materia de <strong data-start=\"1350\" data-end=\"1367\">derecho civil<\/strong>, su ejercicio profesional abarca reclamaciones de responsabilidad civil, demandas por da\u00f1os y perjuicios, conflictos contractuales y diversos procesos judiciales orientados a la protecci\u00f3n de los derechos patrimoniales de las personas.<\/p>\n<p data-start=\"1605\" data-end=\"1883\">Otro de los pilares de su pr\u00e1ctica profesional es el <strong data-start=\"1658\" data-end=\"1680\">derecho societario<\/strong>, desde donde ofrece asesor\u00eda a emprendedores y empresas en la constituci\u00f3n de sociedades comerciales, estructuraci\u00f3n de negocios, asesor\u00eda corporativa y fortalecimiento legal de proyectos empresariales.<\/p>\n<p data-start=\"1885\" data-end=\"2191\">Asimismo, en el \u00e1rea de <strong data-start=\"1909\" data-end=\"1933\">derecho inmobiliario<\/strong>, la firma <strong data-start=\"1944\" data-end=\"1974\">Franco Montero y Asociados<\/strong> brinda acompa\u00f1amiento en procesos de compra y venta de inmuebles, revisi\u00f3n y elaboraci\u00f3n de contratos, saneamiento y regularizaci\u00f3n de propiedades, as\u00ed como asesor\u00eda jur\u00eddica en inversiones y proyectos inmobiliarios.<\/p>\n<p data-start=\"2193\" data-end=\"2496\">Franco Montero ha manifestado que su visi\u00f3n profesional es promover un ejercicio del derecho m\u00e1s moderno, preventivo y accesible, donde la asesor\u00eda jur\u00eddica no solo se limite al litigio, sino que tambi\u00e9n contribuya a prevenir conflictos y fortalecer la seguridad jur\u00eddica de las personas y las empresas.<\/p>\n<p data-start=\"2498\" data-end=\"2769\">\u201cEl derecho debe ser una herramienta para proteger a las personas y brindar seguridad a las decisiones que toman en su vida personal y empresarial. Nuestro compromiso es ofrecer servicios jur\u00eddicos con \u00e9tica, responsabilidad y excelencia profesional\u201d, expres\u00f3 el abogado.<\/p>\n<p data-start=\"2771\" data-end=\"3046\">A trav\u00e9s de la firma <strong data-start=\"2792\" data-end=\"2822\">Franco Montero y Asociados<\/strong>, el joven jurista contin\u00faa consolidando un proyecto profesional orientado a fortalecer la confianza en los servicios legales, promover la seguridad jur\u00eddica y contribuir al desarrollo institucional y econ\u00f3mico de la regi\u00f3n.<\/p>\n<p>La entrada <a href=\"https:\/\/elnuevodiario.com.do\/anthony-franco-montero-apuesta-por-un-ejercicio-juridico-moderno-desde-su-firma-en-bani\/\">Anthony Franco Montero apuesta por un ejercicio jur\u00eddico moderno desde su firma en Ban\u00ed<\/a> se public\u00f3 primero en <a href=\"https:\/\/elnuevodiario.com.do\">El Nuevo Diario (Rep\u00fablica Dominicana)<\/a>.<\/p>\n","protected":false},"excerpt":{"rendered":"<p>EL NUEVO DIARIO, BAN\u00cd.- El joven abogado Anthony Franco Montero, fundador de la firma Franco Montero y Asociados, contin\u00faa posicion\u00e1ndose como parte de una nueva generaci\u00f3n del ejercicio jur\u00eddico en la provincia Peravia, impulsando una visi\u00f3n moderna del derecho basada en la excelencia profesional, la cercan\u00eda con los clientes y la b\u00fasqueda de soluciones legales<\/p>\n","protected":false},"author":1,"featured_media":27584,"comment_status":"open","ping_status":"open","sticky":false,"template":"","format":"standard","meta":{"footnotes":""},"categories":[1],"tags":[],"class_list":["post-27583","post","type-post","status-publish","format-standard","has-post-thumbnail","hentry","category-nacionales"],"_links":{"self":[{"href":"https:\/\/acronoticias.com\/index.php\/wp-json\/wp\/v2\/posts\/27583","targetHints":{"allow":["GET"]}}],"collection":[{"href":"https:\/\/acronoticias.com\/index.php\/wp-json\/wp\/v2\/posts"}],"about":[{"href":"https:\/\/acronoticias.com\/index.php\/wp-json\/wp\/v2\/types\/post"}],"author":[{"embeddable":true,"href":"https:\/\/acronoticias.com\/index.php\/wp-json\/wp\/v2\/users\/1"}],"replies":[{"embeddable":true,"href":"https:\/\/acronoticias.com\/index.php\/wp-json\/wp\/v2\/comments?post=27583"}],"version-history":[{"count":0,"href":"https:\/\/acronoticias.com\/index.php\/wp-json\/wp\/v2\/posts\/27583\/revisions"}],"wp:featuredmedia":[{"embeddable":true,"href":"https:\/\/acronoticias.com\/index.php\/wp-json\/wp\/v2\/media\/27584"}],"wp:attachment":[{"href":"https:\/\/acronoticias.com\/index.php\/wp-json\/wp\/v2\/media?parent=27583"}],"wp:term":[{"taxonomy":"category","embeddable":true,"href":"https:\/\/acronoticias.com\/index.php\/wp-json\/wp\/v2\/categories?post=27583"},{"taxonomy":"post_tag","embeddable":true,"href":"https:\/\/acronoticias.com\/index.php\/wp-json\/wp\/v2\/tags?post=27583"}],"curies":[{"name":"wp","href":"https:\/\/api.w.org\/{rel}","templated":true}]}}