{"id":27575,"date":"2026-03-14T12:12:42","date_gmt":"2026-03-14T12:12:42","guid":{"rendered":"https:\/\/acronoticias.com\/index.php\/2026\/03\/14\/cuba-confirma-un-dialogo-en-fases-iniciales-con-ee-uu-pero-aun-lejos-de-un-acuerdo\/"},"modified":"2026-03-14T12:12:42","modified_gmt":"2026-03-14T12:12:42","slug":"cuba-confirma-un-dialogo-en-fases-iniciales-con-ee-uu-pero-aun-lejos-de-un-acuerdo","status":"publish","type":"post","link":"https:\/\/acronoticias.com\/index.php\/2026\/03\/14\/cuba-confirma-un-dialogo-en-fases-iniciales-con-ee-uu-pero-aun-lejos-de-un-acuerdo\/","title":{"rendered":"Cuba confirma un \u00abdi\u00e1logo\u00bb en \u00abfases iniciales\u00bb con EE.UU., pero a\u00fan lejos de un acuerdo"},"content":{"rendered":"<p><img loading=\"lazy\" decoding=\"async\" width=\"355\" height=\"200\" src=\"https:\/\/nuevodiario-assets.s3.us-east-2.amazonaws.com\/wp-content\/uploads\/2026\/03\/Cuba-confirma-un-dialogo-en-fases-iniciales-con-EE.UU_.-pero-aun-lejos-de-un-acuerdo-355x200.jpg\" class=\"webfeedsFeaturedVisual not-transparent wp-post-image\" alt=\"\" style=\"--dominant-color: #5c4e52;margin-bottom: 5px;clear:both;max-width: 100%\" data-has-transparency=\"false\" data-dominant-color=\"5c4e52\" \/><\/p>\n<p style=\"margin-top: 0cm;text-align: justify\"><span style=\"font-family: 'Segoe UI',sans-serif;color: #344856\">Juan Palop<\/span><\/p>\n<p style=\"margin-top: 0cm;text-align: justify;margin-bottom: 1rem;line-height: 1.6rem\"><span style=\"font-family: 'Segoe UI',sans-serif;color: #344856\">LA HABANA. &#8211; El presidente de Cuba, Miguel D\u00edaz-Canel, reconoci\u00f3 este viernes un \u00abdi\u00e1logo\u00bb con EE.UU., tal y como Washington llevaba semanas afirmando, pero indic\u00f3 que se encuentra en \u00abfases iniciales\u00bb y que est\u00e1n \u00abalejados\u00bb de cualquier acuerdo.<\/span><\/p>\n<p style=\"margin-top: 0cm;text-align: justify;margin-bottom: 1rem;line-height: 1.6rem\"><span style=\"font-family: 'Segoe UI',sans-serif;color: #344856\">El anuncio supone un parteaguas en la escalada de tensiones entre ambos pa\u00edses a ra\u00edz del inicio del bloqueo petrolero de EE.UU. a Cuba, una medida que ha llevado al borde del colapso a la isla, que se encontraba ya en una grave crisis econ\u00f3mica, energ\u00e9tica y social.<\/span><\/p>\n<p style=\"margin-top: 0cm;text-align: justify;margin-bottom: 1rem;line-height: 1.6rem\"><span style=\"font-family: 'Segoe UI',sans-serif;color: #344856\">\u00abFuncionarios cubanos sostuvieron recientemente conversaciones con representantes del Gobierno de los Estados Unidos para buscar por la v\u00eda del di\u00e1logo la posible soluci\u00f3n a las diferencias bilaterales que existen\u00bb, afirm\u00f3 el presidente poco despu\u00e9s de que avanzara la noticia en un comunicado el Partido Comunista de Cuba (PCC, \u00fanico legal).<\/span><\/p>\n<p style=\"margin-top: 0cm;text-align: justify;margin-bottom: 1rem;line-height: 1.6rem\"><span style=\"font-family: 'Segoe UI',sans-serif;color: #344856\">El objetivo, agreg\u00f3, es \u00abdeterminar cu\u00e1les son los problemas bilaterales que necesitan soluci\u00f3n\u00bb, ver \u00abcu\u00e1les ser\u00edan las v\u00edas para solucionar esos problemas\u00bb y, en \u00faltimo lugar, \u00abdeterminar si hay voluntad para concretar por ambas partes acciones en beneficio de nuestros pueblos\u00bb.<\/span><\/p>\n<p style=\"margin-top: 0cm;text-align: justify;margin-bottom: 1rem;line-height: 1.6rem\"><span style=\"font-family: 'Segoe UI',sans-serif;color: #344856\">Indic\u00f3 que estas conversaciones implican un \u00abesfuerzo fundamental para poder avanzar en soluciones\u00bb, as\u00ed como la \u00abconstrucci\u00f3n de espacios de entendimiento\u00bb y \u00ab\u00e1reas de cooperaci\u00f3n\u00bb que permitan a ambos pa\u00edses \u00abavanzar en el entendimiento y alejarnos de la confrontaci\u00f3n\u00bb.<\/span><\/p>\n<p style=\"margin-top: 0cm;text-align: justify;margin-bottom: 1rem;line-height: 1.6rem\"><span style=\"font-family: 'Segoe UI',sans-serif;color: #344856\">\u00abEsto es un proceso muy sensible que se aborda con la discreci\u00f3n que lleva en cada momento, tambi\u00e9n con sensibilidad, con responsabilidad y con mucha seriedad\u00bb, subray\u00f3.<\/span><\/p>\n<p style=\"margin-top: 0cm;text-align: justify;margin-bottom: 1rem;line-height: 1.6rem\"><span style=\"font-family: 'Segoe UI',sans-serif;color: #344856\">D\u00edaz-Canel no detall\u00f3 qu\u00e9 temas puede contener la agenda de este di\u00e1logo ni los posibles puntos de fricci\u00f3n que, en cualquier negociaci\u00f3n, implicar\u00edan compromisos y cesiones por ambas partes.<\/span><\/p>\n<p style=\"margin-top: 0cm;text-align: justify;margin-bottom: 1rem;line-height: 1.6rem\"><span style=\"font-family: 'Segoe UI',sans-serif;color: #344856\">El presidente agreg\u00f3 que en estos \u00abintercambios\u00bb, la parte cubana ha expresado \u00abla voluntad\u00bb de que las conversaciones se realicen \u00absobre bases de igualdad y respeto a los sistemas pol\u00edticos de ambos estados, a la soberan\u00eda y la autodeterminaci\u00f3n\u00bb de ambos Gobiernos.<\/span><\/p>\n<p style=\"margin-top: 0cm;text-align: justify;margin-bottom: 1rem;line-height: 1.6rem\"><span style=\"font-family: 'Segoe UI',sans-serif;color: #344856\">D\u00edaz-Canel agradeci\u00f3 a los \u00abactores internacionales\u00bb que \u00abfavorecieron\u00bb estos contactos, aunque no cit\u00f3 expresamente a ninguno.<\/span><\/p>\n<p style=\"margin-top: 0cm;text-align: justify;margin-bottom: 1rem;line-height: 1.6rem\"><span style=\"font-family: 'Segoe UI',sans-serif;color: #344856\">El Gobierno mexicano se hab\u00eda ofrecido en varias ocasiones a mediar y este jueves trascendi\u00f3 que unas conversaciones con el Vaticano hab\u00edan llevado a La Habana a decidir la excarcelaci\u00f3n de 51 presos.<\/span><\/p>\n<p style=\"margin-top: 0cm;text-align: justify;margin-bottom: 1rem;line-height: 1.6rem\"><span style=\"font-family: 'Segoe UI',sans-serif;color: #344856\">En este sentido, la ONG Prisoners Defenders indic\u00f3 este viernes que tiene constancia ya de al menos cinco excarcelaciones en las \u00faltimas horas.<\/span><\/p>\n<p style=\"margin-top: 0cm;text-align: justify;margin-bottom: 1rem;line-height: 1.6rem\"><span style=\"font-family: 'Segoe UI',sans-serif;color: #344856\">Seg\u00fan sus registros de finales de febrero, Cuba manten\u00eda en la c\u00e1rcel a un total de 1.214 presos por motivos pol\u00edticos.<\/span><\/p>\n<p style=\"margin-top: 0cm;text-align: justify;margin-bottom: 1rem;line-height: 1.6rem\"><b><span style=\"font-family: 'Segoe UI',sans-serif;color: #344856\">Decisi\u00f3n \u00abcolegiada\u00bb<\/span><\/b><\/p>\n<p style=\"margin-top: 0cm;text-align: justify;margin-bottom: 1rem;line-height: 1.6rem\"><span style=\"font-family: 'Segoe UI',sans-serif;color: #344856\">El presidente asegur\u00f3 que la decisi\u00f3n de iniciar esos contactos con EE.UU. se tom\u00f3 \u00abde forma colegiada\u00bb entre el expresidente Ra\u00fal Castro -que es el gran referente pol\u00edtico del pa\u00eds pese a no ocupar cargos formales-, \u00e9l mismo y miembros del Gobierno, el Estado y el Partido Comunista de Cuba (PCC, \u00fanico legal).<\/span><\/p>\n<p style=\"margin-top: 0cm;text-align: justify;margin-bottom: 1rem;line-height: 1.6rem\"><span style=\"font-family: 'Segoe UI',sans-serif;color: #344856\">De forma significativa, en el anuncio estuvo presente Ra\u00fal Guillermo Rodr\u00edguez Castro, nieto de Ra\u00fal Castro sin cargos institucionales relevantes pero que varios medios han se\u00f1alado en las \u00faltimas semanas como el l\u00edder de la parte cubana en los primeros contactos con EE.UU.<\/span><\/p>\n<p style=\"margin-top: 0cm;text-align: justify;margin-bottom: 1rem;line-height: 1.6rem\"><span style=\"font-family: 'Segoe UI',sans-serif;color: #344856\">Rodr\u00edguez, responsable de la seguridad personal de su abuelo y aparentemente muy cercano al expresidente, no ha participado hasta este viernes en actos pol\u00edticos de este tipo y su papel se limitaba a acompa\u00f1ar al expresidente, en un discreto segundo plano, en su escasa actividad p\u00fablica.<\/span><\/p>\n<p style=\"margin-top: 0cm;text-align: justify;margin-bottom: 1rem;line-height: 1.6rem\"><span style=\"font-family: 'Segoe UI',sans-serif;color: #344856\">Diaz-Canel tambi\u00e9n explic\u00f3 en su comparecencia que las autoridades cubanas esperan una visita de agentes de la Oficina Federal de Investigaciones (FBI) de EE.UU. para colaborar en el esclarecimiento del incidente de la lancha procedente de EE.UU. en el que murieron cinco personas.<\/span><\/p>\n<p style=\"margin-top: 0cm;text-align: justify;margin-bottom: 1rem;line-height: 1.6rem\"><span style=\"font-family: 'Segoe UI',sans-serif;color: #344856\">Este hecho, ocurrido el pasado 25 de febrero, que Cuba calific\u00f3 de \u00abinfiltraci\u00f3n con fines terroristas\u00bb, pudo llegar a suponer un motivo m\u00e1s de tensi\u00f3n pol\u00edtica dentro de la escalada entre La Habana y Washington.<\/span><\/p>\n<p style=\"margin-top: 0cm;text-align: justify;margin-bottom: 1rem;line-height: 1.6rem\"><span style=\"font-family: 'Segoe UI',sans-serif;color: #344856\">EE.UU. ha elevado en los \u00faltimos meses de forma cualitativa la presi\u00f3n sobre Cuba bloqueando la entrada de importaciones de petr\u00f3leo a la isla, que tan s\u00f3lo produce un tercio del crudo que precisa para satisfacer sus necesidades energ\u00e9ticas.<\/span><\/p>\n<p style=\"margin-top: 0cm;text-align: justify;margin-bottom: 1rem;line-height: 1.6rem\"><span style=\"font-family: 'Segoe UI',sans-serif;color: #344856\">El presidente de EE.UU., Donald Trump, hab\u00eda asegurado en varias ocasiones durante las \u00faltimas semanas que representantes de su Ejecutivo estaban manteniendo contactos con autoridades cubanas e inst\u00f3 a La Habana a cerrar un acuerdo antes de que fuera demasiado tarde.<\/span><\/p>\n<p style=\"margin-top: 0cm;text-align: justify;margin-bottom: 1rem;line-height: 1.6rem\"><span style=\"font-family: 'Segoe UI',sans-serif;color: #344856\">El Gobierno cubano neg\u00f3 en varias ocasiones estas conversaciones, pero dej\u00f3 de hacerlo en las \u00faltimas semanas. <\/span><\/p>\n<p>La entrada <a href=\"https:\/\/elnuevodiario.com.do\/cuba-confirma-un-dialogo-en-fases-iniciales-con-ee-uu-pero-aun-lejos-de-un-acuerdo\/\">Cuba confirma un \u00abdi\u00e1logo\u00bb en \u00abfases iniciales\u00bb con EE.UU., pero a\u00fan lejos de un acuerdo<\/a> se public\u00f3 primero en <a href=\"https:\/\/elnuevodiario.com.do\">El Nuevo Diario (Rep\u00fablica Dominicana)<\/a>.<\/p>\n","protected":false},"excerpt":{"rendered":"<p>Juan Palop LA HABANA. &#8211; El presidente de Cuba, Miguel D\u00edaz-Canel, reconoci\u00f3 este viernes un \u00abdi\u00e1logo\u00bb con EE.UU., tal y como Washington llevaba semanas afirmando, pero indic\u00f3 que se encuentra en \u00abfases iniciales\u00bb y que est\u00e1n \u00abalejados\u00bb de cualquier acuerdo. El anuncio supone un parteaguas en la escalada de tensiones entre ambos pa\u00edses a ra\u00edz<\/p>\n","protected":false},"author":1,"featured_media":27576,"comment_status":"open","ping_status":"open","sticky":false,"template":"","format":"standard","meta":{"footnotes":""},"categories":[3],"tags":[],"class_list":["post-27575","post","type-post","status-publish","format-standard","has-post-thumbnail","hentry","category-internacionales"],"_links":{"self":[{"href":"https:\/\/acronoticias.com\/index.php\/wp-json\/wp\/v2\/posts\/27575","targetHints":{"allow":["GET"]}}],"collection":[{"href":"https:\/\/acronoticias.com\/index.php\/wp-json\/wp\/v2\/posts"}],"about":[{"href":"https:\/\/acronoticias.com\/index.php\/wp-json\/wp\/v2\/types\/post"}],"author":[{"embeddable":true,"href":"https:\/\/acronoticias.com\/index.php\/wp-json\/wp\/v2\/users\/1"}],"replies":[{"embeddable":true,"href":"https:\/\/acronoticias.com\/index.php\/wp-json\/wp\/v2\/comments?post=27575"}],"version-history":[{"count":0,"href":"https:\/\/acronoticias.com\/index.php\/wp-json\/wp\/v2\/posts\/27575\/revisions"}],"wp:featuredmedia":[{"embeddable":true,"href":"https:\/\/acronoticias.com\/index.php\/wp-json\/wp\/v2\/media\/27576"}],"wp:attachment":[{"href":"https:\/\/acronoticias.com\/index.php\/wp-json\/wp\/v2\/media?parent=27575"}],"wp:term":[{"taxonomy":"category","embeddable":true,"href":"https:\/\/acronoticias.com\/index.php\/wp-json\/wp\/v2\/categories?post=27575"},{"taxonomy":"post_tag","embeddable":true,"href":"https:\/\/acronoticias.com\/index.php\/wp-json\/wp\/v2\/tags?post=27575"}],"curies":[{"name":"wp","href":"https:\/\/api.w.org\/{rel}","templated":true}]}}