{"id":27569,"date":"2026-03-14T11:00:41","date_gmt":"2026-03-14T11:00:41","guid":{"rendered":"https:\/\/acronoticias.com\/index.php\/2026\/03\/14\/leonel-fernandez-destaca-blanqueada-de-rd-a-corea-y-celebra-vamos-republica-dominicana\/"},"modified":"2026-03-14T11:00:41","modified_gmt":"2026-03-14T11:00:41","slug":"leonel-fernandez-destaca-blanqueada-de-rd-a-corea-y-celebra-vamos-republica-dominicana","status":"publish","type":"post","link":"https:\/\/acronoticias.com\/index.php\/2026\/03\/14\/leonel-fernandez-destaca-blanqueada-de-rd-a-corea-y-celebra-vamos-republica-dominicana\/","title":{"rendered":"Leonel Fern\u00e1ndez destaca blanqueada de RD a Corea y celebra: \u201c\u00a1Vamos Rep\u00fablica Dominicana!\u201d"},"content":{"rendered":"<p><img decoding=\"async\" width=\"355\" height=\"200\" src=\"https:\/\/nuevodiario-assets.s3.us-east-2.amazonaws.com\/wp-content\/uploads\/2026\/03\/Leonel-Fernandez-destaca-blanqueada-de-RD-a-Corea-y-celebra-%C2%A1Vamos-Republica-Dominicana-355x200.jpg\" class=\"webfeedsFeaturedVisual not-transparent wp-post-image\" alt=\"\" style=\"--dominant-color: #6c7d8e;margin-bottom: 5px;clear:both;max-width: 100%\" loading=\"lazy\" data-has-transparency=\"false\" data-dominant-color=\"6c7d8e\" \/><\/p>\n<p>EL NUEVO DIARIO, SANTO DOMINGO. &#8211; El expresidente de la Rep\u00fablica, <span class=\"hover:entity-accent entity-underline inline cursor-pointer align-baseline\"><span class=\"whitespace-normal\">Leonel Fern\u00e1ndez<\/span><\/span>, reaccion\u00f3 la noche de este viernes a la victoria de la selecci\u00f3n dominicana frente a Corea del Sur en el <span class=\"hover:entity-accent entity-underline inline cursor-pointer align-baseline\"><span class=\"whitespace-normal\">Cl\u00e1sico Mundial de B\u00e9isbol 2026<\/span><\/span>, destacando el desempe\u00f1o del equipo nacional y el orgullo que genera en el pa\u00eds.<\/p>\n<div class=\"text-base my-auto mx-auto [--thread-content-margin:var(--thread-content-margin-xs,calc(var(--spacing)*4))] @w-sm\/main:[--thread-content-margin:var(--thread-content-margin-sm,calc(var(--spacing)*6))] @w-lg\/main:[--thread-content-margin:var(--thread-content-margin-lg,calc(var(--spacing)*16))] px-(--thread-content-margin)\">\n<div class=\"[--thread-content-max-width:40rem] @w-lg\/main:[--thread-content-max-width:48rem] mx-auto max-w-(--thread-content-max-width) flex-1 group\/turn-messages focus-visible:outline-hidden relative flex w-full min-w-0 flex-col agent-turn\">\n<div class=\"flex max-w-full flex-col gap-4 grow\">\n<div class=\"min-h-8 text-message relative flex w-full flex-col items-end gap-2 text-start break-words whitespace-normal [.text-message+&amp;]:mt-1\" dir=\"auto\" data-message-author-role=\"assistant\" data-message-id=\"098de47f-e944-49e6-b729-f55f6750b7ce\" data-message-model-slug=\"gpt-5-3\">\n<div class=\"flex w-full flex-col gap-1 empty:hidden\">\n<div class=\"markdown prose dark:prose-invert w-full wrap-break-word light markdown-new-styling\">\n<p data-start=\"379\" data-end=\"529\">A trav\u00e9s de su cuenta en la red social X, Fern\u00e1ndez calific\u00f3 el resultado como una \u201ccontundente victoria\u201d de la selecci\u00f3n dominicana en el torneo.<\/p>\n<p data-start=\"531\" data-end=\"853\">\u201cContundente victoria de la Selecci\u00f3n de B\u00e9isbol de la Rep\u00fablica Dominicana en el Cl\u00e1sico Mundial de B\u00e9isbol. Nuestros peloteros lograron una hist\u00f3rica blanqueada de 10 carreras por 0 frente a la Selecci\u00f3n de B\u00e9isbol de Corea del Sur, demostrando talento, disciplina y un extraordinario esp\u00edritu competitivo\u201d, expres\u00f3.<\/p>\n<p data-start=\"855\" data-end=\"1048\">El tambi\u00e9n presidente del partido <span class=\"hover:entity-accent entity-underline inline cursor-pointer align-baseline\"><span class=\"whitespace-normal\">Fuerza del Pueblo<\/span><\/span> se\u00f1al\u00f3 que con este resultado el equipo dominicano avanza a la semifinal del torneo, llevando alegr\u00eda a todo el pa\u00eds.<\/p>\n<p data-start=\"1050\" data-end=\"1216\" data-is-last-node=\"\" data-is-only-node=\"\">\u201cCon este triunfo avanzamos a la semifinal, llevando alegr\u00eda y orgullo a todo el pueblo dominicano. \u00a1Vamos Rep\u00fablica Dominicana!\u201d, dijo el exmandatario.<\/p>\n<\/div>\n<\/div>\n<\/div>\n<\/div>\n<\/div>\n<\/div>\n<blockquote class=\"twitter-tweet\">\n<p dir=\"ltr\" lang=\"es\">Contundente victoria de la Selecci\u00f3n de B\u00e9isbol de la Rep\u00fablica Dominicana en el Cl\u00e1sico Mundial de B\u00e9isbol. \ud83c\udde9\ud83c\uddf4\u26be<\/p>\n<p>Nuestros peloteros lograron una hist\u00f3rica blanqueada de 10 carreras por 0 frente a la Selecci\u00f3n de B\u00e9isbol de Corea del Sur, demostrando talento, disciplina y un\u2026<\/p>\n<p>\u2014 Leonel Fern\u00e1ndez (@LeonelFernandez) <a href=\"https:\/\/twitter.com\/LeonelFernandez\/status\/2032628784176783767?ref_src=twsrc%5Etfw\">March 14, 2026<\/a><\/p>\n<\/blockquote>\n<p>La entrada <a href=\"https:\/\/elnuevodiario.com.do\/leonel-fernandez-destaca-blanqueada-de-rd-a-corea-y-celebra-vamos-republica-dominicana\/\">Leonel Fern\u00e1ndez destaca blanqueada de RD a Corea y celebra: \u201c\u00a1Vamos Rep\u00fablica Dominicana!\u201d<\/a> se public\u00f3 primero en <a href=\"https:\/\/elnuevodiario.com.do\">El Nuevo Diario (Rep\u00fablica Dominicana)<\/a>.<\/p>\n<p><script async src=\"https:\/\/platform.twitter.com\/widgets.js\" charset=\"utf-8\"><\/script><\/p>\n","protected":false},"excerpt":{"rendered":"<p>EL NUEVO DIARIO, SANTO DOMINGO. &#8211; El expresidente de la Rep\u00fablica, Leonel Fern\u00e1ndez, reaccion\u00f3 la noche de este viernes a la victoria de la selecci\u00f3n dominicana frente a Corea del Sur en el Cl\u00e1sico Mundial de B\u00e9isbol 2026, destacando el desempe\u00f1o del equipo nacional y el orgullo que genera en el pa\u00eds. A trav\u00e9s de<\/p>\n","protected":false},"author":1,"featured_media":27570,"comment_status":"open","ping_status":"open","sticky":false,"template":"","format":"standard","meta":{"footnotes":""},"categories":[2],"tags":[],"class_list":["post-27569","post","type-post","status-publish","format-standard","has-post-thumbnail","hentry","category-deporte"],"_links":{"self":[{"href":"https:\/\/acronoticias.com\/index.php\/wp-json\/wp\/v2\/posts\/27569","targetHints":{"allow":["GET"]}}],"collection":[{"href":"https:\/\/acronoticias.com\/index.php\/wp-json\/wp\/v2\/posts"}],"about":[{"href":"https:\/\/acronoticias.com\/index.php\/wp-json\/wp\/v2\/types\/post"}],"author":[{"embeddable":true,"href":"https:\/\/acronoticias.com\/index.php\/wp-json\/wp\/v2\/users\/1"}],"replies":[{"embeddable":true,"href":"https:\/\/acronoticias.com\/index.php\/wp-json\/wp\/v2\/comments?post=27569"}],"version-history":[{"count":0,"href":"https:\/\/acronoticias.com\/index.php\/wp-json\/wp\/v2\/posts\/27569\/revisions"}],"wp:featuredmedia":[{"embeddable":true,"href":"https:\/\/acronoticias.com\/index.php\/wp-json\/wp\/v2\/media\/27570"}],"wp:attachment":[{"href":"https:\/\/acronoticias.com\/index.php\/wp-json\/wp\/v2\/media?parent=27569"}],"wp:term":[{"taxonomy":"category","embeddable":true,"href":"https:\/\/acronoticias.com\/index.php\/wp-json\/wp\/v2\/categories?post=27569"},{"taxonomy":"post_tag","embeddable":true,"href":"https:\/\/acronoticias.com\/index.php\/wp-json\/wp\/v2\/tags?post=27569"}],"curies":[{"name":"wp","href":"https:\/\/api.w.org\/{rel}","templated":true}]}}