{"id":27561,"date":"2026-03-14T08:09:05","date_gmt":"2026-03-14T08:09:05","guid":{"rendered":"https:\/\/acronoticias.com\/index.php\/2026\/03\/14\/cuba-confirma-dialogo-con-eeuu-esta-fases-iniciales\/"},"modified":"2026-03-14T08:09:05","modified_gmt":"2026-03-14T08:09:05","slug":"cuba-confirma-dialogo-con-eeuu-esta-fases-iniciales","status":"publish","type":"post","link":"https:\/\/acronoticias.com\/index.php\/2026\/03\/14\/cuba-confirma-dialogo-con-eeuu-esta-fases-iniciales\/","title":{"rendered":"Cuba confirma di\u00e1logo con EEUU est\u00e1 \u201cfases iniciales\u201d"},"content":{"rendered":"<div>\n<div class=\"c-detail__author full\">\n<div>\n<div class=\"c-detail__author__thumb\">\n<figure>\n                                <picture src=\"https:\/\/imagenes.hoy.com.do\/files\/image_square_xs\/uploads\/2025\/11\/18\/691c7d5bed035.jpeg\" data-size=\"w:40,h:40\">\n                                    <img decoding=\"async\" loading=\"lazy\" alt=\"EFE EFE\" width=\"40\" height=\"40\" src=\"https:\/\/imagenes.hoy.com.do\/files\/image_square_xs\/uploads\/2025\/11\/18\/691c7d5bed035.jpeg\"\/>\n                                <\/picture>\n                                <\/figure>\n<\/div>\n<\/div>\n<\/div>\n<p>                                                                                            <!-- --><\/p>\n<p class=\"paragraph\">El presidente de Cuba, <b>Miguel D\u00edaz-Canel<\/b>, reconoci\u00f3 ayer,  viernes, un \u201cdi\u00e1logo\u201d con EE.UU., tal y como Washington llevaba semanas afirmando, pero indic\u00f3 que se encuentra en \u201cfases iniciales\u201d y que est\u00e1n \u201calejados\u201d de cualquier acuerdo.   El anuncio supone un parteaguas en la escalada de tensiones entre ambos pa\u00edses a ra\u00edz del inicio del bloqueo petrolero de EE.UU. a Cuba, una medida que ha llevado al borde del colapso a la isla, que se encontraba ya en una <b>grave crisis econ\u00f3mica, energ\u00e9tica y socia<\/b>l.<\/p>\n<p class=\"paragraph\">\u201cFuncionarios cubanos sostuvieron recientemente conversaciones con representantes del Gobierno de los Estados Unidos para buscar por la v\u00eda del di\u00e1logo la posible soluci\u00f3n a las diferencias bilaterales que existen\u201d, afirm\u00f3 el presidente poco despu\u00e9s de que avanzara la noticia en un comunicado el <b>Partido Comunista de Cuba (PCC, \u00fanico legal)<\/b>.   El objetivo, agreg\u00f3, es \u201cdeterminar cu\u00e1les son los problemas bilaterales que necesitan soluci\u00f3n\u201d, ver \u201ccu\u00e1les ser\u00edan las v\u00edas para solucionar esos problemas\u201d.\u00a0<\/p>\n<div class=\"c-detail__box \">\n<article class=\"c-detail__sumario \">\n<figure class=\"c-detail__sumario__thumb\" style=\"display: block;\">\n            <a href=\"#\" title=\"\">\n                <picture data-size=\"w:140,h:140\" loading=\"lazy\" src=\"https:\/\/imagenes.hoy.com.do\/files\/related_image\/uploads\/2025\/12\/03\/69301cbf738b5.jpeg\" data-full-src=\"https:\/\/imagenes.hoy.com.do\/uploads\/2025\/12\/03\/69301cbf738b5.jpeg\">\n                    <img loading=\"lazy\" decoding=\"async\" width=\"140\" height=\"140\" alt=\"tlmd-tras-las-rejas-prision-carcel-generica-shutterstock_222513775-1024\u00d7576\" src=\"https:\/\/imagenes.hoy.com.do\/uploads\/2025\/12\/03\/69301cbf738b5.jpeg\"\/>\n                <\/picture>\n            <\/a><br \/>\n        <\/figure>\n<\/article>\n<\/div>\n<\/div>\n","protected":false},"excerpt":{"rendered":"<p>El presidente de Cuba, Miguel D\u00edaz-Canel, reconoci\u00f3 ayer, viernes, un \u201cdi\u00e1logo\u201d con EE.UU., tal y como Washington llevaba semanas afirmando, pero indic\u00f3 que se encuentra en \u201cfases iniciales\u201d y que est\u00e1n \u201calejados\u201d de cualquier acuerdo. El anuncio supone un parteaguas en la escalada de tensiones entre ambos pa\u00edses a ra\u00edz del inicio del bloqueo petrolero<\/p>\n","protected":false},"author":1,"featured_media":27562,"comment_status":"open","ping_status":"open","sticky":false,"template":"","format":"standard","meta":{"footnotes":""},"categories":[3],"tags":[],"class_list":["post-27561","post","type-post","status-publish","format-standard","has-post-thumbnail","hentry","category-internacionales"],"_links":{"self":[{"href":"https:\/\/acronoticias.com\/index.php\/wp-json\/wp\/v2\/posts\/27561","targetHints":{"allow":["GET"]}}],"collection":[{"href":"https:\/\/acronoticias.com\/index.php\/wp-json\/wp\/v2\/posts"}],"about":[{"href":"https:\/\/acronoticias.com\/index.php\/wp-json\/wp\/v2\/types\/post"}],"author":[{"embeddable":true,"href":"https:\/\/acronoticias.com\/index.php\/wp-json\/wp\/v2\/users\/1"}],"replies":[{"embeddable":true,"href":"https:\/\/acronoticias.com\/index.php\/wp-json\/wp\/v2\/comments?post=27561"}],"version-history":[{"count":0,"href":"https:\/\/acronoticias.com\/index.php\/wp-json\/wp\/v2\/posts\/27561\/revisions"}],"wp:featuredmedia":[{"embeddable":true,"href":"https:\/\/acronoticias.com\/index.php\/wp-json\/wp\/v2\/media\/27562"}],"wp:attachment":[{"href":"https:\/\/acronoticias.com\/index.php\/wp-json\/wp\/v2\/media?parent=27561"}],"wp:term":[{"taxonomy":"category","embeddable":true,"href":"https:\/\/acronoticias.com\/index.php\/wp-json\/wp\/v2\/categories?post=27561"},{"taxonomy":"post_tag","embeddable":true,"href":"https:\/\/acronoticias.com\/index.php\/wp-json\/wp\/v2\/tags?post=27561"}],"curies":[{"name":"wp","href":"https:\/\/api.w.org\/{rel}","templated":true}]}}