{"id":27559,"date":"2026-03-14T07:57:47","date_gmt":"2026-03-14T07:57:47","guid":{"rendered":"https:\/\/acronoticias.com\/index.php\/2026\/03\/14\/tatis-en-the-players-tribune-representar-a-republica-dominicana-es-algo-que-no-se-puede-explicar\/"},"modified":"2026-03-14T07:57:47","modified_gmt":"2026-03-14T07:57:47","slug":"tatis-en-the-players-tribune-representar-a-republica-dominicana-es-algo-que-no-se-puede-explicar","status":"publish","type":"post","link":"https:\/\/acronoticias.com\/index.php\/2026\/03\/14\/tatis-en-the-players-tribune-representar-a-republica-dominicana-es-algo-que-no-se-puede-explicar\/","title":{"rendered":"Tatis en The Player\u2019s Tribune: \u201cRepresentar a Rep\u00fablica Dominicana es algo que no se puede explicar\u201d"},"content":{"rendered":"<p><img decoding=\"async\" width=\"355\" height=\"200\" src=\"https:\/\/nuevodiario-assets.s3.us-east-2.amazonaws.com\/wp-content\/uploads\/2026\/01\/Fedom-confirma-a-Fernando-Tatis-Jr.-para-el-Clasico-Mundial-2026-355x200.jpg\" class=\"webfeedsFeaturedVisual not-transparent wp-post-image\" alt=\"\" style=\"--dominant-color: #9b737c;margin-bottom: 5px;clear:both;max-width: 100%\" loading=\"lazy\" data-has-transparency=\"false\" data-dominant-color=\"9b737c\" \/><\/p>\n<p>EL NUEVO DIARIO, REDACCI\u00d3N DEPORTES. &#8211; Fernando Tatis Jr. expres\u00f3 su profunda conexi\u00f3n con el b\u00e9isbol dominicano y la emoci\u00f3n de representar al pa\u00eds en el Cl\u00e1sico Mundial de B\u00e9isbol.<\/p>\n<p>En un art\u00edculo publicado en The Players\u2019 Tribune, el joven torpedero comparti\u00f3 sus experiencias y recuerdos que lo llevaron a convertirse en uno de los talentos m\u00e1s destacados del b\u00e9isbol mundial.\u00a0\u201cVestir la camiseta de la Rep\u00fablica Dominicana y jugar para nuestra selecci\u00f3n nacional es uno de los mayores logros de mi vida. El simple hecho de tener la oportunidad de representar a mi pa\u00eds, de representarlos a ustedes, ante el mundo entero es algo dif\u00edcil de describir\u201d, afirm\u00f3 Tatis Jr.<\/p>\n<p>El pelotero record\u00f3 su infancia en San Pedro de Macor\u00eds, donde empez\u00f3 a so\u00f1ar con el b\u00e9isbol profesional desde los ocho a\u00f1os. \u201cMis amigos y yo luc\u00edamos las rodillas raspadas y los codos magullados como insignias de honor. Para nosotros, se trataba de jugar con emoci\u00f3n y pasi\u00f3n al m\u00e1ximo nivel\u201d, narr\u00f3.<\/p>\n<p>Tatis Jr. destac\u00f3 la influencia de su familia en su carrera. \u201cTodo comenz\u00f3 a finales de los 60 con mi abuelo, Fernando Antonio Tatis, quien se abri\u00f3 camino a trav\u00e9s del sistema de los Astros de Houston hasta llegar a Triple-A. \u00c9l le transmiti\u00f3 su pasi\u00f3n a mi padre, Fernando Tatis Sr., quien lleg\u00f3 a las Grandes Ligas y puso nuestro apellido en los libros de r\u00e9cords con dos grand slams en la misma entrada en 1999. El arduo trabajo y la entrega de mi padre fueron un ejemplo para m\u00ed y mis hermanos Elijah y Daniel\u201d.<\/p>\n<p>Sobre la esencia del b\u00e9isbol dominicano, se\u00f1al\u00f3: \u201cEse tipo de b\u00e9isbol, nuestro b\u00e9isbol, es \u00fanico. No es peque\u00f1o. No es silencioso. Es un pueblo entero paralizado para ver un partido. Es la m\u00fasica, las canciones, la forma en que bailamos, c\u00f3mo sentimos el ritmo\u2026 todo eso se refleja en mi forma de jugar\u201d.<\/p>\n<p>El joven estrella asegur\u00f3 que su pasi\u00f3n tambi\u00e9n proviene de la crianza que recibi\u00f3: \u201cMi madre me transmiti\u00f3 alegr\u00eda y energ\u00eda; mi padre me inculc\u00f3 respeto y perseverancia. Sin duda, mi pa\u00eds me form\u00f3 como persona, tanto dentro como fuera del campo\u201d.<\/p>\n<p>Adem\u00e1s, Tatis Jr. se dirigi\u00f3 a los j\u00f3venes peloteros de Rep\u00fablica Dominicana: \u201cCuando me vean pisar el campo, sepan que juego para ustedes. Juego con la alegr\u00eda que me ha dado mi pa\u00eds y la pasi\u00f3n que mi familia me ha transmitido. Juego para mostrarle al mundo de qu\u00e9 se trata realmente el b\u00e9isbol dominicano\u201d.<\/p>\n<p>&nbsp;<\/p>\n<p>La entrada <a href=\"https:\/\/elnuevodiario.com.do\/tatis-en-the-players-tribune-representar-a-republica-dominicana-es-algo-que-no-se-puede-explicar\/\">Tatis en The Player\u2019s Tribune: \u201cRepresentar a Rep\u00fablica Dominicana es algo que no se puede explicar\u201d<\/a> se public\u00f3 primero en <a href=\"https:\/\/elnuevodiario.com.do\">El Nuevo Diario (Rep\u00fablica Dominicana)<\/a>.<\/p>\n","protected":false},"excerpt":{"rendered":"<p>EL NUEVO DIARIO, REDACCI\u00d3N DEPORTES. &#8211; Fernando Tatis Jr. expres\u00f3 su profunda conexi\u00f3n con el b\u00e9isbol dominicano y la emoci\u00f3n de representar al pa\u00eds en el Cl\u00e1sico Mundial de B\u00e9isbol. En un art\u00edculo publicado en The Players\u2019 Tribune, el joven torpedero comparti\u00f3 sus experiencias y recuerdos que lo llevaron a convertirse en uno de los<\/p>\n","protected":false},"author":1,"featured_media":27560,"comment_status":"open","ping_status":"open","sticky":false,"template":"","format":"standard","meta":{"footnotes":""},"categories":[2],"tags":[],"class_list":["post-27559","post","type-post","status-publish","format-standard","has-post-thumbnail","hentry","category-deporte"],"_links":{"self":[{"href":"https:\/\/acronoticias.com\/index.php\/wp-json\/wp\/v2\/posts\/27559","targetHints":{"allow":["GET"]}}],"collection":[{"href":"https:\/\/acronoticias.com\/index.php\/wp-json\/wp\/v2\/posts"}],"about":[{"href":"https:\/\/acronoticias.com\/index.php\/wp-json\/wp\/v2\/types\/post"}],"author":[{"embeddable":true,"href":"https:\/\/acronoticias.com\/index.php\/wp-json\/wp\/v2\/users\/1"}],"replies":[{"embeddable":true,"href":"https:\/\/acronoticias.com\/index.php\/wp-json\/wp\/v2\/comments?post=27559"}],"version-history":[{"count":0,"href":"https:\/\/acronoticias.com\/index.php\/wp-json\/wp\/v2\/posts\/27559\/revisions"}],"wp:featuredmedia":[{"embeddable":true,"href":"https:\/\/acronoticias.com\/index.php\/wp-json\/wp\/v2\/media\/27560"}],"wp:attachment":[{"href":"https:\/\/acronoticias.com\/index.php\/wp-json\/wp\/v2\/media?parent=27559"}],"wp:term":[{"taxonomy":"category","embeddable":true,"href":"https:\/\/acronoticias.com\/index.php\/wp-json\/wp\/v2\/categories?post=27559"},{"taxonomy":"post_tag","embeddable":true,"href":"https:\/\/acronoticias.com\/index.php\/wp-json\/wp\/v2\/tags?post=27559"}],"curies":[{"name":"wp","href":"https:\/\/api.w.org\/{rel}","templated":true}]}}