{"id":27553,"date":"2026-03-14T07:07:56","date_gmt":"2026-03-14T07:07:56","guid":{"rendered":"https:\/\/acronoticias.com\/index.php\/2026\/03\/14\/autoridades-de-costa-rica-detienen-a-pareja-vinculada-con-el-cartel-de-sinaloa-y-las-farc\/"},"modified":"2026-03-14T07:07:56","modified_gmt":"2026-03-14T07:07:56","slug":"autoridades-de-costa-rica-detienen-a-pareja-vinculada-con-el-cartel-de-sinaloa-y-las-farc","status":"publish","type":"post","link":"https:\/\/acronoticias.com\/index.php\/2026\/03\/14\/autoridades-de-costa-rica-detienen-a-pareja-vinculada-con-el-cartel-de-sinaloa-y-las-farc\/","title":{"rendered":"Autoridades de Costa Rica detienen a pareja vinculada con el cartel de Sinaloa y las FARC"},"content":{"rendered":"<p>San Jos\u00e9.- Las autoridades de <strong>Costa Rica<\/strong> anunciaron este viernes la <strong>detenci\u00f3n<\/strong> de una <strong>pareja<\/strong> requerida para <strong>extradici\u00f3n<\/strong> por <strong>narcotr\u00e1fico<\/strong> en <strong>Estados Unidos<\/strong> y que estar\u00eda vinculada con el <strong>Cartel de Sinaloa<\/strong> en <strong>M\u00e9xico<\/strong> y con las <strong>Fuerzas Armadas Revolucionarias de Colombia (FARC)<\/strong>.<\/p>\n<p>El <strong>Ministerio de Seguridad P\u00fablica<\/strong> y el <strong>Ministerio P\u00fablico<\/strong> indicaron en sus informes que los detenidos son una <strong>mujer costarricense<\/strong> de apellidos <strong>G\u00f3mez Parra<\/strong>, de 39 a\u00f1os. <\/p>\n<p>Un <strong>colombiano nacionalizado costarricense<\/strong>, de 50, identificado como de apellido <strong>Viveros Viveros<\/strong>, quienes cuentan con una <strong>orden de arresto<\/strong> emitida por la <strong>Corte de Distrito de los Estados Unidos<\/strong> para el Distrito de <strong>Arizona<\/strong>.<\/p>\n<p>\u00abDe acuerdo con la <strong>investigaci\u00f3n<\/strong> de las autoridades estadounidenses, <strong>Viveros<\/strong> figura como uno de los presuntos <strong>l\u00edderes<\/strong> de una organizaci\u00f3n que operaba entre <strong>Colombia<\/strong>, <strong>Panam\u00e1<\/strong>, <strong>Costa Rica<\/strong> y <strong>M\u00e9xico<\/strong>, la cual utilizaba <strong>infraestructura sofisticada<\/strong> para fabricar, adquirir, almacenar y transportar <strong>coca\u00edna<\/strong> hacia territorio estadounidense\u00bb, indicaron las autoridades de Costa Rica.<\/p>\n<figure class=\"wp-block-image size-full\"><img decoding=\"async\" loading=\"lazy\" width=\"640\" height=\"360\" src=\"https:\/\/multimedia.noticiassin.com\/wp-content\/uploads\/2026\/03\/autoridades-de-costa-rica-detienen-a-pareja-vinculada-con-el-cartel-de-sinaloa-y-20260313-224451-6MlB.png\" alt=\"\" class=\"wp-image-1965412\" \/><\/figure>\n<h3 class=\"wp-block-heading\">Detalles de la Participaci\u00f3n de los Detenidos<\/h3>\n<p>En el caso de <strong>G\u00f3mez<\/strong>, las autoridades se\u00f1alan que \u00abpresuntamente <strong>facilitaba entregas de coca\u00edna<\/strong> desde <strong>Costa Rica<\/strong> para su posterior <strong>distribuci\u00f3n<\/strong> en <strong>Estados Unidos<\/strong>\u00ab.<\/p>\n<p>Durante las acciones realizadas por la <strong>Polic\u00eda de Control de Drogas (PCD)<\/strong>, la <strong>Fuerza P\u00fablica<\/strong>, la <strong>Unidad Especial de Apoyo (UEA)<\/strong>, la <strong>Direcci\u00f3n de Inteligencia y An\u00e1lisis Criminal (DIAC)<\/strong> y la <strong>Fiscal\u00eda<\/strong>, en coordinaci\u00f3n con la <strong>DEA<\/strong> de <strong>Estados Unidos<\/strong>, en la localidad de <strong>Escaz\u00fa<\/strong> (centro) y en <strong>Paso Canoas<\/strong> (frontera con Panam\u00e1) se arrestaron a los <strong>sospechosos<\/strong>.<\/p>\n<p>Ellos son se\u00f1alados de <strong>exportar grandes cantidades de coca\u00edna<\/strong> desde Costa Rica entre <strong>noviembre de 2023<\/strong> y <strong>octubre de 2025<\/strong>.<\/p>\n<p>Tras su <strong>detenci\u00f3n<\/strong>, ambos quedaron a la orden de las <strong>autoridades judiciales<\/strong> costarricenses, como parte del proceso correspondiente para determinar su <strong>detenci\u00f3n provisional<\/strong> y eventual <strong>extradici\u00f3n<\/strong> hacia <strong>Estados Unidos<\/strong>, cuando se completen los requisitos.<\/p>\n<h3 class=\"wp-block-heading\">Contexto Legal y Casos Relacionados<\/h3>\n<ul class=\"wp-block-list\">\n<li><strong>G\u00f3mez<\/strong> ser\u00eda la primera <strong>mujer<\/strong> en Costa Rica sometida a un <strong>proceso de extradici\u00f3n<\/strong> por delitos de <strong>tr\u00e1fico internacional de drogas<\/strong>.<\/li>\n<\/ul>\n<p>El <strong>Congreso de Costa Rica<\/strong> aprob\u00f3 en <strong>mayo de 2025<\/strong> una <strong>reforma constitucional<\/strong> para permitir la <strong>extradici\u00f3n<\/strong> de costarricenses, pero \u00fanicamente para delitos de <strong>narcotr\u00e1fico<\/strong> y <strong>terrorismo<\/strong>.<\/p>\n<p>Desde entonces las <strong>autoridades<\/strong> han detenido a cerca de una veintena de <strong>costarricenses<\/strong> pedidos en <strong>extradici\u00f3n<\/strong>, principalmente por <strong>Estados Unidos<\/strong>, pero a\u00fan no se ha concretado la primera.<\/p>\n<p>La <strong>extradici\u00f3n<\/strong> que estar\u00eda m\u00e1s pr\u00f3xima a concretarse es la del exministro de <strong>Seguridad<\/strong>, <strong>Celso Gamboa<\/strong>, y su aparente socio, <strong>Edwin L\u00f3pez<\/strong>, requeridos por <strong>EE.UU.<\/strong> por <strong>narcotr\u00e1fico<\/strong>, cuyo tr\u00e1mite est\u00e1 en <strong>etapas finales<\/strong>.<\/p>\n","protected":false},"excerpt":{"rendered":"<p>San Jos\u00e9.- Las autoridades de Costa Rica anunciaron este viernes la detenci\u00f3n de una pareja requerida para extradici\u00f3n por narcotr\u00e1fico en Estados Unidos y que estar\u00eda vinculada con el Cartel de Sinaloa en M\u00e9xico y con las Fuerzas Armadas Revolucionarias de Colombia (FARC). El Ministerio de Seguridad P\u00fablica y el Ministerio P\u00fablico indicaron en sus<\/p>\n","protected":false},"author":1,"featured_media":27554,"comment_status":"open","ping_status":"open","sticky":false,"template":"","format":"standard","meta":{"footnotes":""},"categories":[3],"tags":[],"class_list":["post-27553","post","type-post","status-publish","format-standard","has-post-thumbnail","hentry","category-internacionales"],"_links":{"self":[{"href":"https:\/\/acronoticias.com\/index.php\/wp-json\/wp\/v2\/posts\/27553","targetHints":{"allow":["GET"]}}],"collection":[{"href":"https:\/\/acronoticias.com\/index.php\/wp-json\/wp\/v2\/posts"}],"about":[{"href":"https:\/\/acronoticias.com\/index.php\/wp-json\/wp\/v2\/types\/post"}],"author":[{"embeddable":true,"href":"https:\/\/acronoticias.com\/index.php\/wp-json\/wp\/v2\/users\/1"}],"replies":[{"embeddable":true,"href":"https:\/\/acronoticias.com\/index.php\/wp-json\/wp\/v2\/comments?post=27553"}],"version-history":[{"count":0,"href":"https:\/\/acronoticias.com\/index.php\/wp-json\/wp\/v2\/posts\/27553\/revisions"}],"wp:featuredmedia":[{"embeddable":true,"href":"https:\/\/acronoticias.com\/index.php\/wp-json\/wp\/v2\/media\/27554"}],"wp:attachment":[{"href":"https:\/\/acronoticias.com\/index.php\/wp-json\/wp\/v2\/media?parent=27553"}],"wp:term":[{"taxonomy":"category","embeddable":true,"href":"https:\/\/acronoticias.com\/index.php\/wp-json\/wp\/v2\/categories?post=27553"},{"taxonomy":"post_tag","embeddable":true,"href":"https:\/\/acronoticias.com\/index.php\/wp-json\/wp\/v2\/tags?post=27553"}],"curies":[{"name":"wp","href":"https:\/\/api.w.org\/{rel}","templated":true}]}}