{"id":27543,"date":"2026-03-14T06:15:04","date_gmt":"2026-03-14T06:15:04","guid":{"rendered":"https:\/\/acronoticias.com\/index.php\/2026\/03\/14\/residentes-de-bella-vista-denuncian-aumento-de-robos-y-piden-mayor-presencia-policial-en-el-sector\/"},"modified":"2026-03-14T06:15:04","modified_gmt":"2026-03-14T06:15:04","slug":"residentes-de-bella-vista-denuncian-aumento-de-robos-y-piden-mayor-presencia-policial-en-el-sector","status":"publish","type":"post","link":"https:\/\/acronoticias.com\/index.php\/2026\/03\/14\/residentes-de-bella-vista-denuncian-aumento-de-robos-y-piden-mayor-presencia-policial-en-el-sector\/","title":{"rendered":"Residentes de Bella Vista denuncian aumento de robos y piden mayor presencia policial en el sector"},"content":{"rendered":"<div data-td-block-uid=\"tdi_101\">\n<div class=\"tdb-block-inner td-fix-index\">\n<p><strong>Santo Domingo, Distrito Nacional. \u2013<\/strong> Residentes del sector Bella Vista del Distrito Nacional han expresado su preocupaci\u00f3n ante lo que describen como un incremento en los hechos delictivos en la zona, especialmente robos de retrovisores de veh\u00edculos estacionados en calles y \u00e1reas residenciales.<\/p>\n<p>Seg\u00fan testimonios de comunitarios y reportes difundidos entre vecinos del sector, en las \u00faltimas semanas se han registrado m\u00faltiples casos de este tipo de robos, lo que ha generado inquietud entre los residentes y comerciantes del \u00e1rea.<\/p>\n<p>Los denunciantes aseguran que estos hechos ocurren principalmente durante la noche y en horas de la madrugada, afectando veh\u00edculos estacionados en diferentes calles del exclusivo sector.<\/p>\n<p>Ante esta situaci\u00f3n, residentes de Bella Vista han solicitado a las autoridades reforzar la presencia policial y los patrullajes preventivos, con el objetivo de disuadir estos actos delictivos y garantizar mayor seguridad en la comunidad.<\/p>\n<p>Asimismo, hicieron un llamado a las autoridades correspondientes para que investiguen los casos denunciados y adopten medidas que permitan enfrentar este tipo de delitos que afectan la tranquilidad de los ciudadanos.<\/p>\n<p>Los residentes reiteraron su disposici\u00f3n a colaborar con las autoridades en cualquier iniciativa que contribuya a fortalecer la seguridad y la convivencia en el sector.<\/p>\n<\/div>\n<\/div>\n","protected":false},"excerpt":{"rendered":"<p>Santo Domingo, Distrito Nacional. \u2013 Residentes del sector Bella Vista del Distrito Nacional han expresado su preocupaci\u00f3n ante lo que describen como un incremento en los hechos delictivos en la zona, especialmente robos de retrovisores de veh\u00edculos estacionados en calles y \u00e1reas residenciales. Seg\u00fan testimonios de comunitarios y reportes difundidos entre vecinos del sector, en<\/p>\n","protected":false},"author":1,"featured_media":27544,"comment_status":"open","ping_status":"open","sticky":false,"template":"","format":"standard","meta":{"footnotes":""},"categories":[1],"tags":[],"class_list":["post-27543","post","type-post","status-publish","format-standard","has-post-thumbnail","hentry","category-nacionales"],"_links":{"self":[{"href":"https:\/\/acronoticias.com\/index.php\/wp-json\/wp\/v2\/posts\/27543","targetHints":{"allow":["GET"]}}],"collection":[{"href":"https:\/\/acronoticias.com\/index.php\/wp-json\/wp\/v2\/posts"}],"about":[{"href":"https:\/\/acronoticias.com\/index.php\/wp-json\/wp\/v2\/types\/post"}],"author":[{"embeddable":true,"href":"https:\/\/acronoticias.com\/index.php\/wp-json\/wp\/v2\/users\/1"}],"replies":[{"embeddable":true,"href":"https:\/\/acronoticias.com\/index.php\/wp-json\/wp\/v2\/comments?post=27543"}],"version-history":[{"count":0,"href":"https:\/\/acronoticias.com\/index.php\/wp-json\/wp\/v2\/posts\/27543\/revisions"}],"wp:featuredmedia":[{"embeddable":true,"href":"https:\/\/acronoticias.com\/index.php\/wp-json\/wp\/v2\/media\/27544"}],"wp:attachment":[{"href":"https:\/\/acronoticias.com\/index.php\/wp-json\/wp\/v2\/media?parent=27543"}],"wp:term":[{"taxonomy":"category","embeddable":true,"href":"https:\/\/acronoticias.com\/index.php\/wp-json\/wp\/v2\/categories?post=27543"},{"taxonomy":"post_tag","embeddable":true,"href":"https:\/\/acronoticias.com\/index.php\/wp-json\/wp\/v2\/tags?post=27543"}],"curies":[{"name":"wp","href":"https:\/\/api.w.org\/{rel}","templated":true}]}}