{"id":27541,"date":"2026-03-14T06:05:25","date_gmt":"2026-03-14T06:05:25","guid":{"rendered":"https:\/\/acronoticias.com\/index.php\/2026\/03\/14\/delcy-rodriguez-nombra-al-almirante-orlando-maniglia-como-embajador-en-colombia\/"},"modified":"2026-03-14T06:05:25","modified_gmt":"2026-03-14T06:05:25","slug":"delcy-rodriguez-nombra-al-almirante-orlando-maniglia-como-embajador-en-colombia","status":"publish","type":"post","link":"https:\/\/acronoticias.com\/index.php\/2026\/03\/14\/delcy-rodriguez-nombra-al-almirante-orlando-maniglia-como-embajador-en-colombia\/","title":{"rendered":"Delcy Rodr\u00edguez nombra al almirante Orlando Maniglia como embajador en Colombia"},"content":{"rendered":"<p>Caracas.- La presidenta encargada de <strong>Venezuela<\/strong>, <strong>Delcy Rodr\u00edguez<\/strong>, nombr\u00f3 este viernes al <strong>almirante en jefe Orlando Maniglia<\/strong> como nuevo <strong>embajador<\/strong> del pa\u00eds petrolero en <strong>Colombia<\/strong>, en sustituci\u00f3n del general de divisi\u00f3n <strong>Carlos Eduardo Mart\u00ednez<\/strong>.<\/p>\n<p>\u00abQuiero agradecer el benepl\u00e1cito al almirante en jefe <strong>Orlando Maniglia<\/strong>, que ser\u00e1 el nuevo embajador de Venezuela en la <strong>Rep\u00fablica de Colombia<\/strong>\u00ab, indic\u00f3 Rodr\u00edguez en una reuni\u00f3n de trabajo entre delegaciones de ambos pa\u00edses, celebrada en Caracas.<\/p>\n<p><strong>Maniglia<\/strong> se desempe\u00f1aba hasta ahora como embajador en <strong>Alemania<\/strong> y fue <strong>ministro de Defensa<\/strong> de Venezuela entre 2005 y 2006.<\/p>\n<figure class=\"wp-block-image size-full\"><img decoding=\"async\" loading=\"lazy\" width=\"640\" height=\"427\" src=\"https:\/\/multimedia.noticiassin.com\/wp-content\/uploads\/2026\/03\/delcy-rodriguez-nombra-al-almirante-orlando-maniglia-como-embajador-en-colombia-20260313-230317-gTVo.png\" alt=\"\" class=\"wp-image-1965432\" \/><\/figure>\n<h3 class=\"wp-block-heading\">Agenda Bilateral y Reuni\u00f3n<\/h3>\n<p>Este viernes, la presidenta encargada venezolana recibi\u00f3 a una <strong>delegaci\u00f3n de ministros de Colombia<\/strong> para abordar la <strong>agenda bilateral<\/strong> en temas como <strong>seguridad<\/strong>, <strong>energ\u00eda<\/strong>, <strong>comercio<\/strong> y <strong>turismo<\/strong>.<\/p>\n<p>Esto ocurri\u00f3 luego de que se <strong>cancelara la reuni\u00f3n<\/strong> que la mandataria ten\u00eda prevista con el jefe de Estado colombiano, <strong>Gustavo Petro<\/strong>, que hab\u00eda sido programada para ese d\u00eda.<\/p>\n<p>En la reuni\u00f3n participaron el <strong>canciller chavista Yv\u00e1n Gil<\/strong> y su hom\u00f3loga colombiana, <strong>Rosa Villavicencio<\/strong>, quienes encabezaron previamente <strong>mesas de trabajo<\/strong>, seg\u00fan im\u00e1genes transmitidas por el canal estatal <strong>VTV<\/strong>.<\/p>\n<h3 class=\"wp-block-heading\">Cancelaci\u00f3n del Encuentro Presidencial<\/h3>\n<p>En la v\u00edspera, <strong>Caracas y Bogot\u00e1<\/strong> anunciaron que la reuni\u00f3n entre <strong>Rodr\u00edguez<\/strong> y <strong>Petro<\/strong> pautada para este viernes fue <strong>pospuesta para una \u201cfecha pr\u00f3xima\u201d<\/strong> por \u00abmotivos de fuerza mayor\u00bb, sin precisar las causas ni para cu\u00e1ndo fue reprogramada.<\/p>\n<p>Se esperaba que en dicha cita, <strong>Petro<\/strong> y <strong>Rodr\u00edguez<\/strong> hablaran de <strong>asuntos econ\u00f3micos<\/strong>, <strong>comerciales<\/strong> y de <strong>seguridad<\/strong> en la <strong>frontera com\u00fan<\/strong> de 2.219 kil\u00f3metros.<\/p>\n<p>El <strong>Gobierno venezolano<\/strong> indic\u00f3 que <strong>Petro mantiene su invitaci\u00f3n<\/strong> a la presidenta encargada, quien asumi\u00f3 el cargo tras la captura de <strong>Nicol\u00e1s Maduro<\/strong> a principios de enero por fuerzas de <strong>Estados Unidos<\/strong>.<\/p>\n<p>El <strong>Gobierno colombiano<\/strong> no ha dado detalles de los motivos de cancelaci\u00f3n del encuentro, que era esperado con <strong>expectativa<\/strong> en ambos pa\u00edses, aunque medios locales informaron que fue una decisi\u00f3n de <strong>Venezuela<\/strong> alegando razones de <strong>seguridad<\/strong>.<\/p>\n<ul class=\"wp-block-list\">\n<li><strong>Maniglia<\/strong> se desempe\u00f1aba hasta ahora como embajador en <strong>Alemania<\/strong> y fue <strong>ministro de Defensa<\/strong> de Venezuela entre 2005 y 2006.<\/li>\n<\/ul>\n","protected":false},"excerpt":{"rendered":"<p>Caracas.- La presidenta encargada de Venezuela, Delcy Rodr\u00edguez, nombr\u00f3 este viernes al almirante en jefe Orlando Maniglia como nuevo embajador del pa\u00eds petrolero en Colombia, en sustituci\u00f3n del general de divisi\u00f3n Carlos Eduardo Mart\u00ednez. \u00abQuiero agradecer el benepl\u00e1cito al almirante en jefe Orlando Maniglia, que ser\u00e1 el nuevo embajador de Venezuela en la Rep\u00fablica de<\/p>\n","protected":false},"author":1,"featured_media":27542,"comment_status":"open","ping_status":"open","sticky":false,"template":"","format":"standard","meta":{"footnotes":""},"categories":[3],"tags":[],"class_list":["post-27541","post","type-post","status-publish","format-standard","has-post-thumbnail","hentry","category-internacionales"],"_links":{"self":[{"href":"https:\/\/acronoticias.com\/index.php\/wp-json\/wp\/v2\/posts\/27541","targetHints":{"allow":["GET"]}}],"collection":[{"href":"https:\/\/acronoticias.com\/index.php\/wp-json\/wp\/v2\/posts"}],"about":[{"href":"https:\/\/acronoticias.com\/index.php\/wp-json\/wp\/v2\/types\/post"}],"author":[{"embeddable":true,"href":"https:\/\/acronoticias.com\/index.php\/wp-json\/wp\/v2\/users\/1"}],"replies":[{"embeddable":true,"href":"https:\/\/acronoticias.com\/index.php\/wp-json\/wp\/v2\/comments?post=27541"}],"version-history":[{"count":0,"href":"https:\/\/acronoticias.com\/index.php\/wp-json\/wp\/v2\/posts\/27541\/revisions"}],"wp:featuredmedia":[{"embeddable":true,"href":"https:\/\/acronoticias.com\/index.php\/wp-json\/wp\/v2\/media\/27542"}],"wp:attachment":[{"href":"https:\/\/acronoticias.com\/index.php\/wp-json\/wp\/v2\/media?parent=27541"}],"wp:term":[{"taxonomy":"category","embeddable":true,"href":"https:\/\/acronoticias.com\/index.php\/wp-json\/wp\/v2\/categories?post=27541"},{"taxonomy":"post_tag","embeddable":true,"href":"https:\/\/acronoticias.com\/index.php\/wp-json\/wp\/v2\/tags?post=27541"}],"curies":[{"name":"wp","href":"https:\/\/api.w.org\/{rel}","templated":true}]}}