{"id":27539,"date":"2026-03-14T05:59:02","date_gmt":"2026-03-14T05:59:02","guid":{"rendered":"https:\/\/acronoticias.com\/index.php\/2026\/03\/14\/inabie-inaugura-modulo-de-salud-bucal-en-nagua-para-beneficiar-a-mas-de-1620-estudiantes\/"},"modified":"2026-03-14T05:59:02","modified_gmt":"2026-03-14T05:59:02","slug":"inabie-inaugura-modulo-de-salud-bucal-en-nagua-para-beneficiar-a-mas-de-1620-estudiantes","status":"publish","type":"post","link":"https:\/\/acronoticias.com\/index.php\/2026\/03\/14\/inabie-inaugura-modulo-de-salud-bucal-en-nagua-para-beneficiar-a-mas-de-1620-estudiantes\/","title":{"rendered":"INABIE inaugura m\u00f3dulo de salud bucal en Nagua para beneficiar a m\u00e1s de 1,620 estudiantes"},"content":{"rendered":"<div>\n<p><strong>Nagua. \u2013<\/strong> El <strong>Instituto Nacional de Bienestar Estudiantil (INABIE)<\/strong> puso en funcionamiento un nuevo m\u00f3dulo de salud bucal en el <strong>Centro Educativo In\u00e9s Marmolejos<\/strong>, con el objetivo de beneficiar a m\u00e1s de 1,620 estudiantes del Distrito Educativo 14-01, de este municipio de la provincia <strong>Mar\u00eda Trinidad S\u00e1nchez<\/strong>, con lo cual contin\u00faa fortaleciendo la atenci\u00f3n odontol\u00f3gica dentro del sistema educativo p\u00fablico.<\/p>\n<p>El acto de inauguraci\u00f3n estuvo encabezado por el subdirector del <strong>INABIE<\/strong>, Melvin Ram\u00edrez, quien asisti\u00f3 en representaci\u00f3n del director ejecutivo de la instituci\u00f3n, Adolfo P\u00e9rez.<\/p>\n<figure class=\"wp-block-image size-large\"><img data-recalc-dims=\"1\" fetchpriority=\"high\" decoding=\"async\" width=\"696\" height=\"464\" data-attachment-id=\"490910\" data-permalink=\"https:\/\/rnn.com.do\/inabie-inaugura-modulo-de-salud-bucal-en-nagua-para-beneficiar-a-mas-de-1620-estudiantes\/image-3661\/\" data-orig-file=\"https:\/\/i0.wp.com\/rnn.com.do\/wp-content\/uploads\/2026\/03\/image-91.png?fit=1600%2C1066&amp;ssl=1\" data-orig-size=\"1600,1066\" data-comments-opened=\"1\" data-image-meta=\"{&quot;aperture&quot;:&quot;0&quot;,&quot;credit&quot;:&quot;&quot;,&quot;camera&quot;:&quot;&quot;,&quot;caption&quot;:&quot;&quot;,&quot;created_timestamp&quot;:&quot;0&quot;,&quot;copyright&quot;:&quot;&quot;,&quot;focal_length&quot;:&quot;0&quot;,&quot;iso&quot;:&quot;0&quot;,&quot;shutter_speed&quot;:&quot;0&quot;,&quot;title&quot;:&quot;&quot;,&quot;orientation&quot;:&quot;0&quot;}\" data-image-title=\"image\" data-image-description=\"\" data-image-caption=\"\" data-medium-file=\"https:\/\/i0.wp.com\/rnn.com.do\/wp-content\/uploads\/2026\/03\/image-91.png?fit=300%2C200&amp;ssl=1\" data-large-file=\"https:\/\/i0.wp.com\/rnn.com.do\/wp-content\/uploads\/2026\/03\/image-91.png?fit=696%2C464&amp;ssl=1\" src=\"https:\/\/i0.wp.com\/rnn.com.do\/wp-content\/uploads\/2026\/03\/image-91.png?resize=696%2C464&amp;ssl=1\" alt=\"\" class=\"wp-image-490910\" srcset=\"https:\/\/i0.wp.com\/rnn.com.do\/wp-content\/uploads\/2026\/03\/image-91.png?resize=1024%2C682&amp;ssl=1 1024w, https:\/\/i0.wp.com\/rnn.com.do\/wp-content\/uploads\/2026\/03\/image-91.png?resize=300%2C200&amp;ssl=1 300w, https:\/\/i0.wp.com\/rnn.com.do\/wp-content\/uploads\/2026\/03\/image-91.png?resize=768%2C512&amp;ssl=1 768w, https:\/\/i0.wp.com\/rnn.com.do\/wp-content\/uploads\/2026\/03\/image-91.png?resize=1536%2C1023&amp;ssl=1 1536w, https:\/\/i0.wp.com\/rnn.com.do\/wp-content\/uploads\/2026\/03\/image-91.png?resize=630%2C420&amp;ssl=1 630w, https:\/\/i0.wp.com\/rnn.com.do\/wp-content\/uploads\/2026\/03\/image-91.png?resize=150%2C100&amp;ssl=1 150w, https:\/\/i0.wp.com\/rnn.com.do\/wp-content\/uploads\/2026\/03\/image-91.png?resize=696%2C464&amp;ssl=1 696w, https:\/\/i0.wp.com\/rnn.com.do\/wp-content\/uploads\/2026\/03\/image-91.png?resize=1068%2C712&amp;ssl=1 1068w, https:\/\/i0.wp.com\/rnn.com.do\/wp-content\/uploads\/2026\/03\/image-91.png?w=1600&amp;ssl=1 1600w, https:\/\/i0.wp.com\/rnn.com.do\/wp-content\/uploads\/2026\/03\/image-91.png?w=1392&amp;ssl=1 1392w\" sizes=\"(max-width: 696px) 100vw, 696px\"\/><\/figure>\n<p>Durante su intervenci\u00f3n, Ram\u00edrez destac\u00f3 que la instalaci\u00f3n de este m\u00f3dulo forma parte del compromiso del INABIE de continuar ampliando los servicios de salud preventivo y curativo para los estudiantes del sistema educativo p\u00fablico, contribuyendo a mejorar su bienestar y calidad de vida.<\/p>\n<p>\u201cNos sentimos satisfechos porque con este m\u00f3dulo podemos brindar soluciones a costosas situaciones de salud bucal a m\u00e1s de 1,620 estudiantes de este municipio, con lo cual ayudamos adem\u00e1s a las familias de esta comunidad educativa\u201d, expres\u00f3 el subdirector del <strong>INABIE<\/strong>.<\/p>\n<p><strong>Preparado para mejorar sonrisas<\/strong><\/p>\n<p>Este es el m\u00f3dulo n\u00famero 61 instalado por el INABIE a nivel nacional. El espacio fue dise\u00f1ado bajo criterios de comodidad, higiene y funcionalidad, e incluye sill\u00f3n dental completo, aparato de rayos X periapical, autoclave, amalgamador, compresor odontol\u00f3gico, lava instrumentos m\u00e9dico-quir\u00fargico y otras herramientas necesarias para brindar atenci\u00f3n segura y de calidad.<\/p>\n<p>Entre los servicios que se ofrecen se encuentran diagn\u00f3sticos, profilaxis, detartrajes, aplicaciones de fl\u00faor, restauraciones en resina, exodoncias temporales y permanentes, recubrimientos pulpares, entre otros procedimientos odontol\u00f3gicos.<\/p>\n<p>Asimismo, los estudiantes recibir\u00e1n educaci\u00f3n sobre higiene oral, cepillado supervisado y otras recomendaciones necesarias para mantener saludable la cavidad bucal.<\/p>\n<p>Adem\u00e1s de los estudiantes del Centro Educativo In\u00e9s Marmolejos, tambi\u00e9n tendr\u00e1n acceso al servicio los alumnos de los planteles Eliseo Grull\u00f3n, La Capitalita, San<br \/>Marcos y Santiago Garc\u00eda Jim\u00e9nez, previa coordinaci\u00f3n con el personal odontol\u00f3gico asignado.<\/p>\n<p>El impacto econ\u00f3mico para los hogares resulta significativo, ya que las atenciones ofrecidas de manera gratuita representan un ahorro considerable frente a los costos de tratamientos en centros privados.<\/p>\n<p>Con esta acci\u00f3n, el INABIE reafirma su compromiso con garantizar el bienestar de m\u00e1s de 1.9 millones de estudiantes del sistema educativo p\u00fablico, mediante programas que contribuyen a su salud, nutrici\u00f3n y desarrollo integral, as\u00ed como a su permanencia en las aulas.<\/p>\n<p>La actividad cont\u00f3 con la presencia de Guillermo Alc\u00e1ntara, director del Centro Educativo Irma In\u00e9s Marmolejos; los directores regionales Mar\u00eda Luisa de la Cruz, Fernando Beato y Dani Villoria; Gregoria Cela, exgobernadora de la provincia; el di\u00e1cono Juan Tineo; Jos\u00e9 An\u00edbal David, presidente de la Asociaci\u00f3n Dominicana de Profesores (ADP); Carlos Guzm\u00e1n, representante de la Asociaci\u00f3n de Padres, Madres y Amigos de la Escuela (APMAE); as\u00ed como otros directores de escuelas de la zona y una comisi\u00f3n de Salud P\u00fablica.<\/p>\n<p>Por el INABIE, acompa\u00f1aron al subdirector Ram\u00edrez el tambi\u00e9n subdirector de la instituci\u00f3n, Luis Valdez; Ana Zabala, encargada del Departamento de Gesti\u00f3n de Salud Escolar, y Analkis Taveras, encargado en la Regional 14, entre otros colaboradores de la instituci\u00f3n.<\/p>\n<\/div>\n","protected":false},"excerpt":{"rendered":"<p>Nagua. \u2013 El Instituto Nacional de Bienestar Estudiantil (INABIE) puso en funcionamiento un nuevo m\u00f3dulo de salud bucal en el Centro Educativo In\u00e9s Marmolejos, con el objetivo de beneficiar a m\u00e1s de 1,620 estudiantes del Distrito Educativo 14-01, de este municipio de la provincia Mar\u00eda Trinidad S\u00e1nchez, con lo cual contin\u00faa fortaleciendo la atenci\u00f3n odontol\u00f3gica<\/p>\n","protected":false},"author":1,"featured_media":27540,"comment_status":"open","ping_status":"open","sticky":false,"template":"","format":"standard","meta":{"footnotes":""},"categories":[1],"tags":[],"class_list":["post-27539","post","type-post","status-publish","format-standard","has-post-thumbnail","hentry","category-nacionales"],"_links":{"self":[{"href":"https:\/\/acronoticias.com\/index.php\/wp-json\/wp\/v2\/posts\/27539","targetHints":{"allow":["GET"]}}],"collection":[{"href":"https:\/\/acronoticias.com\/index.php\/wp-json\/wp\/v2\/posts"}],"about":[{"href":"https:\/\/acronoticias.com\/index.php\/wp-json\/wp\/v2\/types\/post"}],"author":[{"embeddable":true,"href":"https:\/\/acronoticias.com\/index.php\/wp-json\/wp\/v2\/users\/1"}],"replies":[{"embeddable":true,"href":"https:\/\/acronoticias.com\/index.php\/wp-json\/wp\/v2\/comments?post=27539"}],"version-history":[{"count":0,"href":"https:\/\/acronoticias.com\/index.php\/wp-json\/wp\/v2\/posts\/27539\/revisions"}],"wp:featuredmedia":[{"embeddable":true,"href":"https:\/\/acronoticias.com\/index.php\/wp-json\/wp\/v2\/media\/27540"}],"wp:attachment":[{"href":"https:\/\/acronoticias.com\/index.php\/wp-json\/wp\/v2\/media?parent=27539"}],"wp:term":[{"taxonomy":"category","embeddable":true,"href":"https:\/\/acronoticias.com\/index.php\/wp-json\/wp\/v2\/categories?post=27539"},{"taxonomy":"post_tag","embeddable":true,"href":"https:\/\/acronoticias.com\/index.php\/wp-json\/wp\/v2\/tags?post=27539"}],"curies":[{"name":"wp","href":"https:\/\/api.w.org\/{rel}","templated":true}]}}