{"id":27421,"date":"2026-03-13T19:26:46","date_gmt":"2026-03-13T19:26:46","guid":{"rendered":"https:\/\/acronoticias.com\/index.php\/2026\/03\/13\/justicia-social-al-presidente-gustavo-petro-por-victoria-electoral-en-colombia\/"},"modified":"2026-03-13T19:26:46","modified_gmt":"2026-03-13T19:26:46","slug":"justicia-social-al-presidente-gustavo-petro-por-victoria-electoral-en-colombia","status":"publish","type":"post","link":"https:\/\/acronoticias.com\/index.php\/2026\/03\/13\/justicia-social-al-presidente-gustavo-petro-por-victoria-electoral-en-colombia\/","title":{"rendered":"Justicia Social al presidente Gustavo Petro por victoria electoral en Colombia"},"content":{"rendered":"<p><img loading=\"lazy\" decoding=\"async\" width=\"355\" height=\"200\" src=\"https:\/\/nuevodiario-assets.s3.us-east-2.amazonaws.com\/wp-content\/uploads\/2026\/03\/Justicia-Social-355x200.jpeg\" class=\"webfeedsFeaturedVisual not-transparent wp-post-image\" alt=\"\" style=\"--dominant-color: #665f65;margin-bottom: 5px;clear:both;max-width: 100%\" data-has-transparency=\"false\" data-dominant-color=\"665f65\" \/><\/p>\n<p>EL NUEVO DIARIO, SANTO DOMINGO. \u2013 El Partido Justicia Social (JS) celebr\u00f3 y felicit\u00f3 al presidente Gustavo Petro, a su gabinete de gobierno y a la dirigencia y militancia del Pacto Hist\u00f3rico por los esca\u00f1os alcanzados en el Congreso Nacional en las pasadas elecciones legislativas.<\/p>\n<p>As\u00ed lo indic\u00f3 la entidad pol\u00edtica mendiante un comunicado, en el cual apunt\u00f3 que el resultado\u00a0 les permiti\u00f3 consolidarse \u201ccomo la fuerza pol\u00edtica m\u00e1s grande de Colombia, que constituye un factor determinante en el rumbo del pa\u00eds\u201d.<\/p>\n<p>La organizaci\u00f3n liderada por su presidente, Julio C\u00e9sar Valent\u00edn Jimini\u00e1n, a trav\u00e9s de su secretar\u00eda de Relaciones Internacionales, Catalina Olea Salazar, extendi\u00f3 sus felicitaciones \u201cal hermano pueblo de Colombia por su alta educaci\u00f3n c\u00edvica, y al Consejo Nacional Electoral de Colombia (CNE) por llevar a cabo un proceso electoral ejemplar y participativo que despert\u00f3 la confianza de la ciudadan\u00eda y de los partidos pol\u00edticos, por las efectivas medidas de control innovadoras implementadas para garantizar la transparencia y la legitimidad\u201d.<\/p>\n<p>\u201cEn JS, como organizaci\u00f3n pol\u00edtica progresista e internacionalista, sentimos gran alegr\u00eda por la madurez de las organizaciones que forman el Pacto Hist\u00f3rico y de las dem\u00e1s entidades pol\u00edticas de Colombia que participaron en esta contienda electoral, lo que demuestra un firme compromiso con la consolidaci\u00f3n de la democracia en Colombia a trav\u00e9s del sistema de partidos pol\u00edticos\u201d, recalcaron.<\/p>\n<p>De igual forma, el partido augur\u00f3 \u00e9xito al Pacto Hist\u00f3rico y a su candidato presidencial, Iv\u00e1n Cepeda Castro, en las pr\u00f3ximas elecciones presidenciales de mayo, \u201cconvencidos de que continuar\u00e1 consolidando el progresismo en favor del crecimiento econ\u00f3mico con justicia social, con inclusi\u00f3n y con equidad en la distribuci\u00f3n de las riquezas, como ha sido caracter\u00edstico del gobierno del presidente Gustavo Petro\u201d.<\/p>\n<p>\u201cLes abrazamos con la alegr\u00eda que nos da la esperanza de estos resultados electorales, de renovaci\u00f3n del compromiso para seguir adelante y a continuar luchando por la prevalencia de los valores y pr\u00e1cticas del progresismo genuino, las transformaciones y la continuidad del cambio con transparencia y verdad\u201d, a\u00f1adieron.<\/p>\n<p>Por \u00faltimo, concluyeron que \u201cColombia y el Pacto Hist\u00f3rico regocijan a Am\u00e9rica Latina y al mundo y confiamos en que, a partir del triunfo del candidato presidencial Iv\u00e1n Cepeda Castro en las pr\u00f3ximas elecciones, seguir\u00e1n trillando el camino del desarrollo con justicia social para la felicidad sostenible, propiciado por su presidente actual, Gustavo Petro\u201d.<\/p>\n<p>La entrada <a href=\"https:\/\/elnuevodiario.com.do\/justicia-social-al-presidente-gustavo-petro-por-victoria-electoral-en-colombia\/\">Justicia Social al presidente Gustavo Petro por victoria electoral en Colombia<\/a> se public\u00f3 primero en <a href=\"https:\/\/elnuevodiario.com.do\">El Nuevo Diario (Rep\u00fablica Dominicana)<\/a>.<\/p>\n","protected":false},"excerpt":{"rendered":"<p>EL NUEVO DIARIO, SANTO DOMINGO. \u2013 El Partido Justicia Social (JS) celebr\u00f3 y felicit\u00f3 al presidente Gustavo Petro, a su gabinete de gobierno y a la dirigencia y militancia del Pacto Hist\u00f3rico por los esca\u00f1os alcanzados en el Congreso Nacional en las pasadas elecciones legislativas. As\u00ed lo indic\u00f3 la entidad pol\u00edtica mendiante un comunicado, en<\/p>\n","protected":false},"author":1,"featured_media":27422,"comment_status":"open","ping_status":"open","sticky":false,"template":"","format":"standard","meta":{"footnotes":""},"categories":[1],"tags":[],"class_list":["post-27421","post","type-post","status-publish","format-standard","has-post-thumbnail","hentry","category-nacionales"],"_links":{"self":[{"href":"https:\/\/acronoticias.com\/index.php\/wp-json\/wp\/v2\/posts\/27421","targetHints":{"allow":["GET"]}}],"collection":[{"href":"https:\/\/acronoticias.com\/index.php\/wp-json\/wp\/v2\/posts"}],"about":[{"href":"https:\/\/acronoticias.com\/index.php\/wp-json\/wp\/v2\/types\/post"}],"author":[{"embeddable":true,"href":"https:\/\/acronoticias.com\/index.php\/wp-json\/wp\/v2\/users\/1"}],"replies":[{"embeddable":true,"href":"https:\/\/acronoticias.com\/index.php\/wp-json\/wp\/v2\/comments?post=27421"}],"version-history":[{"count":0,"href":"https:\/\/acronoticias.com\/index.php\/wp-json\/wp\/v2\/posts\/27421\/revisions"}],"wp:featuredmedia":[{"embeddable":true,"href":"https:\/\/acronoticias.com\/index.php\/wp-json\/wp\/v2\/media\/27422"}],"wp:attachment":[{"href":"https:\/\/acronoticias.com\/index.php\/wp-json\/wp\/v2\/media?parent=27421"}],"wp:term":[{"taxonomy":"category","embeddable":true,"href":"https:\/\/acronoticias.com\/index.php\/wp-json\/wp\/v2\/categories?post=27421"},{"taxonomy":"post_tag","embeddable":true,"href":"https:\/\/acronoticias.com\/index.php\/wp-json\/wp\/v2\/tags?post=27421"}],"curies":[{"name":"wp","href":"https:\/\/api.w.org\/{rel}","templated":true}]}}