{"id":27405,"date":"2026-03-13T17:50:01","date_gmt":"2026-03-13T17:50:01","guid":{"rendered":"https:\/\/acronoticias.com\/index.php\/2026\/03\/13\/facultad-de-artes-de-la-uasd-publica-revista-y-lanza-documental\/"},"modified":"2026-03-13T17:50:01","modified_gmt":"2026-03-13T17:50:01","slug":"facultad-de-artes-de-la-uasd-publica-revista-y-lanza-documental","status":"publish","type":"post","link":"https:\/\/acronoticias.com\/index.php\/2026\/03\/13\/facultad-de-artes-de-la-uasd-publica-revista-y-lanza-documental\/","title":{"rendered":"Facultad de Artes de la UASD publica revista y lanza documental"},"content":{"rendered":"<p><img loading=\"lazy\" decoding=\"async\" width=\"355\" height=\"200\" src=\"https:\/\/nuevodiario-assets.s3.us-east-2.amazonaws.com\/wp-content\/uploads\/2026\/03\/artes-uasd-355x200.jpeg\" class=\"webfeedsFeaturedVisual not-transparent wp-post-image\" alt=\"\" style=\"--dominant-color: #4f3525;margin-bottom: 5px;clear:both;max-width: 100%\" data-has-transparency=\"false\" data-dominant-color=\"4f3525\" \/><\/p>\n<p>EL NUEVO DIARIO, SANTO DOMINGO.- La Facultad de Artes de la Universidad Aut\u00f3noma de Santo Domingo (UASD) puso en circulaci\u00f3n el segundo n\u00famero de su revista acad\u00e9mica In-Artes y present\u00f3 el documental \u201cEl Alma Artes\u201d en un concurrido evento celebrado en el Paraninfo Richardo Michel de la Facultad de Ciencias Econ\u00f3micas y Sociales.<\/p>\n<p>Al decir de sus autoridades, estas nuevas producciones representan un hito en la historia de la facultad y un aporte a la comunidad acad\u00e9mica y cultural del pa\u00eds.<\/p>\n<p>De acuerdo con una nota de prensa,en su segunda edici\u00f3n, dedicada al artista pl\u00e1stico Norberto Santana, profesor merit\u00edsimo de la Facultad de Artes, \u201cIn-Artes\u201d presenta una selecci\u00f3n de textos de las distintas disciplinas art\u00edsticas que se imparten en esta facultad que abordan tem\u00e1ticas del arte y la cultura contempor\u00e1neos. Contiene estudios y ensayos cr\u00edticos en torno a las diversas manifestaciones del arte y la cultura.<\/p>\n<p>La revista es producida por el Instituto de Investigaci\u00f3n de las Artes y la Direcci\u00f3n de Investigaci\u00f3n de la Facultad de Artes de la UASD. Dirigida por el doctor Basilio Belliard y editada por los publicistas Orestes Toribio y Oscar Arnulfo Romero, \u201cIn-Artes\u201d se publica con car\u00e1cter semestral y est\u00e1 disponible en formato tanto f\u00edsico como digital.<\/p>\n<p>El Alma Artes\u201d, del joven cineasta y profesor universitario Reyvin J\u00e1quez Grull\u00f3n, es un documental de 52 minutos que recoge la historia reciente de la Facultad de Artes de la UASD en las voces de sus autoridades pasadas y presentes, sus directores de escuela y sus docentes.<br \/>\nLa decana de la Facultad de Artes de la UASD, arquitecta Arelis Subero, expres\u00f3 su alegr\u00eda y entusiasmo por estas nuevas producciones, destacando que ambas materializan el compromiso de esa facultad con la investigaci\u00f3n y la producci\u00f3n textual y cr\u00edtica sobre arte y educaci\u00f3n art\u00edstica en la Rep\u00fablica Dominicana.<\/p>\n<p>\u201cLa revista y el documental son nuevos aportes de nuestra facultad a la sociedad dominicana de hoy\u201d. Por su parte, el vicedecano, doctor Fidel Munnigh, expres\u00f3 que \u201cestas dos nuevas producciones ponen en valor a la facultad y manifiestan su vitalidad y su su dinamismo\u201d<\/p>\n<p>La entrada <a href=\"https:\/\/elnuevodiario.com.do\/facultad-de-artes-de-la-uasd-publica-revista-y-lanza-documental\/\">Facultad de Artes de la UASD publica revista y lanza documental<\/a> se public\u00f3 primero en <a href=\"https:\/\/elnuevodiario.com.do\">El Nuevo Diario (Rep\u00fablica Dominicana)<\/a>.<\/p>\n","protected":false},"excerpt":{"rendered":"<p>EL NUEVO DIARIO, SANTO DOMINGO.- La Facultad de Artes de la Universidad Aut\u00f3noma de Santo Domingo (UASD) puso en circulaci\u00f3n el segundo n\u00famero de su revista acad\u00e9mica In-Artes y present\u00f3 el documental \u201cEl Alma Artes\u201d en un concurrido evento celebrado en el Paraninfo Richardo Michel de la Facultad de Ciencias Econ\u00f3micas y Sociales. Al decir<\/p>\n","protected":false},"author":1,"featured_media":27406,"comment_status":"open","ping_status":"open","sticky":false,"template":"","format":"standard","meta":{"footnotes":""},"categories":[1],"tags":[],"class_list":["post-27405","post","type-post","status-publish","format-standard","has-post-thumbnail","hentry","category-nacionales"],"_links":{"self":[{"href":"https:\/\/acronoticias.com\/index.php\/wp-json\/wp\/v2\/posts\/27405","targetHints":{"allow":["GET"]}}],"collection":[{"href":"https:\/\/acronoticias.com\/index.php\/wp-json\/wp\/v2\/posts"}],"about":[{"href":"https:\/\/acronoticias.com\/index.php\/wp-json\/wp\/v2\/types\/post"}],"author":[{"embeddable":true,"href":"https:\/\/acronoticias.com\/index.php\/wp-json\/wp\/v2\/users\/1"}],"replies":[{"embeddable":true,"href":"https:\/\/acronoticias.com\/index.php\/wp-json\/wp\/v2\/comments?post=27405"}],"version-history":[{"count":0,"href":"https:\/\/acronoticias.com\/index.php\/wp-json\/wp\/v2\/posts\/27405\/revisions"}],"wp:featuredmedia":[{"embeddable":true,"href":"https:\/\/acronoticias.com\/index.php\/wp-json\/wp\/v2\/media\/27406"}],"wp:attachment":[{"href":"https:\/\/acronoticias.com\/index.php\/wp-json\/wp\/v2\/media?parent=27405"}],"wp:term":[{"taxonomy":"category","embeddable":true,"href":"https:\/\/acronoticias.com\/index.php\/wp-json\/wp\/v2\/categories?post=27405"},{"taxonomy":"post_tag","embeddable":true,"href":"https:\/\/acronoticias.com\/index.php\/wp-json\/wp\/v2\/tags?post=27405"}],"curies":[{"name":"wp","href":"https:\/\/api.w.org\/{rel}","templated":true}]}}