{"id":27403,"date":"2026-03-13T17:46:43","date_gmt":"2026-03-13T17:46:43","guid":{"rendered":"https:\/\/acronoticias.com\/index.php\/2026\/03\/13\/estos-son-los-ultimos-acontecimientos-de-la-guerra\/"},"modified":"2026-03-13T17:46:43","modified_gmt":"2026-03-13T17:46:43","slug":"estos-son-los-ultimos-acontecimientos-de-la-guerra","status":"publish","type":"post","link":"https:\/\/acronoticias.com\/index.php\/2026\/03\/13\/estos-son-los-ultimos-acontecimientos-de-la-guerra\/","title":{"rendered":"estos son los \u00faltimos acontecimientos de la guerra"},"content":{"rendered":"<div wp_automatic_readability=\"146.92432432432\">\n<div class=\"c-detail__author full\" wp_automatic_readability=\"5.0657894736842\">\n<div>\n<div class=\"c-detail__author__thumb\">\n<figure>\n                                <picture src=\"https:\/\/imagenes.hoy.com.do\/files\/image_square_xs\/uploads\/2025\/11\/18\/691c7d5bed035.jpeg\" data-size=\"w:40,h:40\">\n                                    <img decoding=\"async\" loading=\"lazy\" alt=\"EFE EFE\" width=\"40\" height=\"40\" src=\"https:\/\/imagenes.hoy.com.do\/files\/image_square_xs\/uploads\/2025\/11\/18\/691c7d5bed035.jpeg\"\/>\n                                <\/picture>\n                                <\/figure>\n<\/div>\n<\/div>\n<\/div>\n<p>                                                                                            <!-- --><\/p>\n<p class=\"paragraph\">La <b>tensi\u00f3n en Medio Oriente<\/b> volvi\u00f3 a su tope m\u00e1ximo este viernes, luego de que Irak regresara al centro del conflicto tras estrellarse en ese pa\u00eds un avi\u00f3n cisterna de Estados Unidos. Mientras el Pent\u00e1gono asegura que se trat\u00f3 de un accidente, milicias iraqu\u00edes reivindicaron el ataque. A esto se suma la muerte de un soldado de Francia durante un bombardeo contra una base en Erbil.<\/p>\n<p class=\"paragraph\">Entretanto, las defensas a\u00e9reas de la OTAN han interceptado dos misiles en Turqu\u00eda y la volatilidad regional contin\u00faa afectando al petr\u00f3leo, que sigue alrededor de los 100 d\u00f3lares por barril, lo que ha llevado a EE. UU. a anunciar una pausa temporal a sanciones sobre el crudo ruso.<\/p>\n<p class=\"paragraph\"><i>Aqu\u00ed lo \u00faltimo de la decimocuarta jornada de guerra:<\/i><\/p>\n<h2 class=\"subtitle\">Irak: avi\u00f3n estadounidense se estrella y soldado franc\u00e9s muere<\/h2>\n<p class=\"paragraph\"><b>&#8211; <\/b>Un avi\u00f3n cisterna KC-135 del Ej\u00e9rcito estadounidense se estrell\u00f3 en el oeste de Irak mientras apoyaba la ofensiva contra Ir\u00e1n, seg\u00fan el Comando Central del Ej\u00e9rcito de EE. UU., que agreg\u00f3 que se trat\u00f3 de un accidente no provocado ni por &#8220;fuego amigo&#8221; ni &#8220;enemigo&#8221;.<\/p>\n<p class=\"paragraph\"><b>&#8211; <\/b>La Guardia Revolucionaria de Ir\u00e1n (IRGC) asegur\u00f3 mientras que se trat\u00f3 de un ataque con un misil de la &#8220;resistencia&#8221; en Irak, y que toda la tripulaci\u00f3n \u2013seis personas\u2013 muri\u00f3, sin que haya m\u00e1s informaci\u00f3n al respecto.<\/p>\n<p class=\"paragraph\"><b>&#8211; <\/b>La Resistencia Isl\u00e1mica en Irak, paraguas de facciones armadas respaldadas por Ir\u00e1n, reivindic\u00f3 este viernes el derribo del avi\u00f3n cisterna con sistemas de defensa a\u00e9rea.<\/p>\n<p class=\"paragraph\"><b>&#8211;<\/b> La organizaci\u00f3n iraqu\u00ed afirm\u00f3 posteriormente que una segunda aeronave estadounidense fue atacada en el oeste de Irak y que el aparato aterriz\u00f3 de emergencia, con la tripulaci\u00f3n a salvo.<\/p>\n<p class=\"paragraph\"><b>&#8211;<\/b> El presidente franc\u00e9s, Emmanuel Macron, anunci\u00f3 la muerte de un militar franc\u00e9s en un ataque a una base francesa en Erbil (norte de Irak). Poco antes, trascendi\u00f3 que seis soldados franceses hab\u00edan resultado heridos all\u00ed.<\/p>\n<figure class=\"c-detail__media \" wp_automatic_readability=\"-24\"><figcaption class=\"c-detail__media__txt\" wp_automatic_readability=\"-23\">\n<p class=\"c-detail__media__subtitle\">\n<p>        <span class=\"c-detail__media__credit \">Un trabajador iran\u00ed ante las ruinas de un edificio destruido en un ataque en Teher\u00e1n. EFE<\/span><\/p>\n<\/figcaption><\/figure>\n<h2 class=\"subtitle\">Sirenas en Turqu\u00eda<\/h2>\n<p class=\"paragraph\"><b>&#8211;<\/b> La agencia de noticias turca Anadolu inform\u00f3 este viernes sobre la activaci\u00f3n de sirenas de alerta en la base a\u00e9rea de Incirlik, una instalaci\u00f3n de la OTAN bajo soberan\u00eda de Ankara con tropas estadounidenses.<\/p>\n<p class=\"paragraph\"><b>&#8211; <\/b>&#8220;Dos misiles bal\u00edsticos que se dirig\u00edan hacia Turqu\u00eda fueron interceptados por las defensas a\u00e9reas de la OTAN&#8221;, escribi\u00f3 la agencia.<\/p>\n<h2 class=\"subtitle\">Ormuz: el petr\u00f3leo supera los 100 d\u00f3lares<\/h2>\n<p class=\"paragraph\"><b>&#8211; <\/b>El precio del barril de petr\u00f3leo Brent se situaba a la 7:00 horas (06.00 GMT) del viernes en 100,13 d\u00f3lares, despu\u00e9s de que el nuevo l\u00edder supremo iran\u00ed, Mojtaba Jamene\u00ed, dijera que el cierre del estrecho de Ormuz, clave para el comercio energ\u00e9tico, debe prolongarse.<\/p>\n<p class=\"paragraph\"><b>&#8211; <\/b>El embajador de Ir\u00e1n ante la ONU, Amir Saeid Iravani, afirm\u00f3 en cambio que la naci\u00f3n persa no cerrar\u00e1 el estrecho de Ormuz.<\/p>\n<p class=\"paragraph\"><b>&#8211;<\/b> El Departamento del Tesoro estadounidense anunci\u00f3 que autorizar\u00e1 temporalmente la compra de petr\u00f3leo ruso que est\u00e9 en tr\u00e1nsito, para contener la escalada de precios de crudo provocada por la guerra.<\/p>\n<p class=\"paragraph\"><b>&#8211; <\/b>Australia dijo que liberar\u00e1 parte de sus reservas estrat\u00e9gicas de combustible, mientras Corea del Sur aplic\u00f3 un l\u00edmite temporal al precio.<\/p>\n<div class=\"c-detail__box \">\n<article class=\"c-detail__sumario \">\n<figure class=\"c-detail__sumario__thumb\" style=\"display: block;\">\n            <a href=\"#\" title=\"\">\n                <picture data-size=\"w:140,h:140\" loading=\"lazy\" src=\"https:\/\/imagenes.hoy.com.do\/files\/related_image\/uploads\/2026\/03\/13\/69b41748721da.jpeg\" data-full-src=\"https:\/\/imagenes.hoy.com.do\/uploads\/2026\/03\/13\/69b41748721da.jpeg\">\n                    <img loading=\"lazy\" decoding=\"async\" width=\"140\" height=\"140\" alt=\"J\u00f3venes\" src=\"https:\/\/imagenes.hoy.com.do\/uploads\/2026\/03\/13\/69b41748721da.jpeg\"\/>\n                <\/picture>\n            <\/a><br \/>\n        <\/figure>\n<\/article>\n<\/div>\n<h2 class=\"subtitle\">L\u00edbano: 8 muertos<\/h2>\n<p class=\"paragraph\"><b>&#8211; <\/b>Nuevos ataques de Israel a varias zonas del L\u00edbano durante la noche dejaron al menos ocho muertos y varias heridos, recoge la Agencia Nacional de Noticias libanesa (ANN).<\/p>\n<p class=\"paragraph\"><b>&#8211; <\/b>El grupo chi\u00ed liban\u00e9s proiran\u00ed Hizbul\u00e1 anunci\u00f3 nuevos ataques contra posiciones del Ej\u00e9rcito israel\u00ed.<\/p>\n<h2 class=\"subtitle\">Israel: 58 heridos<\/h2>\n<p class=\"paragraph\"><b>&#8211; <\/b>Ir\u00e1n volvi\u00f3 a atacar Israel de madrugada, con casi seis decenas de heridos en el norte del pa\u00eds, inform\u00f3 el servicio de emergencias israel\u00ed Magen David Adom (MDA) y recogieron medios locales.<\/p>\n<p class=\"paragraph\"><b>&#8211; <\/b>Este ataque es uno de los que ha tenido un impacto m\u00e1s amplio en las \u00faltimas jornadas, despu\u00e9s de que Ir\u00e1n y el grupo chi\u00ed liban\u00e9s Hizbul\u00e1 hayan lanzado misiles y drones contra Israel.<\/p>\n<h2 class=\"subtitle\">El Golfo intercepta misiles<\/h2>\n<p class=\"paragraph\"><b>&#8211; <\/b>El Ministerio de Defensa de Arabia Saud\u00ed inform\u00f3 de la interceptaci\u00f3n de varios misiles en su espacio a\u00e9reo. Las autoridades de Dub\u00e1i tambi\u00e9n comunicaron que los escombros de una &#8220;interceptaci\u00f3n exitosa&#8221; provocaron un incidente menor en la fachada de un edificio del centro de la ciudad. Las sirenas de emergencia se activaron en Bar\u00e9in .<\/p>\n<p class=\"paragraph\"><b>&#8211; <\/b>La Guardia Revolucionaria iran\u00ed amenaz\u00f3 este viernes a las tropas estadounidenses desplegadas en Oriente Medio e inst\u00f3 a que abandonen &#8220;inmediatamente&#8221; la regi\u00f3n o, de lo contrario, ser\u00e1n &#8220;enterradas bajo los escombros&#8221;.<\/p>\n<p class=\"paragraph\"><b>&#8211; <\/b>En un comunicado difundido por medios iran\u00edes, el cuerpo militar anunci\u00f3 nueva oleada de misiles dentro de la operaci\u00f3n denominada &#8216;Promesa Sadeq 4&#8217;, dirigida a objetivos israel\u00edes y estadounidenses.<\/p>\n<div class=\"c-detail__box \">\n<article class=\"c-detail__sumario \">\n<figure class=\"c-detail__sumario__thumb\" style=\"display: block;\">\n            <a href=\"#\" title=\"\">\n                <picture data-size=\"w:140,h:140\" loading=\"lazy\" src=\"https:\/\/imagenes.hoy.com.do\/files\/related_image\/uploads\/2026\/03\/08\/69adf8ebe9c49.jpeg\" data-full-src=\"https:\/\/imagenes.hoy.com.do\/uploads\/2026\/03\/08\/69adf8ebe9c49.jpeg\">\n                    <img loading=\"lazy\" decoding=\"async\" width=\"140\" height=\"140\" alt=\"\" si=\"\" no=\"\" la=\"\" obtiene,=\"\" durar&aacute;=\"\" mucho.=\"\" queremos=\"\" asegurarnos=\"\" de=\"\" tener=\"\" que=\"\" volver=\"\" a=\"\" normalidad=\"\" cada=\"\" 10=\"\" a&ntilde;os,=\"\" cuando=\"\" hay=\"\" un=\"\" presidente=\"\" como=\"\" yo=\"\" lo=\"\" haga\",=\"\" dijo=\"\" donald=\"\" trump.\"=\"\" src=\"https:\/\/imagenes.hoy.com.do\/uploads\/2026\/03\/08\/69adf8ebe9c49.jpeg\"\/>\n                <\/picture>\n            <\/a><br \/>\n        <\/figure>\n<\/article>\n<\/div>\n<h2 class=\"subtitle\">La guerra &#8220;avanza&#8221;<\/h2>\n<p class=\"paragraph\"><b>&#8211; <\/b>El presidente estadounidense, Donald Trump, asegur\u00f3 que la guerra de Ir\u00e1n &#8220;avanza r\u00e1pidamente&#8221;, reiterando su visi\u00f3n optimista sobre el desarrollo del conflicto.<\/p>\n<p class=\"paragraph\"><b>&#8211; <\/b>Trump declar\u00f3 previamente que la subida del petr\u00f3leo traer\u00e1 &#8220;mucho dinero&#8221; a Estados Unidos porque es el principal productor de petr\u00f3leo del mundo.<\/p>\n<p class=\"paragraph\"><b>&#8211; <\/b>El primer ministro israel\u00ed, Benjam\u00edn Netanyahu, prometi\u00f3 en su primera rueda de prensa desde el inicio la ofensiva que su pa\u00eds seguir\u00e1 atacando a Ir\u00e1n y L\u00edbano.<\/p>\n<\/div>\n","protected":false},"excerpt":{"rendered":"<p>La tensi\u00f3n en Medio Oriente volvi\u00f3 a su tope m\u00e1ximo este viernes, luego de que Irak regresara al centro del conflicto tras estrellarse en ese pa\u00eds un avi\u00f3n cisterna de Estados Unidos. Mientras el Pent\u00e1gono asegura que se trat\u00f3 de un accidente, milicias iraqu\u00edes reivindicaron el ataque. A esto se suma la muerte de un<\/p>\n","protected":false},"author":1,"featured_media":27404,"comment_status":"open","ping_status":"open","sticky":false,"template":"","format":"standard","meta":{"footnotes":""},"categories":[3],"tags":[],"class_list":["post-27403","post","type-post","status-publish","format-standard","has-post-thumbnail","hentry","category-internacionales"],"_links":{"self":[{"href":"https:\/\/acronoticias.com\/index.php\/wp-json\/wp\/v2\/posts\/27403","targetHints":{"allow":["GET"]}}],"collection":[{"href":"https:\/\/acronoticias.com\/index.php\/wp-json\/wp\/v2\/posts"}],"about":[{"href":"https:\/\/acronoticias.com\/index.php\/wp-json\/wp\/v2\/types\/post"}],"author":[{"embeddable":true,"href":"https:\/\/acronoticias.com\/index.php\/wp-json\/wp\/v2\/users\/1"}],"replies":[{"embeddable":true,"href":"https:\/\/acronoticias.com\/index.php\/wp-json\/wp\/v2\/comments?post=27403"}],"version-history":[{"count":0,"href":"https:\/\/acronoticias.com\/index.php\/wp-json\/wp\/v2\/posts\/27403\/revisions"}],"wp:featuredmedia":[{"embeddable":true,"href":"https:\/\/acronoticias.com\/index.php\/wp-json\/wp\/v2\/media\/27404"}],"wp:attachment":[{"href":"https:\/\/acronoticias.com\/index.php\/wp-json\/wp\/v2\/media?parent=27403"}],"wp:term":[{"taxonomy":"category","embeddable":true,"href":"https:\/\/acronoticias.com\/index.php\/wp-json\/wp\/v2\/categories?post=27403"},{"taxonomy":"post_tag","embeddable":true,"href":"https:\/\/acronoticias.com\/index.php\/wp-json\/wp\/v2\/tags?post=27403"}],"curies":[{"name":"wp","href":"https:\/\/api.w.org\/{rel}","templated":true}]}}