{"id":27401,"date":"2026-03-13T17:39:18","date_gmt":"2026-03-13T17:39:18","guid":{"rendered":"https:\/\/acronoticias.com\/index.php\/2026\/03\/13\/futbolistas-iranies-responden-a-trump-nadie-nos-puede-excluir-del-mundial\/"},"modified":"2026-03-13T17:39:18","modified_gmt":"2026-03-13T17:39:18","slug":"futbolistas-iranies-responden-a-trump-nadie-nos-puede-excluir-del-mundial","status":"publish","type":"post","link":"https:\/\/acronoticias.com\/index.php\/2026\/03\/13\/futbolistas-iranies-responden-a-trump-nadie-nos-puede-excluir-del-mundial\/","title":{"rendered":"Futbolistas iran\u00edes responden a Trump: \u00abNadie nos puede excluir del Mundial\u00bb"},"content":{"rendered":"<p><img decoding=\"async\" width=\"355\" height=\"200\" src=\"https:\/\/nuevodiario-assets.s3.us-east-2.amazonaws.com\/wp-content\/uploads\/2026\/03\/Iran-2-355x200.png\" class=\"webfeedsFeaturedVisual not-transparent wp-post-image\" alt=\"\" style=\"--dominant-color: #4d4247;margin-bottom: 5px;clear:both;max-width: 100%\" loading=\"lazy\" data-has-transparency=\"false\" data-dominant-color=\"4d4247\" \/><\/p>\n<p><strong>WASHINGTON.-<\/strong> \u00abNadie puede excluir a la selecci\u00f3n nacional de Ir\u00e1n de la Copa del Mundo\u00bb, afirm\u00f3 el Team Melli en su cuenta de Instagram en respuesta al presidente estadounidense Donald Trump, quien consider\u00f3 que los jugadores iran\u00edes no estar\u00edan \u00abseguros\u00bb si viajasen a Estados Unidos.<\/p>\n<p>\u00abEl Mundial es un acontecimiento hist\u00f3rico e internacional y su \u00f3rgano rector es la FIFA, no un individuo ni un pa\u00eds. La selecci\u00f3n nacional de Ir\u00e1n, con fuerza y una serie de victorias decisivas, ha estado entre los primeros equipos en clasificarse para este gran evento\u00bb, escribi\u00f3 la selecci\u00f3n iran\u00ed en su cuenta de Instagram.<\/p>\n<p>\u00abNadie puede excluir a la selecci\u00f3n nacional de Ir\u00e1n de la Copa del Mundo; el \u00fanico pa\u00eds que podr\u00eda ser excluido es aquel que ostenta el t\u00edtulo de &#8216;anfitri\u00f3n&#8217; y que, sin embargo, carece de capacidad para garantizar la seguridad de los equipos que participan en este evento global\u00bb, a\u00f1adi\u00f3.<\/p>\n<p>Este mensaje fue compartido por el seleccionador iran\u00ed Amir Ghalenoei en su cuenta de Instagram.<\/p>\n<p>Su publicaci\u00f3n se produce justo despu\u00e9s de un mensaje de Donald Trump en su red Truth Social en el que afirm\u00f3 el jueves que Ir\u00e1n no deber\u00eda participar en el Mundial (11 de junio-19 de julio en Estados Unidos, M\u00e9xico y Canad\u00e1) por su propia \u00abseguridad\u00bb.<\/p>\n<p>\u00abLa selecci\u00f3n nacional de Ir\u00e1n es bienvenida en la Copa del Mundo, pero realmente no creo que su presencia sea apropiada, por su propia vida y seguridad\u00bb, escribi\u00f3 Trump.<\/p>\n<p>Estados Unidos e Israel lanzaron el 28 de febrero una amplia ofensiva a\u00e9rea sobre Ir\u00e1n, decapitando en las primeras horas a la c\u00fapula pol\u00edtico-militar de la rep\u00fablica isl\u00e1mica al matar en un ataque a su gu\u00eda supremo, el ayatol\u00e1 Al\u00ed Jamenei.<\/p>\n<p>Ir\u00e1n debe enfrentarse en la primera fase mundialista a Nueva Zelanda y B\u00e9lgica en Los \u00c1ngeles, y luego a Egipto en Seattle.<\/p>\n<p>Su campo base durante el torneo estar\u00e1 situado en Tucson, Arizona.<\/p>\n<p>El presidente de la FIFA, Gianni Infantino, asegur\u00f3 el mi\u00e9rcoles que Trump le hab\u00eda prometido durante una conversaci\u00f3n acoger a la selecci\u00f3n iran\u00ed.<\/p>\n<p>\u00abEl presidente Trump reafirm\u00f3 que la selecci\u00f3n iran\u00ed estaba, por supuesto, invitada a disputar el torneo en Estados Unidos\u00bb, escribi\u00f3 Infantino en Instagram.<\/p>\n<p>La Casa Blanca confirm\u00f3 posteriormente la conversaci\u00f3n entre ambos dirigentes.<\/p>\n<p>La entrada <a href=\"https:\/\/elnuevodiario.com.do\/futbolistas-iranies-responden-a-trump-nadie-nos-puede-excluir-del-mundial\/\">Futbolistas iran\u00edes responden a Trump: \u00abNadie nos puede excluir del Mundial\u00bb<\/a> se public\u00f3 primero en <a href=\"https:\/\/elnuevodiario.com.do\">El Nuevo Diario (Rep\u00fablica Dominicana)<\/a>.<\/p>\n","protected":false},"excerpt":{"rendered":"<p>WASHINGTON.- \u00abNadie puede excluir a la selecci\u00f3n nacional de Ir\u00e1n de la Copa del Mundo\u00bb, afirm\u00f3 el Team Melli en su cuenta de Instagram en respuesta al presidente estadounidense Donald Trump, quien consider\u00f3 que los jugadores iran\u00edes no estar\u00edan \u00abseguros\u00bb si viajasen a Estados Unidos. \u00abEl Mundial es un acontecimiento hist\u00f3rico e internacional y su<\/p>\n","protected":false},"author":1,"featured_media":27402,"comment_status":"open","ping_status":"open","sticky":false,"template":"","format":"standard","meta":{"footnotes":""},"categories":[2],"tags":[],"class_list":["post-27401","post","type-post","status-publish","format-standard","has-post-thumbnail","hentry","category-deporte"],"_links":{"self":[{"href":"https:\/\/acronoticias.com\/index.php\/wp-json\/wp\/v2\/posts\/27401","targetHints":{"allow":["GET"]}}],"collection":[{"href":"https:\/\/acronoticias.com\/index.php\/wp-json\/wp\/v2\/posts"}],"about":[{"href":"https:\/\/acronoticias.com\/index.php\/wp-json\/wp\/v2\/types\/post"}],"author":[{"embeddable":true,"href":"https:\/\/acronoticias.com\/index.php\/wp-json\/wp\/v2\/users\/1"}],"replies":[{"embeddable":true,"href":"https:\/\/acronoticias.com\/index.php\/wp-json\/wp\/v2\/comments?post=27401"}],"version-history":[{"count":0,"href":"https:\/\/acronoticias.com\/index.php\/wp-json\/wp\/v2\/posts\/27401\/revisions"}],"wp:featuredmedia":[{"embeddable":true,"href":"https:\/\/acronoticias.com\/index.php\/wp-json\/wp\/v2\/media\/27402"}],"wp:attachment":[{"href":"https:\/\/acronoticias.com\/index.php\/wp-json\/wp\/v2\/media?parent=27401"}],"wp:term":[{"taxonomy":"category","embeddable":true,"href":"https:\/\/acronoticias.com\/index.php\/wp-json\/wp\/v2\/categories?post=27401"},{"taxonomy":"post_tag","embeddable":true,"href":"https:\/\/acronoticias.com\/index.php\/wp-json\/wp\/v2\/tags?post=27401"}],"curies":[{"name":"wp","href":"https:\/\/api.w.org\/{rel}","templated":true}]}}