{"id":27399,"date":"2026-03-13T17:34:20","date_gmt":"2026-03-13T17:34:20","guid":{"rendered":"https:\/\/acronoticias.com\/index.php\/2026\/03\/13\/luis-henry-molina-afirma-justicia-es-base-de-la-convivencia-social-y-limite-del-poder\/"},"modified":"2026-03-13T17:34:20","modified_gmt":"2026-03-13T17:34:20","slug":"luis-henry-molina-afirma-justicia-es-base-de-la-convivencia-social-y-limite-del-poder","status":"publish","type":"post","link":"https:\/\/acronoticias.com\/index.php\/2026\/03\/13\/luis-henry-molina-afirma-justicia-es-base-de-la-convivencia-social-y-limite-del-poder\/","title":{"rendered":"Luis Henry Molina afirma justicia es base de la convivencia social y l\u00edmite del poder"},"content":{"rendered":"<p><img loading=\"lazy\" decoding=\"async\" width=\"355\" height=\"200\" src=\"https:\/\/nuevodiario-assets.s3.us-east-2.amazonaws.com\/wp-content\/uploads\/2026\/03\/5-El-presidente-de-la-Suprema-Corte-de-Justicia-Luis-Henry-Molina-Pena-se-refirio-a-los-avances-para-mitigar-la-mora-judicial-355x200.jpeg\" class=\"webfeedsFeaturedVisual not-transparent wp-post-image\" alt=\"\" style=\"--dominant-color: #a99a8f;margin-bottom: 5px;clear:both;max-width: 100%\" data-has-transparency=\"false\" data-dominant-color=\"a99a8f\" \/><\/p>\n<p>EL NUEVO DIARIO, SANTIAGO.\u2013 El presidente de la Suprema Corte de Justicia y del Consejo del Poder Judicial, Luis Henry Molina Pe\u00f1a, afirm\u00f3 que la justicia constituye la infraestructura de la convivencia social, al ser el espacio donde una sociedad resuelve sus conflictos, protege derechos y establece l\u00edmites al poder.<\/p>\n<p>Durante su intervenci\u00f3n en el Desayuno-Conferencia Empresarial \u00abManuel Arsenio Ure\u00f1a\u00bb, el magistrado sostuvo que una justicia eficiente tambi\u00e9n representa una ventaja competitiva para el pa\u00eds. Adem\u00e1s, expres\u00f3 que la inversi\u00f3n necesita confianza y que esta, a su vez, requiere reglas claras que garanticen seguridad jur\u00eddica.<\/p>\n<p>El juez presidente expuso que fortalecer el sistema judicial implica dignificar el acceso a la justicia y promover soluciones pac\u00edficas a los conflictos.<\/p>\n<figure id=\"attachment_3047644\" aria-describedby=\"caption-attachment-3047644\" style=\"width: 1600px\" class=\"wp-caption alignnone\"><img loading=\"lazy\" decoding=\"async\" data-recalc-dims=\"1\" data-dominant-color=\"56493f\" data-has-transparency=\"false\" style=\"--dominant-color: #56493f\" class=\"size-full wp-image-3047644 not-transparent\" src=\"https:\/\/i0.wp.com\/nuevodiario-assets.s3.us-east-2.amazonaws.com\/wp-content\/uploads\/2026\/03\/2-Bernarda-de-Checo-monsenor-Hector-Rafael-Rodriguez-vicepresidenta-Raquel-pena-y-Juan-Manuel-Urena-Rodriguez.-.jpeg?resize=640%2C426&#038;quality=100&#038;ssl=1\" alt=\"\" width=\"640\" height=\"426\" \/><figcaption id=\"caption-attachment-3047644\" class=\"wp-caption-text\"><em><strong>Bernarda de Checo, monse\u00f1or H\u00e9ctor Rafael Rodr\u00edguez, vicepresidenta Raquel pe\u00f1a y Juan Manuel Ure\u00f1a Rodr\u00edguez. (Foto: Organizadores del evento)<\/strong><\/em><\/figcaption><\/figure>\n<p>En ese sentido, destac\u00f3 avances como el impulso de las salidas alternas mediante la creaci\u00f3n de un Centro de Mediaci\u00f3n en Santiago y la puesta en funcionamiento del portal justicia.gob.do, herramientas que contribuyen a reducir costos y facilitar el acceso al sistema judicial, especialmente en asuntos de familia.<\/p>\n<p>Molina anunci\u00f3 que Santiago contar\u00e1 pr\u00f3ximamente con una Ciudad Judicial, y que el actual Palacio de Justicia ser\u00e1 reorganizado y remodelado como parte de los esfuerzos por modernizar y fortalecer el servicio judicial en la regi\u00f3n.<\/p>\n<p>\u00abCuando la familia, la empresa y el Estado trabajan juntos, la dignidad se convierte en realidad y con ella llega el desarrollo\u00bb, subray\u00f3 Molina.<\/p>\n<p>El magistrado particip\u00f3 como orador invitado en la duod\u00e9cima edici\u00f3n del Desayuno-Conferencia Empresarial Manuel Arsenio Ure\u00f1a, organizado por la Fundaci\u00f3n Arquidiocesana Santiago Ap\u00f3stol (FASA), actividad celebrada en el Gran Sal\u00f3n Sam\u00e1n del Hotel Santiago Curio Collection by Hilton para respaldar las labores del Arzobispado de Santiago.<\/p>\n<p>La invocaci\u00f3n estuvo a cargo de monse\u00f1or H\u00e9ctor Rafael Rodr\u00edguez Rodr\u00edguez, arzobispo metropolitano de Santiago, mientras que las palabras de bienvenida fueron pronunciadas por Juan Manuel Ure\u00f1a, presidente de FASA y las de gratitud estuvieron a cargo de Bernarda Pe\u00f1a de Checo, directora ejecutiva de la instituci\u00f3n.<\/p>\n<p>Tras su exposici\u00f3n, el magistrado sostuvo un di\u00e1logo con Christian Molina, socio de la firma Ecija DVMS y presidente ejecutivo de la Asociaci\u00f3n de Fiduciarias Dominicanas.<\/p>\n<p>El Desayuno Empresarial cont\u00f3 con el respaldo de Banco Popular, Asociaci\u00f3n Cibao de Ahorros y Pr\u00e9stamos, Grupo BOCEL, Universal de Seguros, Manuel Arsenio Ure\u00f1a CxA, Grupo TADUG, Global B Asesores de Seguros, Magnetar Global Partners, Hotel Santiago Curio Collection by Hilton, Pontificia Universidad Cat\u00f3lica Madre y Maestra (Pucmm), Banco BHD y Estrella &amp; Tupete.<\/p>\n<p>La entrada <a href=\"https:\/\/elnuevodiario.com.do\/luis-henry-molina-afirma-justicia-es-base-de-la-convivencia-social-y-limite-del-poder\/\">Luis Henry Molina afirma justicia es base de la convivencia social y l\u00edmite del poder<\/a> se public\u00f3 primero en <a href=\"https:\/\/elnuevodiario.com.do\">El Nuevo Diario (Rep\u00fablica Dominicana)<\/a>.<\/p>\n","protected":false},"excerpt":{"rendered":"<p>EL NUEVO DIARIO, SANTIAGO.\u2013 El presidente de la Suprema Corte de Justicia y del Consejo del Poder Judicial, Luis Henry Molina Pe\u00f1a, afirm\u00f3 que la justicia constituye la infraestructura de la convivencia social, al ser el espacio donde una sociedad resuelve sus conflictos, protege derechos y establece l\u00edmites al poder. Durante su intervenci\u00f3n en el<\/p>\n","protected":false},"author":1,"featured_media":27400,"comment_status":"open","ping_status":"open","sticky":false,"template":"","format":"standard","meta":{"footnotes":""},"categories":[1],"tags":[],"class_list":["post-27399","post","type-post","status-publish","format-standard","has-post-thumbnail","hentry","category-nacionales"],"_links":{"self":[{"href":"https:\/\/acronoticias.com\/index.php\/wp-json\/wp\/v2\/posts\/27399","targetHints":{"allow":["GET"]}}],"collection":[{"href":"https:\/\/acronoticias.com\/index.php\/wp-json\/wp\/v2\/posts"}],"about":[{"href":"https:\/\/acronoticias.com\/index.php\/wp-json\/wp\/v2\/types\/post"}],"author":[{"embeddable":true,"href":"https:\/\/acronoticias.com\/index.php\/wp-json\/wp\/v2\/users\/1"}],"replies":[{"embeddable":true,"href":"https:\/\/acronoticias.com\/index.php\/wp-json\/wp\/v2\/comments?post=27399"}],"version-history":[{"count":0,"href":"https:\/\/acronoticias.com\/index.php\/wp-json\/wp\/v2\/posts\/27399\/revisions"}],"wp:featuredmedia":[{"embeddable":true,"href":"https:\/\/acronoticias.com\/index.php\/wp-json\/wp\/v2\/media\/27400"}],"wp:attachment":[{"href":"https:\/\/acronoticias.com\/index.php\/wp-json\/wp\/v2\/media?parent=27399"}],"wp:term":[{"taxonomy":"category","embeddable":true,"href":"https:\/\/acronoticias.com\/index.php\/wp-json\/wp\/v2\/categories?post=27399"},{"taxonomy":"post_tag","embeddable":true,"href":"https:\/\/acronoticias.com\/index.php\/wp-json\/wp\/v2\/tags?post=27399"}],"curies":[{"name":"wp","href":"https:\/\/api.w.org\/{rel}","templated":true}]}}