{"id":27397,"date":"2026-03-13T17:18:33","date_gmt":"2026-03-13T17:18:33","guid":{"rendered":"https:\/\/acronoticias.com\/index.php\/2026\/03\/13\/observatorio-y-policia-comunitaria-acuerdan-impulsar-talleres-sobre-derechos-humanos\/"},"modified":"2026-03-13T17:18:33","modified_gmt":"2026-03-13T17:18:33","slug":"observatorio-y-policia-comunitaria-acuerdan-impulsar-talleres-sobre-derechos-humanos","status":"publish","type":"post","link":"https:\/\/acronoticias.com\/index.php\/2026\/03\/13\/observatorio-y-policia-comunitaria-acuerdan-impulsar-talleres-sobre-derechos-humanos\/","title":{"rendered":"Observatorio y Polic\u00eda Comunitaria acuerdan impulsar talleres sobre derechos humanos"},"content":{"rendered":"<p><img loading=\"lazy\" decoding=\"async\" width=\"355\" height=\"200\" src=\"https:\/\/nuevodiario-assets.s3.us-east-2.amazonaws.com\/wp-content\/uploads\/2026\/03\/Observatorio-de-Derechos-Humanos-para-Grupos-Vulnerados-355x200.jpeg\" class=\"webfeedsFeaturedVisual not-transparent wp-post-image\" alt=\"\" style=\"--dominant-color: #af8d73;margin-bottom: 5px;clear:both;max-width: 100%\" data-has-transparency=\"false\" data-dominant-color=\"af8d73\" \/><\/p>\n<p>EL NUEVO DIARIO, SANTO DOMINGO.- El director del Observatorio de Derechos Humanos para Grupos Vulnerados, el comunicador Manuel Meccariello C\u00e1diz, realiz\u00f3 una visita de cortes\u00eda al coronel Margaro Mart\u00ednez de la Cruz, director de \u00c1rea de la Polic\u00eda Comunitaria de la Polic\u00eda Nacional, con el objetivo de fortalecer los lazos de colaboraci\u00f3n institucional y promover iniciativas conjuntas orientadas a la educaci\u00f3n ciudadana.<\/p>\n<p>Durante el encuentro, ambas autoridades conversaron sobre la importancia de mantener una relaci\u00f3n cercana entre las instituciones de seguridad y las comunidades, destacando que la proximidad con la poblaci\u00f3n contribuye a fortalecer la confianza, prevenir conflictos y promover una cultura de respeto a los derechos fundamentales.<\/p>\n<p>Como resultado del di\u00e1logo, el Observatorio y la Polic\u00eda Comunitaria acordaron desarrollar de manera conjunta capacitaciones y talleres dirigidos a j\u00f3venes de distintos sectores del pa\u00eds, con el prop\u00f3sito de abordar temas relacionados con los derechos humanos, los deberes ciudadanos y la convivencia pac\u00edfica.<\/p>\n<p><img loading=\"lazy\" decoding=\"async\" data-recalc-dims=\"1\" data-dominant-color=\"aa8f76\" data-has-transparency=\"false\" style=\"--dominant-color: #aa8f76\" class=\"alignnone wp-image-3047641 size-full not-transparent\" src=\"https:\/\/i0.wp.com\/nuevodiario-assets.s3.us-east-2.amazonaws.com\/wp-content\/uploads\/2026\/03\/Observatorio-scaled.jpeg?resize=640%2C370&#038;quality=100&#038;ssl=1\" alt=\"\" width=\"640\" height=\"370\" \/><\/p>\n<p>El comunicador Meccariello C\u00e1diz valor\u00f3 la apertura de la Polic\u00eda Nacional de la Rep\u00fablica Dominicana hacia la ciudadan\u00eda y resalt\u00f3 la importancia de promover espacios educativos que permitan orientar a la juventud sobre sus derechos y responsabilidades dentro de la sociedad.<\/p>\n<p>\u201cEs fundamental que las instituciones trabajen de la mano con las comunidades. La educaci\u00f3n en derechos humanos y en valores ciudadanos es clave para fortalecer la convivencia y construir una sociedad m\u00e1s justa e inclusiva\u201d, expres\u00f3 Meccariello.<\/p>\n<p>De su lado, el coronel Margaro Mart\u00ednez de la Cruz agradeci\u00f3 la visita del Observatorio y destac\u00f3 la importancia de este tipo de alianzas para continuar desarrollando iniciativas que acerquen la Polic\u00eda a la poblaci\u00f3n, especialmente a los j\u00f3venes.<\/p>\n<p>La entrada <a href=\"https:\/\/elnuevodiario.com.do\/observatorio-y-policia-comunitaria-acuerdan-impulsar-talleres-sobre-derechos-humanos\/\">Observatorio y Polic\u00eda Comunitaria acuerdan impulsar talleres sobre derechos humanos<\/a> se public\u00f3 primero en <a href=\"https:\/\/elnuevodiario.com.do\">El Nuevo Diario (Rep\u00fablica Dominicana)<\/a>.<\/p>\n","protected":false},"excerpt":{"rendered":"<p>EL NUEVO DIARIO, SANTO DOMINGO.- El director del Observatorio de Derechos Humanos para Grupos Vulnerados, el comunicador Manuel Meccariello C\u00e1diz, realiz\u00f3 una visita de cortes\u00eda al coronel Margaro Mart\u00ednez de la Cruz, director de \u00c1rea de la Polic\u00eda Comunitaria de la Polic\u00eda Nacional, con el objetivo de fortalecer los lazos de colaboraci\u00f3n institucional y promover<\/p>\n","protected":false},"author":1,"featured_media":27398,"comment_status":"open","ping_status":"open","sticky":false,"template":"","format":"standard","meta":{"footnotes":""},"categories":[1],"tags":[],"class_list":["post-27397","post","type-post","status-publish","format-standard","has-post-thumbnail","hentry","category-nacionales"],"_links":{"self":[{"href":"https:\/\/acronoticias.com\/index.php\/wp-json\/wp\/v2\/posts\/27397","targetHints":{"allow":["GET"]}}],"collection":[{"href":"https:\/\/acronoticias.com\/index.php\/wp-json\/wp\/v2\/posts"}],"about":[{"href":"https:\/\/acronoticias.com\/index.php\/wp-json\/wp\/v2\/types\/post"}],"author":[{"embeddable":true,"href":"https:\/\/acronoticias.com\/index.php\/wp-json\/wp\/v2\/users\/1"}],"replies":[{"embeddable":true,"href":"https:\/\/acronoticias.com\/index.php\/wp-json\/wp\/v2\/comments?post=27397"}],"version-history":[{"count":0,"href":"https:\/\/acronoticias.com\/index.php\/wp-json\/wp\/v2\/posts\/27397\/revisions"}],"wp:featuredmedia":[{"embeddable":true,"href":"https:\/\/acronoticias.com\/index.php\/wp-json\/wp\/v2\/media\/27398"}],"wp:attachment":[{"href":"https:\/\/acronoticias.com\/index.php\/wp-json\/wp\/v2\/media?parent=27397"}],"wp:term":[{"taxonomy":"category","embeddable":true,"href":"https:\/\/acronoticias.com\/index.php\/wp-json\/wp\/v2\/categories?post=27397"},{"taxonomy":"post_tag","embeddable":true,"href":"https:\/\/acronoticias.com\/index.php\/wp-json\/wp\/v2\/tags?post=27397"}],"curies":[{"name":"wp","href":"https:\/\/api.w.org\/{rel}","templated":true}]}}