{"id":27389,"date":"2026-03-13T16:37:43","date_gmt":"2026-03-13T16:37:43","guid":{"rendered":"https:\/\/acronoticias.com\/index.php\/2026\/03\/13\/carolina-proyectara-juego-del-clasico-mundial-entre-rd-y-corea-del-sur-en-el-malecon\/"},"modified":"2026-03-13T16:37:43","modified_gmt":"2026-03-13T16:37:43","slug":"carolina-proyectara-juego-del-clasico-mundial-entre-rd-y-corea-del-sur-en-el-malecon","status":"publish","type":"post","link":"https:\/\/acronoticias.com\/index.php\/2026\/03\/13\/carolina-proyectara-juego-del-clasico-mundial-entre-rd-y-corea-del-sur-en-el-malecon\/","title":{"rendered":"Carolina proyectar\u00e1 juego del Cl\u00e1sico Mundial entre RD y Corea del Sur en el malec\u00f3n\u00a0"},"content":{"rendered":"<p><img decoding=\"async\" width=\"355\" height=\"200\" src=\"https:\/\/nuevodiario-assets.s3.us-east-2.amazonaws.com\/wp-content\/uploads\/2026\/03\/Carolina-proyectara-juego-entre-RD-y-Corea-en-el-malecon-3-355x200.jpeg\" class=\"webfeedsFeaturedVisual not-transparent wp-post-image\" alt=\"\" style=\"--dominant-color: #554e4b;margin-bottom: 5px;clear:both;max-width: 100%\" loading=\"lazy\" data-has-transparency=\"false\" data-dominant-color=\"554e4b\" \/><\/p>\n<p data-start=\"0\" data-end=\"296\">EL NUEVO DIARIO, SANTO DOMINGO.\u2013 La alcaldesa del Distrito Nacional, Carolina Mej\u00eda, y el Grupo de Medios Panorama anunciaron la transmisi\u00f3n en pantalla gigante del encuentro del Cl\u00e1sico Mundial de B\u00e9isbol entre Rep\u00fablica Dominicana y Corea del Sur, este viernes a partir de las 6:30 de la tarde.<\/p>\n<p data-start=\"298\" data-end=\"495\">Esta iniciativa, liderada por la alcaldesa del Distrito Nacional y Miguel Medina, presidente del Grupo de Medios Panorama, busca replicar la experiencia de la proyecci\u00f3n del juego contra Venezuela.<\/p>\n<p data-start=\"497\" data-end=\"748\">La actividad se realizar\u00e1, por segunda vez, en la Plaza Santo Domingo, ubicada en la avenida George Washington esquina Abraham Lincoln, ofreciendo pantallas gigantes, seguridad, ba\u00f1os y puestos de comida y bebida.<\/p>\n<figure id=\"attachment_3047411\" aria-describedby=\"caption-attachment-3047411\" style=\"width: 2560px\" class=\"wp-caption alignnone\"><img loading=\"lazy\" decoding=\"async\" data-recalc-dims=\"1\" data-dominant-color=\"6d5a59\" data-has-transparency=\"false\" style=\"--dominant-color: #6d5a59\" class=\"size-full wp-image-3047411 not-transparent\" src=\"https:\/\/i0.wp.com\/nuevodiario-assets.s3.us-east-2.amazonaws.com\/wp-content\/uploads\/2026\/03\/Carolina-proyectara-juego-entre-RD-y-Corea-en-el-malecon-2.jpeg?resize=640%2C427&#038;quality=100&#038;ssl=1\" alt=\"\" width=\"640\" height=\"427\" \/><figcaption id=\"caption-attachment-3047411\" class=\"wp-caption-text\"><em><strong>La alcaldesa Carolina Mej\u00eda durante la proyecci\u00f3n del juego entre Rep\u00fablica Dominicana y Venezuela. (Foto: Direcci\u00f3n de Comunicaciones ADN)<\/strong><\/em><\/figcaption><\/figure>\n<p>\u00abInvitamos a los capitale\u00f1os a ser parte de esta proyecci\u00f3n, disfrutando en orden y armon\u00eda del gran encuentro deportivo, ondeando banderas y vistiendo la indumentaria del equipo para apoyar otra victoria de Rep\u00fablica Dominicana\u00bb, expres\u00f3 Carolina Mej\u00eda, mediante un comunicado.<\/p>\n<figure id=\"attachment_3047414\" aria-describedby=\"caption-attachment-3047414\" style=\"width: 2560px\" class=\"wp-caption alignnone\"><img loading=\"lazy\" decoding=\"async\" data-recalc-dims=\"1\" data-dominant-color=\"3e3931\" data-has-transparency=\"false\" style=\"--dominant-color: #3e3931\" class=\"size-full wp-image-3047414 not-transparent\" src=\"https:\/\/i0.wp.com\/nuevodiario-assets.s3.us-east-2.amazonaws.com\/wp-content\/uploads\/2026\/03\/Carolina-proyectara-juego-entre-RD-y-Corea-en-el-malecon-1.jpeg?resize=640%2C360&#038;quality=100&#038;ssl=1\" alt=\"\" width=\"640\" height=\"360\" \/><figcaption id=\"caption-attachment-3047414\" class=\"wp-caption-text\"><em><strong>Vista panor\u00e1mica de la actividad pasada. (Foto: Direcci\u00f3n de Comunicaciones ADN)<\/strong><\/em><\/figcaption><\/figure>\n<p>El equipo dominicano avanz\u00f3 a la segunda ronda del Cl\u00e1sico Mundial de B\u00e9isbol con un r\u00e9cord perfecto de cuatro victorias, consolid\u00e1ndose como uno de los principales contendientes al t\u00edtulo, tras vencer a Venezuela, Israel, Pa\u00edses Bajos, Panam\u00e1 y Nicaragua con una ofensiva poderosa.<\/p>\n<p>La entrada <a href=\"https:\/\/elnuevodiario.com.do\/carolina-proyectara-juego-entre-rd-y-corea-del-sur-en-el-malecon\/\">Carolina proyectar\u00e1 juego del Cl\u00e1sico Mundial entre RD y Corea del Sur en el malec\u00f3n\u00a0<\/a> se public\u00f3 primero en <a href=\"https:\/\/elnuevodiario.com.do\">El Nuevo Diario (Rep\u00fablica Dominicana)<\/a>.<\/p>\n","protected":false},"excerpt":{"rendered":"<p>EL NUEVO DIARIO, SANTO DOMINGO.\u2013 La alcaldesa del Distrito Nacional, Carolina Mej\u00eda, y el Grupo de Medios Panorama anunciaron la transmisi\u00f3n en pantalla gigante del encuentro del Cl\u00e1sico Mundial de B\u00e9isbol entre Rep\u00fablica Dominicana y Corea del Sur, este viernes a partir de las 6:30 de la tarde. Esta iniciativa, liderada por la alcaldesa del<\/p>\n","protected":false},"author":1,"featured_media":27390,"comment_status":"open","ping_status":"open","sticky":false,"template":"","format":"standard","meta":{"footnotes":""},"categories":[2],"tags":[],"class_list":["post-27389","post","type-post","status-publish","format-standard","has-post-thumbnail","hentry","category-deporte"],"_links":{"self":[{"href":"https:\/\/acronoticias.com\/index.php\/wp-json\/wp\/v2\/posts\/27389","targetHints":{"allow":["GET"]}}],"collection":[{"href":"https:\/\/acronoticias.com\/index.php\/wp-json\/wp\/v2\/posts"}],"about":[{"href":"https:\/\/acronoticias.com\/index.php\/wp-json\/wp\/v2\/types\/post"}],"author":[{"embeddable":true,"href":"https:\/\/acronoticias.com\/index.php\/wp-json\/wp\/v2\/users\/1"}],"replies":[{"embeddable":true,"href":"https:\/\/acronoticias.com\/index.php\/wp-json\/wp\/v2\/comments?post=27389"}],"version-history":[{"count":0,"href":"https:\/\/acronoticias.com\/index.php\/wp-json\/wp\/v2\/posts\/27389\/revisions"}],"wp:featuredmedia":[{"embeddable":true,"href":"https:\/\/acronoticias.com\/index.php\/wp-json\/wp\/v2\/media\/27390"}],"wp:attachment":[{"href":"https:\/\/acronoticias.com\/index.php\/wp-json\/wp\/v2\/media?parent=27389"}],"wp:term":[{"taxonomy":"category","embeddable":true,"href":"https:\/\/acronoticias.com\/index.php\/wp-json\/wp\/v2\/categories?post=27389"},{"taxonomy":"post_tag","embeddable":true,"href":"https:\/\/acronoticias.com\/index.php\/wp-json\/wp\/v2\/tags?post=27389"}],"curies":[{"name":"wp","href":"https:\/\/api.w.org\/{rel}","templated":true}]}}