{"id":27128,"date":"2026-03-12T14:28:35","date_gmt":"2026-03-12T14:28:35","guid":{"rendered":"https:\/\/acronoticias.com\/index.php\/2026\/03\/12\/convocan-a-escritores-de-obras-publicadas-en-2025-participar-en-premio-nacional-eduardo-leon-jimenes-el-nuevo-diario-republica-dominicana\/"},"modified":"2026-03-12T14:28:35","modified_gmt":"2026-03-12T14:28:35","slug":"convocan-a-escritores-de-obras-publicadas-en-2025-participar-en-premio-nacional-eduardo-leon-jimenes-el-nuevo-diario-republica-dominicana","status":"publish","type":"post","link":"https:\/\/acronoticias.com\/index.php\/2026\/03\/12\/convocan-a-escritores-de-obras-publicadas-en-2025-participar-en-premio-nacional-eduardo-leon-jimenes-el-nuevo-diario-republica-dominicana\/","title":{"rendered":"Convocan a escritores de obras publicadas en 2025 participar en Premio Nacional Eduardo Le\u00f3n Jimenes \u2013 El Nuevo Diario (Rep\u00fablica Dominicana)"},"content":{"rendered":"<p><i class=\"bi bi-camera-fill\" style=\"font-size:18px; color:var(--rojo)\"\/> Fachada Ministerio de Cultura. (Foto; fuente externa) <\/p>\n<div>\n<div id=\"gemini-summary-wrapper\" class=\"mb-3\">\n                <button id=\"btn-get-summary\" class=\"gemini-btn\" data-post-id=\"3046123\" data-post-title=\"Convocan a escritores de obras publicadas en 2025 participar en Premio Nacional Eduardo Le\u00f3n Jimenes\"><br \/>\n                    Leer resumen <b class=\"d-none d-md-inline\">de la noticia<\/b> (IA) <span>CLICK AQU\u00cd<\/span><br \/>\n                <\/button><\/p>\n<div id=\"gemini-loading\" class=\"mb-3\">\n<p>                    <span>Analizando noticia&#8230; por favor espera.<\/span>\n                <\/div>\n<\/p><\/div>\n<p>EL NUEVO DIARIO, SANTO DOMINGO. \u2013 El Ministerio de Cultura y la Fundaci\u00f3n Eduardo Le\u00f3n convocaron este jueves a todos los escritores dominicanos cuyas obras hayan sido publicadas entre el primero de enero y el 31 de diciembre de 2025 a participar en el Premio Nacional Feria del Libro Eduardo Le\u00f3n Jimenes 2026.<\/p>\n<p>De acuerdo con un comunicado, el plazo para la recepci\u00f3n de las obras se extender\u00e1 hasta el viernes 29 de mayo.<\/p>\n<p>El ganador del concurso tendr\u00e1 una dotaci\u00f3n de RD$1,000,000.00, neto de impuesto, que ser\u00e1 entregado en el marco de la vig\u00e9sima octava feria, en una fecha que ser\u00e1 anunciada m\u00e1s adelante.<\/p>\n<p>Las instituciones a cargo indicaron que el galard\u00f3n busca reconocer y estimular la labor de autores dominicanos, contribuyendo a enriquecer la bibliograf\u00eda nacional.<\/p>\n<h3>Bases del concurso<\/h3>\n<p>La participaci\u00f3n de las obras y la selecci\u00f3n del libro ganador del Premio Nacional Feria del Libro Eduardo Le\u00f3n Jimenes 2026 se realizar\u00e1n conforme a las siguientes bases:<\/p>\n<ol>\n<li>El autor o autora del libro debe ser ciudadano dominicano o naturalizado como tal, residente en la Rep\u00fablica Dominicana o en el extranjero.<\/li>\n<li>La obra debe haber sido impresa y puesta a disposici\u00f3n del p\u00fablico para su adquisici\u00f3n en el pa\u00eds o en el extranjero entre el 1 de enero y el 31 de diciembre del a\u00f1o 2025.<\/li>\n<li>Debe estar escrita en lengua espa\u00f1ola, sin importar que la edici\u00f3n del texto incluya traducci\u00f3n a uno o m\u00e1s idiomas.<\/li>\n<li>Este premio est\u00e1 dirigido de manera exclusiva a la primera edici\u00f3n del libro. Podr\u00e1n participar obras creativas de ficci\u00f3n y no ficci\u00f3n que incluyan diversos g\u00e9neros literarios, as\u00ed como ediciones cr\u00edticas de obras hist\u00f3ricas o literarias. Las obras deben haber sido publicadas y estar disponibles comercialmente para su adquisici\u00f3n por el p\u00fablico.<\/li>\n<\/ol>\n<ul>\n<li>La edici\u00f3n original del libro deber\u00e1 consignar el editor, el mes y a\u00f1o de publicaci\u00f3n y el n\u00famero de ISBN.<\/li>\n<li>No podr\u00e1n concursar reediciones o reimpresiones corregidas, modificadas, aumentadas o anotadas con anterioridad al per\u00edodo del 1 de enero al 31 de diciembre de 2025, es decir, al per\u00edodo de premiaci\u00f3n, aun cuando hubiesen sido editadas con un t\u00edtulo diferente.<\/li>\n<li>Tampoco podr\u00e1n ser sometidas al premio las ediciones de libros que sean la recopilaci\u00f3n de art\u00edculos publicados de manera serial o peri\u00f3dica en la prensa o en medios de comunicaci\u00f3n convencionales, digitales o revistas; ni las compilaciones de ensayos literarios, cap\u00edtulos de textos investigativos hist\u00f3ricos, ciencia ficci\u00f3n, estudios ling\u00fc\u00edsticos, estudios acad\u00e9micos y\/o cient\u00edficos, cap\u00edtulos de obras narrativas, colecciones de relatos, poemas, dramas, historietas o cualesquiera escritos diversos de creaci\u00f3n; ni las compilaciones de textos (independientemente de su g\u00e9nero o variedad tem\u00e1tica) dados a conocer de manera original en plataformas digitales como Facebook, Instagram, Threads o cualquier otra.<\/li>\n<\/ul>\n<ol start=\"5\">\n<li>Los interesados en participar en el premio deber\u00e1n depositar cinco (5) ejemplares del libro concursante <strong>en<\/strong> las oficinas de la Direcci\u00f3n de las Ferias del Libro, situadas en la Plaza de la Cultura Juan Pablo Duarte, avenida M\u00e1ximo G\u00f3mez, esquina Pedro Henr\u00edquez Ure\u00f1a, de la ciudad de Santo Domingo.<\/li>\n<\/ol>\n<p><strong>Estos ejemplares vendr\u00e1n acompa\u00f1ados de:<\/strong><\/p>\n<p>a. Formulario de participaci\u00f3n debidamente completado, que estar\u00e1 disponible en la p\u00e1gina web del Ministerio de Cultura y en las oficinas de la Feria del Libro.<br \/>b. Copia de la c\u00e9dula del autor\/a.<br \/>c. Carta de autorizaci\u00f3n firmada por el\/la autor\/a.<br \/>d. Certificaci\u00f3n de la imprenta o casa editora con la fecha de impresi\u00f3n y la cantidad de ejemplares impresos.<br \/>e. Certificaci\u00f3n por parte de la Biblioteca Nacional que acredite que los ejemplares han sido depositados tal y como indica la ley.<br \/>f. Certificaci\u00f3n de expedici\u00f3n de ISBN por la agencia ISBN correspondiente, local o internacional, a la casa editora del libro.<br \/>g. El registro de ISBN del libro y su copyright tienen que coincidir con la fecha de impresi\u00f3n de la obra.<\/p>\n<p><em><strong>No se admitir\u00e1n formularios incompletos.<\/strong><\/em><br \/>Los ejemplares presentados a concurso no ser\u00e1n devueltos.<\/p>\n<ol start=\"6\">\n<li>Las obras que participen en el premio ser\u00e1n presentadas por su\/sus autores o representantes, personas f\u00edsicas o morales autorizadas por el\/los autores de la obra a trav\u00e9s de un documento escrito.<\/li>\n<li>El plazo para la recepci\u00f3n de las obras se extiende desde la fecha de publicaci\u00f3n de la presente convocatoria hasta el viernes 29 de mayo de 2026, a las cuatro de la tarde. Cerrado el plazo, se proceder\u00e1 a levantar un acta notarial en la que se registrar\u00e1n los t\u00edtulos de los libros y los nombres de los autores participantes.<\/li>\n<li>El jurado seleccionador de la obra ganadora estar\u00e1 constituido por tres intelectuales dominicanos de reconocido prestigio, escogidos por la Direcci\u00f3n de las Ferias del Libro y que, durante ese proceso, no ocupen posiciones en el Ministerio de Cultura o sus dependencias.<\/li>\n<li>El director de las Ferias del Libro ser\u00e1 presidente ex oficio del jurado, con voz, pero sin voto. Participar\u00e1 en las reuniones de deliberaci\u00f3n del jurado en compa\u00f1\u00eda de la presidenta de la Fundaci\u00f3n Eduardo Le\u00f3n Jimenes, quien igualmente tendr\u00e1 voz, pero sin voto. El director de las Ferias del Libro podr\u00e1 delegar sus funciones en alg\u00fan otro miembro de la Comisi\u00f3n Organizadora de la Feria del Libro.<\/li>\n<li>No podr\u00e1n concursar libros de la autor\u00eda de los miembros de la Direcci\u00f3n de las Ferias del Libro, de la Direcci\u00f3n General del Libro y la Lectura, de los viceministerios de Cultura ni del titular del Ministerio. Tampoco las obras que hayan sido publicadas o patrocinadas por las instituciones convocantes.<\/li>\n<li>Los criterios que el jurado tomar\u00e1 en cuenta para el otorgamiento del premio son los siguientes: trascendencia de la obra publicada, calidad y manejo del lenguaje, destreza intelectual o capacidad creadora, estructura del libro, originalidad y contribuci\u00f3n a la bibliograf\u00eda nacional.<\/li>\n<li>El premio tendr\u00e1 una dotaci\u00f3n de RD$1,000,000.00 (un mill\u00f3n de pesos dominicanos netos de impuestos) y un diploma de reconocimiento. La dotaci\u00f3n econ\u00f3mica ser\u00e1 aportada por la Fundaci\u00f3n Eduardo Le\u00f3n Jimenes, auspiciadora del galard\u00f3n, y el diploma de reconocimiento ser\u00e1 otorgado por el Ministerio de Cultura de la Rep\u00fablica Dominicana y la Fundaci\u00f3n Eduardo Le\u00f3n Jimenes.<\/li>\n<li>Del libro premiado, el Ministerio de Cultura de la Rep\u00fablica Dominicana reimprimir\u00e1 500 ejemplares que ser\u00e1n distribuidos a raz\u00f3n de 200 para el autor, 200 para el Ministerio de Cultura de la Rep\u00fablica Dominicana y 100 para la Fundaci\u00f3n Eduardo Le\u00f3n Jimenes. Cada uno de los beneficiarios de esa distribuci\u00f3n podr\u00e1 disponer libremente de esos ejemplares sin tener que reportar o compensar en forma alguna a los dem\u00e1s beneficiarios.<\/li>\n<li>El jurado solo escoger\u00e1 un libro como ganador.<\/li>\n<li>La decisi\u00f3n del jurado ser\u00e1 inapelable.<\/li>\n<li>La entrega del premio se llevar\u00e1 a cabo en un acto solemne dentro del marco de la 28.\u00aa Feria Internacional del Libro Santo Domingo 2026, en una fecha que ser\u00e1 anunciada oportunamente por el Ministerio de Cultura de la Rep\u00fablica Dominicana.<\/li>\n<\/ol>\n<p>\u00a0<\/p>\n<p><h3 class=\"jp-relatedposts-headline\"><em>Relacionado<\/em><\/h3>\n<\/p>\n<p>\t\t\t\t\t\t<!-- .entry-footer --><br \/>\n\t\t\t\t\t\t<!-- \n\n<div data-type=\"_mgwidget\" data-widget-id=\"1743501\"><\/div>\n\n  -->\n\t\t\t\t\t<\/div>\n","protected":false},"excerpt":{"rendered":"<p>Fachada Ministerio de Cultura. (Foto; fuente externa) Leer resumen de la noticia (IA) CLICK AQU\u00cd Analizando noticia&#8230; por favor espera. EL NUEVO DIARIO, SANTO DOMINGO. \u2013 El Ministerio de Cultura y la Fundaci\u00f3n Eduardo Le\u00f3n convocaron este jueves a todos los escritores dominicanos cuyas obras hayan sido publicadas entre el primero de enero y el<\/p>\n","protected":false},"author":1,"featured_media":27129,"comment_status":"open","ping_status":"open","sticky":false,"template":"","format":"standard","meta":{"footnotes":""},"categories":[1],"tags":[],"class_list":["post-27128","post","type-post","status-publish","format-standard","has-post-thumbnail","hentry","category-nacionales"],"_links":{"self":[{"href":"https:\/\/acronoticias.com\/index.php\/wp-json\/wp\/v2\/posts\/27128","targetHints":{"allow":["GET"]}}],"collection":[{"href":"https:\/\/acronoticias.com\/index.php\/wp-json\/wp\/v2\/posts"}],"about":[{"href":"https:\/\/acronoticias.com\/index.php\/wp-json\/wp\/v2\/types\/post"}],"author":[{"embeddable":true,"href":"https:\/\/acronoticias.com\/index.php\/wp-json\/wp\/v2\/users\/1"}],"replies":[{"embeddable":true,"href":"https:\/\/acronoticias.com\/index.php\/wp-json\/wp\/v2\/comments?post=27128"}],"version-history":[{"count":0,"href":"https:\/\/acronoticias.com\/index.php\/wp-json\/wp\/v2\/posts\/27128\/revisions"}],"wp:featuredmedia":[{"embeddable":true,"href":"https:\/\/acronoticias.com\/index.php\/wp-json\/wp\/v2\/media\/27129"}],"wp:attachment":[{"href":"https:\/\/acronoticias.com\/index.php\/wp-json\/wp\/v2\/media?parent=27128"}],"wp:term":[{"taxonomy":"category","embeddable":true,"href":"https:\/\/acronoticias.com\/index.php\/wp-json\/wp\/v2\/categories?post=27128"},{"taxonomy":"post_tag","embeddable":true,"href":"https:\/\/acronoticias.com\/index.php\/wp-json\/wp\/v2\/tags?post=27128"}],"curies":[{"name":"wp","href":"https:\/\/api.w.org\/{rel}","templated":true}]}}