{"id":27120,"date":"2026-03-12T13:56:45","date_gmt":"2026-03-12T13:56:45","guid":{"rendered":"https:\/\/acronoticias.com\/index.php\/2026\/03\/12\/presidente-de-chile-rompe-protocolo-para-felicitar-a-abinader-y-a-su-esposa-por-su-aniversario-de-boda\/"},"modified":"2026-03-12T13:56:45","modified_gmt":"2026-03-12T13:56:45","slug":"presidente-de-chile-rompe-protocolo-para-felicitar-a-abinader-y-a-su-esposa-por-su-aniversario-de-boda","status":"publish","type":"post","link":"https:\/\/acronoticias.com\/index.php\/2026\/03\/12\/presidente-de-chile-rompe-protocolo-para-felicitar-a-abinader-y-a-su-esposa-por-su-aniversario-de-boda\/","title":{"rendered":"Presidente de Chile rompe protocolo para felicitar a Abinader y a su esposa por su aniversario de boda"},"content":{"rendered":"<div data-td-block-uid=\"tdi_101\">\n<div class=\"tdb-block-inner td-fix-index\">\n<p>El presidente de\u00a0<strong>Chile<\/strong>,\u00a0<strong>Jos\u00e9 Antonio Kast<\/strong>, interrumpi\u00f3 este mi\u00e9rcoles brevemente el protocolo durante un\u00a0<strong>almuerzo oficial<\/strong>\u00a0con delegaciones internacionales para felicitar al mandatario dominicano,\u00a0<strong>Luis Abinader<\/strong>, y a la primera dama,\u00a0<strong>Raquel Arbaje<\/strong>, quienes celebran su\u00a0<strong>aniversario n\u00famero 31<\/strong>\u00a0de matrimonio.<\/p>\n<p>El gesto ocurri\u00f3 en el\u00a0<strong>Palacio de Cerro Castillo<\/strong>, en el marco de las actividades oficiales tras la\u00a0<strong>transmisi\u00f3n de mando<\/strong>\u00a0presidencial en\u00a0<strong>Chile<\/strong>. Durante su intervenci\u00f3n, Kast pidi\u00f3 la atenci\u00f3n de los presentes para dedicar un\u00a0<strong>brindis especial<\/strong>\u00a0a la pareja presidencial dominicana.<\/p>\n<p>\u00abHoy es un d\u00eda muy relevante porque celebran su\u00a0<strong>aniversario n\u00famero 31<\/strong>. A nuestros grandes amigos de Rep\u00fablica Dominicana queremos agradecerles su presencia y el afecto que siempre nos han brindado\u00bb, expres\u00f3 el mandatario chileno.<\/p>\n<p>En su mensaje, Kast tambi\u00e9n valor\u00f3 la relaci\u00f3n entre\u00a0<strong>Chile<\/strong>\u00a0y Rep\u00fablica Dominicana y manifest\u00f3 la disposici\u00f3n de su gobierno de fortalecer la cooperaci\u00f3n con la regi\u00f3n.<\/p>\n<p>Asimismo, el presidente chileno hizo referencia a la\u00a0<strong>situaci\u00f3n de Hait\u00ed<\/strong>, destacando la necesidad de\u00a0<strong>trabajar conjuntamente<\/strong>\u00a0por la\u00a0<strong>estabilidad de la isla<\/strong>\u00a0que comparte con Rep\u00fablica Dominicana.<\/p>\n<p>En el encuentro tambi\u00e9n particip\u00f3 el rey de Espa\u00f1a, Felipe VI, quien sostuvo\u00a0<strong>reuniones bilaterales<\/strong>\u00a0con las autoridades chilenas durante su visita al pa\u00eds.<\/p>\n<p>La felicitaci\u00f3n gener\u00f3 un\u00a0<strong>momento distendido<\/strong>\u00a0entre los asistentes al\u00a0<strong>almuerzo oficial<\/strong>, donde l\u00edderes y delegaciones internacionales compartieron tras la ceremonia de cambio de mando celebrada en\u00a0<strong>Chile<\/strong>.<\/p>\n<figure class=\"wp-block-embed is-type-rich is-provider-twitter wp-block-embed-twitter\">\n<div class=\"wp-block-embed__wrapper\">\n<div class=\"embed-twitter\">\n<blockquote class=\"twitter-tweet\" data-width=\"550\" data-dnt=\"true\">\n<p lang=\"es\" dir=\"ltr\">El presidente de\u00a0Chile,\u00a0Jos\u00e9 Antonio Kast, interrumpi\u00f3 este mi\u00e9rcoles brevemente el protocolo durante un\u00a0almuerzo oficial\u00a0con delegaciones internacionales para felicitar al mandatario dominicano,\u00a0Luis Abinader, y a la primera dama,\u00a0Raquel Arbaje, quienes celebran su\u00a0aniversario\u2026 <a href=\"https:\/\/t.co\/OHD69d9XOG\">pic.twitter.com\/OHD69d9XOG<\/a><\/p>\n<p>\u2014 Noticias RNN (@NoticiasRNN) <a href=\"https:\/\/twitter.com\/NoticiasRNN\/status\/2031886381576765701?ref_src=twsrc%5Etfw\">March 12, 2026<\/a><\/p><\/blockquote>\n<\/div>\n<\/div>\n<\/figure>\n<\/div>\n<\/div>\n<p><script async src=\"\/\/platform.twitter.com\/widgets.js\" charset=\"utf-8\"><\/script><\/p>\n","protected":false},"excerpt":{"rendered":"<p>El presidente de\u00a0Chile,\u00a0Jos\u00e9 Antonio Kast, interrumpi\u00f3 este mi\u00e9rcoles brevemente el protocolo durante un\u00a0almuerzo oficial\u00a0con delegaciones internacionales para felicitar al mandatario dominicano,\u00a0Luis Abinader, y a la primera dama,\u00a0Raquel Arbaje, quienes celebran su\u00a0aniversario n\u00famero 31\u00a0de matrimonio. El gesto ocurri\u00f3 en el\u00a0Palacio de Cerro Castillo, en el marco de las actividades oficiales tras la\u00a0transmisi\u00f3n de mando\u00a0presidencial en\u00a0Chile. Durante<\/p>\n","protected":false},"author":1,"featured_media":27121,"comment_status":"open","ping_status":"open","sticky":false,"template":"","format":"standard","meta":{"footnotes":""},"categories":[1],"tags":[],"class_list":["post-27120","post","type-post","status-publish","format-standard","has-post-thumbnail","hentry","category-nacionales"],"_links":{"self":[{"href":"https:\/\/acronoticias.com\/index.php\/wp-json\/wp\/v2\/posts\/27120","targetHints":{"allow":["GET"]}}],"collection":[{"href":"https:\/\/acronoticias.com\/index.php\/wp-json\/wp\/v2\/posts"}],"about":[{"href":"https:\/\/acronoticias.com\/index.php\/wp-json\/wp\/v2\/types\/post"}],"author":[{"embeddable":true,"href":"https:\/\/acronoticias.com\/index.php\/wp-json\/wp\/v2\/users\/1"}],"replies":[{"embeddable":true,"href":"https:\/\/acronoticias.com\/index.php\/wp-json\/wp\/v2\/comments?post=27120"}],"version-history":[{"count":0,"href":"https:\/\/acronoticias.com\/index.php\/wp-json\/wp\/v2\/posts\/27120\/revisions"}],"wp:featuredmedia":[{"embeddable":true,"href":"https:\/\/acronoticias.com\/index.php\/wp-json\/wp\/v2\/media\/27121"}],"wp:attachment":[{"href":"https:\/\/acronoticias.com\/index.php\/wp-json\/wp\/v2\/media?parent=27120"}],"wp:term":[{"taxonomy":"category","embeddable":true,"href":"https:\/\/acronoticias.com\/index.php\/wp-json\/wp\/v2\/categories?post=27120"},{"taxonomy":"post_tag","embeddable":true,"href":"https:\/\/acronoticias.com\/index.php\/wp-json\/wp\/v2\/tags?post=27120"}],"curies":[{"name":"wp","href":"https:\/\/api.w.org\/{rel}","templated":true}]}}