{"id":27116,"date":"2026-03-12T13:24:37","date_gmt":"2026-03-12T13:24:37","guid":{"rendered":"https:\/\/acronoticias.com\/index.php\/2026\/03\/12\/feda-impulsa-arborizacion-urbana-con-charla-y-entrega-de-plantas-en-las-terrenas-el-nuevo-diario-republica-dominicana\/"},"modified":"2026-03-12T13:24:37","modified_gmt":"2026-03-12T13:24:37","slug":"feda-impulsa-arborizacion-urbana-con-charla-y-entrega-de-plantas-en-las-terrenas-el-nuevo-diario-republica-dominicana","status":"publish","type":"post","link":"https:\/\/acronoticias.com\/index.php\/2026\/03\/12\/feda-impulsa-arborizacion-urbana-con-charla-y-entrega-de-plantas-en-las-terrenas-el-nuevo-diario-republica-dominicana\/","title":{"rendered":"FEDA impulsa arborizaci\u00f3n urbana con charla y entrega de plantas en Las Terrenas \u2013 El Nuevo Diario (Rep\u00fablica Dominicana)"},"content":{"rendered":"<p><i class=\"bi bi-camera-fill\" style=\"font-size:18px; color:var(--rojo)\"\/> FEDA impulsa arborizaci\u00f3n urbana con charla y entrega de plantas en Las Terrenas. (Foto: FEDA). <\/p>\n<div>\n<div id=\"gemini-summary-wrapper\" class=\"mb-3\">\n                <button id=\"btn-get-summary\" class=\"gemini-btn\" data-post-id=\"3046066\" data-post-title=\"FEDA impulsa arborizaci\u00f3n urbana con charla y entrega de plantas en Las Terrenas\"><br \/>\n                    Leer resumen <b class=\"d-none d-md-inline\">de la noticia<\/b> (IA) <span>CLICK AQU\u00cd<\/span><br \/>\n                <\/button><\/p>\n<div id=\"gemini-loading\" class=\"mb-3\">\n<p>                    <span>Analizando noticia&#8230; por favor espera.<\/span>\n                <\/div>\n<\/p><\/div>\n<p data-start=\"0\" data-end=\"300\">EL NUEVO DIARIO, SAMAN\u00c1.\u2013 El Fondo Especial para el Desarrollo Agropecuario (FEDA) realiz\u00f3 el mi\u00e9rcoles una charla sobre la importancia de la arborizaci\u00f3n urbana en el Ayuntamiento del municipio de Las Terrenas, como parte del programa \u201cSiembra Tu Pueblo\u201d, que busca promover comunidades sostenibles.<\/p>\n<p data-start=\"302\" data-end=\"623\">Las representantes del FEDA compartieron con autoridades municipales y comunitarias los beneficios de sembrar \u00e1rboles en las ciudades, destacando su aporte a la mejora del medio ambiente, la generaci\u00f3n de sombra, la reducci\u00f3n del calor y el embellecimiento de los espacios p\u00fablicos, seg\u00fan detalla un comunicado de prensa.<\/p>\n<p data-start=\"625\" data-end=\"883\" data-is-last-node=\"\" data-is-only-node=\"\">A\u00f1ade que, luego de la conferencia, se realiz\u00f3 la entrega de plantas destinadas a fortalecer las jornadas de reforestaci\u00f3n en el municipio, incentivando la participaci\u00f3n de las autoridades locales y de la comunidad en la protecci\u00f3n de los recursos naturales.<\/p>\n<p>Al encuentro en el ayuntamiento de Las Terrenas, asisti\u00f3 el contralor municipal Ram\u00f3n Almonte, en representaci\u00f3n del alcalde Eduardo Esteban Polanco, junto a colaboradores del FEDA y representantes del cabildo.<\/p>\n<figure id=\"attachment_3046080\" aria-describedby=\"caption-attachment-3046080\" style=\"width: 1600px\" class=\"wp-caption alignnone\"><img loading=\"lazy\" data-recalc-dims=\"1\" data-dominant-color=\"97968e\" data-has-transparency=\"false\" style=\"--dominant-color: #97968e;\" decoding=\"async\" class=\"wp-image-3046080 size-full not-transparent\" src=\"https:\/\/i0.wp.com\/nuevodiario-assets.s3.us-east-2.amazonaws.com\/wp-content\/uploads\/2026\/03\/FEDA-impulsa-arborizacion-urbana-con-charla-y-entrega-de-plantas-en-Las-Terrenas.jpeg?resize=640%2C480&amp;quality=100&amp;ssl=1\" alt=\"\" width=\"640\" height=\"480\" srcset=\"https:\/\/nuevodiario-assets.s3.us-east-2.amazonaws.com\/wp-content\/uploads\/2026\/03\/FEDA-impulsa-arborizacion-urbana-con-charla-y-entrega-de-plantas-en-Las-Terrenas.jpeg 1600w, https:\/\/nuevodiario-assets.s3.us-east-2.amazonaws.com\/wp-content\/uploads\/2026\/03\/FEDA-impulsa-arborizacion-urbana-con-charla-y-entrega-de-plantas-en-Las-Terrenas.jpeg 400w, https:\/\/nuevodiario-assets.s3.us-east-2.amazonaws.com\/wp-content\/uploads\/2026\/03\/FEDA-impulsa-arborizacion-urbana-con-charla-y-entrega-de-plantas-en-Las-Terrenas.jpeg 800w, https:\/\/nuevodiario-assets.s3.us-east-2.amazonaws.com\/wp-content\/uploads\/2026\/03\/FEDA-impulsa-arborizacion-urbana-con-charla-y-entrega-de-plantas-en-Las-Terrenas.jpeg 768w, https:\/\/nuevodiario-assets.s3.us-east-2.amazonaws.com\/wp-content\/uploads\/2026\/03\/FEDA-impulsa-arborizacion-urbana-con-charla-y-entrega-de-plantas-en-Las-Terrenas.jpeg 1536w, https:\/\/nuevodiario-assets.s3.us-east-2.amazonaws.com\/wp-content\/uploads\/2026\/03\/FEDA-impulsa-arborizacion-urbana-con-charla-y-entrega-de-plantas-en-Las-Terrenas.jpeg 600w, https:\/\/nuevodiario-assets.s3.us-east-2.amazonaws.com\/wp-content\/uploads\/2026\/03\/FEDA-impulsa-arborizacion-urbana-con-charla-y-entrega-de-plantas-en-Las-Terrenas.jpeg 1280w\" sizes=\"auto, (max-width: 640px) 100vw, 640px\"\/><figcaption id=\"caption-attachment-3046080\" class=\"wp-caption-text\"><strong>FEDA impulsa arborizaci\u00f3n urbana con charla y entrega de plantas en Las Terrenas. (Foto: FEDA).<\/strong><\/figcaption><\/figure>\n<p>NLP\/<\/p>\n<p><h3 class=\"jp-relatedposts-headline\"><em>Relacionado<\/em><\/h3>\n<\/p>\n<p>\t\t\t\t\t\t<!-- .entry-footer --><br \/>\n\t\t\t\t\t\t<!-- \n\n<div data-type=\"_mgwidget\" data-widget-id=\"1743501\"><\/div>\n\n  -->\n\t\t\t\t\t<\/div>\n","protected":false},"excerpt":{"rendered":"<p>FEDA impulsa arborizaci\u00f3n urbana con charla y entrega de plantas en Las Terrenas. (Foto: FEDA). Leer resumen de la noticia (IA) CLICK AQU\u00cd Analizando noticia&#8230; por favor espera. EL NUEVO DIARIO, SAMAN\u00c1.\u2013 El Fondo Especial para el Desarrollo Agropecuario (FEDA) realiz\u00f3 el mi\u00e9rcoles una charla sobre la importancia de la arborizaci\u00f3n urbana en el Ayuntamiento<\/p>\n","protected":false},"author":1,"featured_media":27117,"comment_status":"open","ping_status":"open","sticky":false,"template":"","format":"standard","meta":{"footnotes":""},"categories":[1],"tags":[],"class_list":["post-27116","post","type-post","status-publish","format-standard","has-post-thumbnail","hentry","category-nacionales"],"_links":{"self":[{"href":"https:\/\/acronoticias.com\/index.php\/wp-json\/wp\/v2\/posts\/27116","targetHints":{"allow":["GET"]}}],"collection":[{"href":"https:\/\/acronoticias.com\/index.php\/wp-json\/wp\/v2\/posts"}],"about":[{"href":"https:\/\/acronoticias.com\/index.php\/wp-json\/wp\/v2\/types\/post"}],"author":[{"embeddable":true,"href":"https:\/\/acronoticias.com\/index.php\/wp-json\/wp\/v2\/users\/1"}],"replies":[{"embeddable":true,"href":"https:\/\/acronoticias.com\/index.php\/wp-json\/wp\/v2\/comments?post=27116"}],"version-history":[{"count":0,"href":"https:\/\/acronoticias.com\/index.php\/wp-json\/wp\/v2\/posts\/27116\/revisions"}],"wp:featuredmedia":[{"embeddable":true,"href":"https:\/\/acronoticias.com\/index.php\/wp-json\/wp\/v2\/media\/27117"}],"wp:attachment":[{"href":"https:\/\/acronoticias.com\/index.php\/wp-json\/wp\/v2\/media?parent=27116"}],"wp:term":[{"taxonomy":"category","embeddable":true,"href":"https:\/\/acronoticias.com\/index.php\/wp-json\/wp\/v2\/categories?post=27116"},{"taxonomy":"post_tag","embeddable":true,"href":"https:\/\/acronoticias.com\/index.php\/wp-json\/wp\/v2\/tags?post=27116"}],"curies":[{"name":"wp","href":"https:\/\/api.w.org\/{rel}","templated":true}]}}