{"id":27114,"date":"2026-03-12T13:13:34","date_gmt":"2026-03-12T13:13:34","guid":{"rendered":"https:\/\/acronoticias.com\/index.php\/2026\/03\/12\/yerno-de-edmundo-gonzalez-urrutia-sale-en-libertad-plena\/"},"modified":"2026-03-12T13:13:34","modified_gmt":"2026-03-12T13:13:34","slug":"yerno-de-edmundo-gonzalez-urrutia-sale-en-libertad-plena","status":"publish","type":"post","link":"https:\/\/acronoticias.com\/index.php\/2026\/03\/12\/yerno-de-edmundo-gonzalez-urrutia-sale-en-libertad-plena\/","title":{"rendered":"Yerno de Edmundo Gonz\u00e1lez Urrutia sale en libertad plena"},"content":{"rendered":"<div>\n<div class=\"c-detail__author full\">\n<div>\n<div class=\"c-detail__author__thumb\">\n<figure>\n                                <picture src=\"https:\/\/imagenes.hoy.com.do\/files\/image_square_xs\/uploads\/2025\/11\/18\/691c7d5bed035.jpeg\" data-size=\"w:40,h:40\">\n                                    <img decoding=\"async\" loading=\"lazy\" alt=\"EFE EFE\" width=\"40\" height=\"40\" src=\"https:\/\/imagenes.hoy.com.do\/files\/image_square_xs\/uploads\/2025\/11\/18\/691c7d5bed035.jpeg\"\/>\n                                <\/picture>\n                                <\/figure>\n<\/div>\n<\/div>\n<\/div>\n<p>                                                                                            <!-- --><\/p>\n<p class=\"paragraph\">Mariana Gonz\u00e1lez, la hija del l\u00edder opositor venezolano Edmundo Gonz\u00e1lez Urrutia, inform\u00f3 este mi\u00e9rcoles que su esposo, <b>Rafael Tudares Bracho<\/b>, recibi\u00f3 libertad plena en el marco de la <b>Ley de Amnist\u00eda<\/b>, promulgada en febrero pasado e impulsada por el Gobierno encargado de Delcy Rodr\u00edguez.<\/p>\n<p class=\"paragraph\">&#8220;Hoy, 11 de marzo de 2026, mi esposo, Rafael Tudares Bracho, y su abogado fueron notificados de la decisi\u00f3n judicial mediante la cual se le concedi\u00f3 amnist\u00eda a Rafael&#8221;, indic\u00f3 Gonz\u00e1lez en un mensaje publicado en X.<\/p>\n<p class=\"paragraph\">En el texto, se\u00f1al\u00f3 que Tudares Bracho solicit\u00f3 la amnist\u00eda el pasado 23 de febrero, cuatro d\u00edas despu\u00e9s de la aprobaci\u00f3n de la ley.<\/p>\n<p class=\"paragraph\">Gonz\u00e1lez agradeci\u00f3 a todas las personas que la acompa\u00f1aron en <b>&#8220;el duro via crucis&#8221;<\/b> que le toc\u00f3 vivir a su familia y que &#8220;fueron solidarias y humanas en los momentos de mayor dolor, desesperaci\u00f3n e incertidumbre&#8221;.<\/p>\n<p class=\"paragraph\">&#8220;M\u00e1s temprano que tarde, tocar\u00e1 construir la memoria hist\u00f3rica que nuestra sociedad necesita en materia de derechos humanos, para que situaciones como las que hemos vivido Rafael, mijos y yo, as\u00ed como miles de ciudadanos, no vuelvan a repetirse&#8221;, a\u00f1adi\u00f3.<\/p>\n<div class=\"c-detail__box \">\n<article class=\"c-detail__sumario \">\n<figure class=\"c-detail__sumario__thumb\" style=\"display: block;\">\n            <a href=\"#\" title=\"\">\n                <picture data-size=\"w:140,h:140\" loading=\"lazy\" src=\"https:\/\/imagenes.hoy.com.do\/files\/related_image\/uploads\/2026\/01\/27\/697965e4655ca.webp\" data-full-src=\"https:\/\/imagenes.hoy.com.do\/uploads\/2026\/01\/27\/697965e4655ca.webp\">\n                    <img loading=\"lazy\" decoding=\"async\" width=\"140\" height=\"140\" alt=\"Arresto de Nicol\u00e1s Maduro\" src=\"https:\/\/imagenes.hoy.com.do\/uploads\/2026\/01\/27\/697965e4655ca.webp\"\/>\n                <\/picture>\n            <\/a><br \/>\n        <\/figure>\n<\/article>\n<\/div>\n<p class=\"paragraph\">El pasado 22 de enero, Tudares Bracho fue excarcelado luego de pasar m\u00e1s de un a\u00f1o detenido, seg\u00fan inform\u00f3 entonces su esposa, quien en repetidas ocasiones denunci\u00f3 que no sab\u00eda d\u00f3nde estaba detenido el yerno del excandidato presidencial Gonz\u00e1lez Urrutia.<\/p>\n<p class=\"paragraph\">A Tudares lo detuvieron el pasado 7 de enero de 2025 -tres d\u00edas antes de la investidura de Nicol\u00e1s Maduro\u00a0para un tercer mandato consecutivo de seis a\u00f1os-, cuando tambi\u00e9n arrestaron al defensor de derechos humanos Carlos Correa y al excandidato presidencial opositor Enrique M\u00e1rquez, estos dos \u00faltimos liberados.<\/p>\n<p class=\"paragraph\">Tudares es yerno de <b>Edmundo Gonz\u00e1lez<\/b>, actualmente exiliado en Espa\u00f1a y quien en 2024 fue escogido como el candidato unitario de la oposici\u00f3n (Plataforma Unitaria Democr\u00e1tica) a la presidencia de Venezuela.<\/p>\n<p class=\"paragraph\">Gonz\u00e1lez fue reconocido por gran parte de la comunidad internacional como el ganador de las elecciones presidenciales de julio de 2024, algo que fue rechazado por Maduro, quien fue proclamado vencedor de esos comicios por el Consejo Nacional Electoral (CNE).<\/p>\n<p class=\"paragraph\">El Parlamento, controlado por el chavismo, aprob\u00f3 el pasado 19 de febrero una Ley de Amnist\u00eda para los procesos de <b>presos pol\u00edticos<\/b> desde 1999, pero que se aplicar\u00e1 de forma espec\u00edfica a 13 &#8220;hechos&#8221; ocurridos en 13 a\u00f1os distintos, lo que excluye el resto del per\u00edodo establecido, as\u00ed como casos relacionados con operaciones militares.<\/p>\n<p class=\"paragraph\">Hasta el pasado viernes, el Parlamento computaba <b>7.654 personas beneficiadas de la amnist\u00eda<\/b>, de las cuales 247 salieron de prisi\u00f3n y 7.407 que ten\u00edan medidas cautelares ya gozan de libertad plena.<\/p>\n<div class=\"c-detail__box \">\n<article class=\"c-detail__sumario \">\n<figure class=\"c-detail__sumario__thumb\" style=\"display: block;\">\n            <a href=\"#\" title=\"\">\n                <picture data-size=\"w:140,h:140\" loading=\"lazy\" src=\"https:\/\/imagenes.hoy.com.do\/files\/related_image\/uploads\/2026\/01\/23\/6972f3270fb7b.jpeg\" data-full-src=\"https:\/\/imagenes.hoy.com.do\/uploads\/2026\/01\/23\/6972f3270fb7b.jpeg\">\n                    <img loading=\"lazy\" decoding=\"async\" width=\"140\" height=\"140\" alt=\"Trabajadores de la salud piden mediaci\u00f3n de ONU para la libertad de Maduro.  EFE\" src=\"https:\/\/imagenes.hoy.com.do\/uploads\/2026\/01\/23\/6972f3270fb7b.jpeg\"\/>\n                <\/picture>\n            <\/a><br \/>\n        <\/figure>\n<\/article>\n<\/div>\n<\/div>\n","protected":false},"excerpt":{"rendered":"<p>Mariana Gonz\u00e1lez, la hija del l\u00edder opositor venezolano Edmundo Gonz\u00e1lez Urrutia, inform\u00f3 este mi\u00e9rcoles que su esposo, Rafael Tudares Bracho, recibi\u00f3 libertad plena en el marco de la Ley de Amnist\u00eda, promulgada en febrero pasado e impulsada por el Gobierno encargado de Delcy Rodr\u00edguez. &#8220;Hoy, 11 de marzo de 2026, mi esposo, Rafael Tudares Bracho,<\/p>\n","protected":false},"author":1,"featured_media":27115,"comment_status":"open","ping_status":"open","sticky":false,"template":"","format":"standard","meta":{"footnotes":""},"categories":[3],"tags":[],"class_list":["post-27114","post","type-post","status-publish","format-standard","has-post-thumbnail","hentry","category-internacionales"],"_links":{"self":[{"href":"https:\/\/acronoticias.com\/index.php\/wp-json\/wp\/v2\/posts\/27114","targetHints":{"allow":["GET"]}}],"collection":[{"href":"https:\/\/acronoticias.com\/index.php\/wp-json\/wp\/v2\/posts"}],"about":[{"href":"https:\/\/acronoticias.com\/index.php\/wp-json\/wp\/v2\/types\/post"}],"author":[{"embeddable":true,"href":"https:\/\/acronoticias.com\/index.php\/wp-json\/wp\/v2\/users\/1"}],"replies":[{"embeddable":true,"href":"https:\/\/acronoticias.com\/index.php\/wp-json\/wp\/v2\/comments?post=27114"}],"version-history":[{"count":0,"href":"https:\/\/acronoticias.com\/index.php\/wp-json\/wp\/v2\/posts\/27114\/revisions"}],"wp:featuredmedia":[{"embeddable":true,"href":"https:\/\/acronoticias.com\/index.php\/wp-json\/wp\/v2\/media\/27115"}],"wp:attachment":[{"href":"https:\/\/acronoticias.com\/index.php\/wp-json\/wp\/v2\/media?parent=27114"}],"wp:term":[{"taxonomy":"category","embeddable":true,"href":"https:\/\/acronoticias.com\/index.php\/wp-json\/wp\/v2\/categories?post=27114"},{"taxonomy":"post_tag","embeddable":true,"href":"https:\/\/acronoticias.com\/index.php\/wp-json\/wp\/v2\/tags?post=27114"}],"curies":[{"name":"wp","href":"https:\/\/api.w.org\/{rel}","templated":true}]}}