{"id":27112,"date":"2026-03-12T13:08:37","date_gmt":"2026-03-12T13:08:37","guid":{"rendered":"https:\/\/acronoticias.com\/index.php\/2026\/03\/12\/fundacion-manos-unidas-por-autismo-promovera-inclusion-educativa-con-caminata-el-nuevo-diario-republica-dominicana\/"},"modified":"2026-03-12T13:08:37","modified_gmt":"2026-03-12T13:08:37","slug":"fundacion-manos-unidas-por-autismo-promovera-inclusion-educativa-con-caminata-el-nuevo-diario-republica-dominicana","status":"publish","type":"post","link":"https:\/\/acronoticias.com\/index.php\/2026\/03\/12\/fundacion-manos-unidas-por-autismo-promovera-inclusion-educativa-con-caminata-el-nuevo-diario-republica-dominicana\/","title":{"rendered":"Fundaci\u00f3n Manos Unidas por Autismo promover\u00e1 inclusi\u00f3n educativa con caminata \u2013 El Nuevo Diario (Rep\u00fablica Dominicana)"},"content":{"rendered":"<div>\n<p data-start=\"0\" data-end=\"249\">Este a\u00f1o el tema de la caminata es \u201cLa educaci\u00f3n es un derecho y debe ser para todos\u201d. A trav\u00e9s de esta iniciativa, la fundaci\u00f3n reafirma su compromiso de seguir impulsando acciones que contribuyan a una sociedad m\u00e1s informada, emp\u00e1tica e inclusiva.<\/p>\n<p data-start=\"251\" data-end=\"630\">Villavizar manifest\u00f3 que, a pesar de los avances en materia de sensibilizaci\u00f3n, a\u00fan existen importantes brechas dentro del sistema educativo. \u201cMuchos ni\u00f1os, j\u00f3venes y adultos con autismo no cuentan con las medidas de accesibilidad, ajustes razonables y el acompa\u00f1amiento necesario en los distintos niveles de ense\u00f1anza, desde la educaci\u00f3n inicial hasta la universitaria\u201d, agreg\u00f3.<\/p>\n<p data-start=\"632\" data-end=\"1103\">\u201cDesde la Fundaci\u00f3n Manos Unidas por Autismo entendemos que uno de los grandes retos del pa\u00eds es fortalecer la formaci\u00f3n de maestros, la comunidad educativa, la dotaci\u00f3n de recursos y tecnolog\u00eda de apoyo, as\u00ed como la mejora de los espacios en materia de accesibilidad, a fin de contar con los entornos, herramientas, estrategias y apoyos adecuados para el desarrollo educativo de todas las personas, incluyendo aquellas con autismo\u201d, indic\u00f3 la presidenta de la fundaci\u00f3n.<\/p>\n<p data-start=\"1105\" data-end=\"1593\">Precisamente con este enfoque educativo, la fundaci\u00f3n busca promover la reflexi\u00f3n y generar mayor conciencia sobre la importancia de fortalecer los procesos de inclusi\u00f3n, eliminando las barreras para el aprendizaje y la participaci\u00f3n, permitiendo a las personas con autismo, al igual que a todas las dem\u00e1s, desarrollar sus capacidades y participar plenamente en la vida educativa y social, en el entendido de que en un sistema educativo inclusivo todos los aprendizajes cuentan por igual.<\/p>\n<p data-start=\"1595\" data-end=\"1615\">Canci\u00f3n oficial 2026<\/p>\n<p data-start=\"1617\" data-end=\"2012\">Villavizar inform\u00f3 adem\u00e1s que este a\u00f1o la movilizaci\u00f3n tiene una canci\u00f3n oficial bajo el t\u00edtulo \u201cDale Color a Mi Vida\u201d. Se trata de una producci\u00f3n realizada en colaboraci\u00f3n con el ministerio musical infantil Corito Chichigua, con el prop\u00f3sito de visibilizar los sue\u00f1os, emociones, esperanzas, capacidades y la participaci\u00f3n plena de las personas con autismo en diferentes \u00e1mbitos de la sociedad.<\/p>\n<p data-start=\"2014\" data-end=\"2322\">La caminata, cuyo recorrido ser\u00e1 de 2 kil\u00f3metros, se llevar\u00e1 a cabo el domingo 12 de abril de 2026, a las 8:00 de la ma\u00f1ana, en el Jard\u00edn Bot\u00e1nico Nacional Dr. Rafael Mar\u00eda Moscoso. Ser\u00e1 un espacio que reunir\u00e1 a familias, autoridades del sector p\u00fablico y privado, miembros de la sociedad civil y voluntarios.<\/p>\n<p data-start=\"2324\" data-end=\"2921\">Este a\u00f1o cuenta con el patrocinio de AFP y Seguros Crecer, Asociaci\u00f3n Popular de Ahorros y Pr\u00e9stamos (APAP), Domicen, Grupo Ramos, Banco BHD, Farmacias GBC, Seguros Banreservas, Senasa, Lanco, Colchoner\u00eda y Muebler\u00eda La Nacional, Rizek Peralta &amp; Asociados, Gildan, EGE Haina, Industrias Nigua, Centro Media, Jard\u00edn Bot\u00e1nico Nacional Dr. Rafael Mar\u00eda Moscoso, Asociaci\u00f3n Cibao de Ahorros y Pr\u00e9stamos (ACAP), Cardnet y Conexi\u00f3n RSE. Adem\u00e1s, cuenta con la colaboraci\u00f3n de Dr. Yaso, HieloPak, Induveca, Rico Hot Dog, Lucas Products y Fundaci\u00f3n Pro Bienestar de las Personas con Discapacidad (Probien).<\/p>\n<p data-start=\"2923\" data-end=\"3208\" data-is-last-node=\"\" data-is-only-node=\"\">Las camisetas estar\u00e1n a la venta por un costo de RD$850.00 en la plataforma de Santo Domingo Corre (<a class=\"decorated-link\" href=\"http:\/\/www.sdctickets.do\" target=\"_new\" rel=\"noopener\" data-start=\"3023\" data-end=\"3040\">www.sdctickets.do<\/a>) y ser\u00e1n entregadas en Centro Media del 9 al 11 de abril de 2026. Tambi\u00e9n se podr\u00e1n adquirir en la puerta principal del Jard\u00edn Bot\u00e1nico Nacional el d\u00eda de la caminata.<\/p>\n<\/div>\n","protected":false},"excerpt":{"rendered":"<p>Este a\u00f1o el tema de la caminata es \u201cLa educaci\u00f3n es un derecho y debe ser para todos\u201d. A trav\u00e9s de esta iniciativa, la fundaci\u00f3n reafirma su compromiso de seguir impulsando acciones que contribuyan a una sociedad m\u00e1s informada, emp\u00e1tica e inclusiva. Villavizar manifest\u00f3 que, a pesar de los avances en materia de sensibilizaci\u00f3n, a\u00fan<\/p>\n","protected":false},"author":1,"featured_media":27113,"comment_status":"open","ping_status":"open","sticky":false,"template":"","format":"standard","meta":{"footnotes":""},"categories":[1],"tags":[],"class_list":["post-27112","post","type-post","status-publish","format-standard","has-post-thumbnail","hentry","category-nacionales"],"_links":{"self":[{"href":"https:\/\/acronoticias.com\/index.php\/wp-json\/wp\/v2\/posts\/27112","targetHints":{"allow":["GET"]}}],"collection":[{"href":"https:\/\/acronoticias.com\/index.php\/wp-json\/wp\/v2\/posts"}],"about":[{"href":"https:\/\/acronoticias.com\/index.php\/wp-json\/wp\/v2\/types\/post"}],"author":[{"embeddable":true,"href":"https:\/\/acronoticias.com\/index.php\/wp-json\/wp\/v2\/users\/1"}],"replies":[{"embeddable":true,"href":"https:\/\/acronoticias.com\/index.php\/wp-json\/wp\/v2\/comments?post=27112"}],"version-history":[{"count":0,"href":"https:\/\/acronoticias.com\/index.php\/wp-json\/wp\/v2\/posts\/27112\/revisions"}],"wp:featuredmedia":[{"embeddable":true,"href":"https:\/\/acronoticias.com\/index.php\/wp-json\/wp\/v2\/media\/27113"}],"wp:attachment":[{"href":"https:\/\/acronoticias.com\/index.php\/wp-json\/wp\/v2\/media?parent=27112"}],"wp:term":[{"taxonomy":"category","embeddable":true,"href":"https:\/\/acronoticias.com\/index.php\/wp-json\/wp\/v2\/categories?post=27112"},{"taxonomy":"post_tag","embeddable":true,"href":"https:\/\/acronoticias.com\/index.php\/wp-json\/wp\/v2\/tags?post=27112"}],"curies":[{"name":"wp","href":"https:\/\/api.w.org\/{rel}","templated":true}]}}