{"id":27108,"date":"2026-03-12T12:52:36","date_gmt":"2026-03-12T12:52:36","guid":{"rendered":"https:\/\/acronoticias.com\/index.php\/2026\/03\/12\/fallece-nina-de-seis-anos-tras-caer-en-bano-en-san-cristobal-el-nuevo-diario-republica-dominicana\/"},"modified":"2026-03-12T12:52:36","modified_gmt":"2026-03-12T12:52:36","slug":"fallece-nina-de-seis-anos-tras-caer-en-bano-en-san-cristobal-el-nuevo-diario-republica-dominicana","status":"publish","type":"post","link":"https:\/\/acronoticias.com\/index.php\/2026\/03\/12\/fallece-nina-de-seis-anos-tras-caer-en-bano-en-san-cristobal-el-nuevo-diario-republica-dominicana\/","title":{"rendered":"Fallece ni\u00f1a de seis a\u00f1os tras caer en ba\u00f1o en San Crist\u00f3bal \u2013 El Nuevo Diario (Rep\u00fablica Dominicana)"},"content":{"rendered":"<p><i class=\"bi bi-camera-fill\" style=\"font-size:18px; color:var(--rojo)\"\/> Ilustraci\u00f3n: El Nuevo Diario. <\/p>\n<div>\n<div id=\"gemini-summary-wrapper\" class=\"mb-3\">\n                <button id=\"btn-get-summary\" class=\"gemini-btn\" data-post-id=\"3046023\" data-post-title=\"Fallece ni\u00f1a de seis a\u00f1os tras caer en ba\u00f1o en San Crist\u00f3bal\"><br \/>\n                    Leer resumen <b class=\"d-none d-md-inline\">de la noticia<\/b> (IA) <span>CLICK AQU\u00cd<\/span><br \/>\n                <\/button><\/p>\n<div id=\"gemini-loading\" class=\"mb-3\">\n<p>                    <span>Analizando noticia&#8230; por favor espera.<\/span>\n                <\/div>\n<\/p><\/div>\n<p><strong>EL NUEVO DIARIO, SAN CRIST\u00d3BAL.-<\/strong> Una ni\u00f1a de seis a\u00f1os, identificada como Miliani, falleci\u00f3 el mi\u00e9rcoles en San Crist\u00f3bal tras una ca\u00edda en el ba\u00f1o de su residencia ubicada en el sector Sabana Toro.<\/p>\n<p>La madre de la menor se encuentra detenida mientras las autoridades investigan las circunstancias del suceso.<\/p>\n<p>Seg\u00fan informaciones preliminares, la madre de Miliani la encontr\u00f3 inconsciente en el ba\u00f1o tras regresar de un colmado y fue trasladada al Hospital Juan Pablo Pina, donde la ni\u00f1a fue declarada muerta mientras recib\u00eda atenciones m\u00e9dicas, de acuerdo a Noticias Telemicro.<\/p>\n<p>A\u00f1ade que un t\u00edo de la madre, relat\u00f3 que la ni\u00f1a se encontraba sola en la vivienda cuando ocurri\u00f3 el incidente.<\/p>\n<p>\u00abLa mam\u00e1 sali\u00f3 hacia el colmado y dej\u00f3 la puerta de la casa abierta. Cuando regres\u00f3, pens\u00f3 que la ni\u00f1a estaba con la abuela, quien vive abajo mientras ella vive arriba. Al recorrer la casa, se dirigi\u00f3 al ba\u00f1o y encontr\u00f3 a la ni\u00f1a inconsciente\u00bb, detall\u00f3 el hombre.<\/p>\n<p>El familiar expres\u00f3 su deseo de que se haga justicia y que se determinen responsabilidades.<\/p>\n<p>La noticia gener\u00f3 consternaci\u00f3n entre familiares y vecinos, quienes lamentan la p\u00e9rdida.<\/p>\n<p>Inicialmente, se maneja la hip\u00f3tesis de un accidente dom\u00e9stico.<\/p>\n<p>NLP\/<\/p>\n<p>\u00a0<\/p>\n<p><h3 class=\"jp-relatedposts-headline\"><em>Relacionado<\/em><\/h3>\n<\/p>\n<p>\t\t\t\t\t\t<!-- .entry-footer --><br \/>\n\t\t\t\t\t\t<!-- \n\n<div data-type=\"_mgwidget\" data-widget-id=\"1743501\"><\/div>\n\n  -->\n\t\t\t\t\t<\/div>\n","protected":false},"excerpt":{"rendered":"<p>Ilustraci\u00f3n: El Nuevo Diario. Leer resumen de la noticia (IA) CLICK AQU\u00cd Analizando noticia&#8230; por favor espera. EL NUEVO DIARIO, SAN CRIST\u00d3BAL.- Una ni\u00f1a de seis a\u00f1os, identificada como Miliani, falleci\u00f3 el mi\u00e9rcoles en San Crist\u00f3bal tras una ca\u00edda en el ba\u00f1o de su residencia ubicada en el sector Sabana Toro. La madre de la<\/p>\n","protected":false},"author":1,"featured_media":27109,"comment_status":"open","ping_status":"open","sticky":false,"template":"","format":"standard","meta":{"footnotes":""},"categories":[1],"tags":[],"class_list":["post-27108","post","type-post","status-publish","format-standard","has-post-thumbnail","hentry","category-nacionales"],"_links":{"self":[{"href":"https:\/\/acronoticias.com\/index.php\/wp-json\/wp\/v2\/posts\/27108","targetHints":{"allow":["GET"]}}],"collection":[{"href":"https:\/\/acronoticias.com\/index.php\/wp-json\/wp\/v2\/posts"}],"about":[{"href":"https:\/\/acronoticias.com\/index.php\/wp-json\/wp\/v2\/types\/post"}],"author":[{"embeddable":true,"href":"https:\/\/acronoticias.com\/index.php\/wp-json\/wp\/v2\/users\/1"}],"replies":[{"embeddable":true,"href":"https:\/\/acronoticias.com\/index.php\/wp-json\/wp\/v2\/comments?post=27108"}],"version-history":[{"count":0,"href":"https:\/\/acronoticias.com\/index.php\/wp-json\/wp\/v2\/posts\/27108\/revisions"}],"wp:featuredmedia":[{"embeddable":true,"href":"https:\/\/acronoticias.com\/index.php\/wp-json\/wp\/v2\/media\/27109"}],"wp:attachment":[{"href":"https:\/\/acronoticias.com\/index.php\/wp-json\/wp\/v2\/media?parent=27108"}],"wp:term":[{"taxonomy":"category","embeddable":true,"href":"https:\/\/acronoticias.com\/index.php\/wp-json\/wp\/v2\/categories?post=27108"},{"taxonomy":"post_tag","embeddable":true,"href":"https:\/\/acronoticias.com\/index.php\/wp-json\/wp\/v2\/tags?post=27108"}],"curies":[{"name":"wp","href":"https:\/\/api.w.org\/{rel}","templated":true}]}}