{"id":27083,"date":"2026-03-12T08:08:35","date_gmt":"2026-03-12T08:08:35","guid":{"rendered":"https:\/\/acronoticias.com\/index.php\/2026\/03\/12\/iran-lanza-ataques-a-dubai-y-barein\/"},"modified":"2026-03-12T08:08:35","modified_gmt":"2026-03-12T08:08:35","slug":"iran-lanza-ataques-a-dubai-y-barein","status":"publish","type":"post","link":"https:\/\/acronoticias.com\/index.php\/2026\/03\/12\/iran-lanza-ataques-a-dubai-y-barein\/","title":{"rendered":"Ir\u00e1n lanza ataques a Dubai y Bar\u00e9in"},"content":{"rendered":"<div>\n<div class=\"c-detail__author full\">\n<div>\n<div class=\"c-detail__author__thumb\">\n<figure>\n                                <picture src=\"https:\/\/imagenes.hoy.com.do\/files\/image_square_xs\/uploads\/2025\/11\/18\/691c7d5bed035.jpeg\" data-size=\"w:40,h:40\">\n                                    <img decoding=\"async\" loading=\"lazy\" alt=\"EFE EFE\" width=\"40\" height=\"40\" src=\"https:\/\/imagenes.hoy.com.do\/files\/image_square_xs\/uploads\/2025\/11\/18\/691c7d5bed035.jpeg\"\/>\n                                <\/picture>\n                                <\/figure>\n<\/div>\n<\/div>\n<\/div>\n<p>                                                                                            <!-- --><\/p>\n<p class=\"paragraph\">Redacci\u00f3n Internacional.- EFE<\/p>\n<p class=\"paragraph\">Una nueva oleada de ataques la madrugada de este jueves provenientes de Ir\u00e1n contra pa\u00edses de<b>l golfo P\u00e9rsico alcanz\u00f3 un edificio en Dub\u00e1i, la capital de Emiratos \u00c1rabes<\/b> Unidos, as\u00ed como los tanques de combustible de unas instalaciones cerca de la capital de Bar\u00e9in, en el inicio de la decimotercera jornada de conflicto en Oriente Medio.<\/p>\n<p class=\"paragraph\">La oficina de prensa del Gobierno de Dub\u00e1i inform\u00f3 que el edificio de la ciudad fue impactado por un dron y que equipos de emergencia evacuaron el bloque.  Aunque no identific\u00f3 el origen de ese ataque concreto, posteriormente el Ministerio de Defensa del pa\u00eds asegur\u00f3 estar interceptando misiles y drones desde Ir\u00e1n.<\/p>\n<div class=\"c-detail__box \">\n<article class=\"c-detail__sumario \">\n<figure class=\"c-detail__sumario__thumb\" style=\"display: block;\">\n            <a href=\"#\" title=\"\">\n                <picture data-size=\"w:140,h:140\" loading=\"lazy\" src=\"https:\/\/imagenes.hoy.com.do\/files\/related_image\/files\/fp\/uploads\/2026\/03\/10\/69b0e5cab49b1.r_d.590-388.jpeg\" data-full-src=\"https:\/\/imagenes.hoy.com.do\/uploads\/2026\/03\/10\/69b0e5cab49b1.jpeg\">\n                    <img loading=\"lazy\" decoding=\"async\" width=\"140\" height=\"140\" alt=\"Guerra\" src=\"https:\/\/imagenes.hoy.com.do\/uploads\/2026\/03\/10\/69b0e5cab49b1.jpeg\"\/>\n                <\/picture>\n            <\/a><br \/>\n        <\/figure>\n<\/article>\n<\/div>\n<p class=\"paragraph\">Por su parte, el Ministerio del Interior de Bar\u00e9in anunci\u00f3 una <b>\u201cagresi\u00f3n iran\u00ed\u201d<\/b> dirigida a tanques de combustible en la zona de Muharraq, cerca de la capital Manama, en un mensaje de X.<\/p>\n<p class=\"paragraph\">Tambi\u00e9n inform\u00f3 de la activaci\u00f3n de sirenas de alarma y urgi\u00f3 a los residentes a refugiarse en lugares seguros.   Hasta el momento, no han trascendido informaciones sobre v\u00edctimas o heridos.\u00a0<\/p>\n<\/div>\n","protected":false},"excerpt":{"rendered":"<p>Redacci\u00f3n Internacional.- EFE Una nueva oleada de ataques la madrugada de este jueves provenientes de Ir\u00e1n contra pa\u00edses del golfo P\u00e9rsico alcanz\u00f3 un edificio en Dub\u00e1i, la capital de Emiratos \u00c1rabes Unidos, as\u00ed como los tanques de combustible de unas instalaciones cerca de la capital de Bar\u00e9in, en el inicio de la decimotercera jornada de<\/p>\n","protected":false},"author":1,"featured_media":27084,"comment_status":"open","ping_status":"open","sticky":false,"template":"","format":"standard","meta":{"footnotes":""},"categories":[3],"tags":[],"class_list":["post-27083","post","type-post","status-publish","format-standard","has-post-thumbnail","hentry","category-internacionales"],"_links":{"self":[{"href":"https:\/\/acronoticias.com\/index.php\/wp-json\/wp\/v2\/posts\/27083","targetHints":{"allow":["GET"]}}],"collection":[{"href":"https:\/\/acronoticias.com\/index.php\/wp-json\/wp\/v2\/posts"}],"about":[{"href":"https:\/\/acronoticias.com\/index.php\/wp-json\/wp\/v2\/types\/post"}],"author":[{"embeddable":true,"href":"https:\/\/acronoticias.com\/index.php\/wp-json\/wp\/v2\/users\/1"}],"replies":[{"embeddable":true,"href":"https:\/\/acronoticias.com\/index.php\/wp-json\/wp\/v2\/comments?post=27083"}],"version-history":[{"count":0,"href":"https:\/\/acronoticias.com\/index.php\/wp-json\/wp\/v2\/posts\/27083\/revisions"}],"wp:featuredmedia":[{"embeddable":true,"href":"https:\/\/acronoticias.com\/index.php\/wp-json\/wp\/v2\/media\/27084"}],"wp:attachment":[{"href":"https:\/\/acronoticias.com\/index.php\/wp-json\/wp\/v2\/media?parent=27083"}],"wp:term":[{"taxonomy":"category","embeddable":true,"href":"https:\/\/acronoticias.com\/index.php\/wp-json\/wp\/v2\/categories?post=27083"},{"taxonomy":"post_tag","embeddable":true,"href":"https:\/\/acronoticias.com\/index.php\/wp-json\/wp\/v2\/tags?post=27083"}],"curies":[{"name":"wp","href":"https:\/\/api.w.org\/{rel}","templated":true}]}}