{"id":27071,"date":"2026-03-12T06:10:35","date_gmt":"2026-03-12T06:10:35","guid":{"rendered":"https:\/\/acronoticias.com\/index.php\/2026\/03\/12\/preocupa-que-desde-carceles-se-sigan-coordinando-fraudes-y-delitos\/"},"modified":"2026-03-12T06:10:35","modified_gmt":"2026-03-12T06:10:35","slug":"preocupa-que-desde-carceles-se-sigan-coordinando-fraudes-y-delitos","status":"publish","type":"post","link":"https:\/\/acronoticias.com\/index.php\/2026\/03\/12\/preocupa-que-desde-carceles-se-sigan-coordinando-fraudes-y-delitos\/","title":{"rendered":"Preocupa que desde c\u00e1rceles se sigan coordinando fraudes y delitos"},"content":{"rendered":"<div data-td-block-uid=\"tdi_101\">\n<div class=\"tdb-block-inner td-fix-index\">\n<p>La <strong>planificaci\u00f3n de delitos desde las c\u00e1rceles<\/strong> contin\u00faa siendo una <strong>problem\u00e1tica cr\u00edtica en el pa\u00eds<\/strong>, que genera <strong>preocupaci\u00f3n entre ciudadanos consultados<\/strong>, quienes denuncian que pese a las medidas adoptadas por las autoridades, algunos centros penitenciarios siguen convirti\u00e9ndose en \u201c<em><strong>oficinas<\/strong><\/em>\u201d desde donde se coordinan fraudes y otros actos delictivos.<\/p>\n<p>La delincuencia organizada dentro de los penales no <strong>solo amenaza la seguridad ciudadana<\/strong>, sino que tambi\u00e9n provoca <strong>impotencia<\/strong>, <strong>angustia <\/strong>y <strong>preocupaci\u00f3n<\/strong> entre trabajadores dominicanos.<\/p>\n<p>Uno de los casos m\u00e1s recientes es el asalto a la<strong> joyer\u00eda Popi Oro<\/strong>. Seg\u00fan el informe policial, el presunto autor intelectual del millonario robo cumple una condena de<strong> 30 a\u00f1os <\/strong>en la c\u00e1rcel de <strong>La Victoria<\/strong>.<\/p>\n<div class=\"wp-block-media-text is-stacked-on-mobile\" style=\"grid-template-columns:19% auto\">\n<figure class=\"wp-block-media-text__media\"><img data-recalc-dims=\"1\" fetchpriority=\"high\" decoding=\"async\" width=\"464\" height=\"594\" data-attachment-id=\"490335\" data-permalink=\"https:\/\/rnn.com.do\/preocupa-que-desde-carceles-se-sigan-coordinando-fraudes-y-delitos\/diego-pesqueira-alex-bronx\/\" data-orig-file=\"https:\/\/i0.wp.com\/rnn.com.do\/wp-content\/uploads\/2026\/03\/Diego-Pesqueira-Alex-Bronx.jpg?fit=464%2C594&amp;ssl=1\" data-orig-size=\"464,594\" data-comments-opened=\"1\" data-image-meta=\"{&quot;aperture&quot;:&quot;0&quot;,&quot;credit&quot;:&quot;Fernanda&quot;,&quot;camera&quot;:&quot;&quot;,&quot;caption&quot;:&quot;&quot;,&quot;created_timestamp&quot;:&quot;1773236289&quot;,&quot;copyright&quot;:&quot;&quot;,&quot;focal_length&quot;:&quot;0&quot;,&quot;iso&quot;:&quot;0&quot;,&quot;shutter_speed&quot;:&quot;0&quot;,&quot;title&quot;:&quot;&quot;,&quot;orientation&quot;:&quot;0&quot;}\" data-image-title=\"Diego Pesqueira Alex Bronx\" data-image-description=\"\" data-image-caption=\"\" data-medium-file=\"https:\/\/i0.wp.com\/rnn.com.do\/wp-content\/uploads\/2026\/03\/Diego-Pesqueira-Alex-Bronx.jpg?fit=234%2C300&amp;ssl=1\" data-large-file=\"https:\/\/i0.wp.com\/rnn.com.do\/wp-content\/uploads\/2026\/03\/Diego-Pesqueira-Alex-Bronx.jpg?fit=464%2C594&amp;ssl=1\" src=\"https:\/\/i0.wp.com\/rnn.com.do\/wp-content\/uploads\/2026\/03\/Diego-Pesqueira-Alex-Bronx.jpg?resize=464%2C594&amp;ssl=1\" alt=\"\" class=\"wp-image-490335 size-full\" srcset=\"https:\/\/i0.wp.com\/rnn.com.do\/wp-content\/uploads\/2026\/03\/Diego-Pesqueira-Alex-Bronx.jpg?w=464&amp;ssl=1 464w, https:\/\/i0.wp.com\/rnn.com.do\/wp-content\/uploads\/2026\/03\/Diego-Pesqueira-Alex-Bronx.jpg?resize=234%2C300&amp;ssl=1 234w, https:\/\/i0.wp.com\/rnn.com.do\/wp-content\/uploads\/2026\/03\/Diego-Pesqueira-Alex-Bronx.jpg?resize=328%2C420&amp;ssl=1 328w, https:\/\/i0.wp.com\/rnn.com.do\/wp-content\/uploads\/2026\/03\/Diego-Pesqueira-Alex-Bronx.jpg?resize=150%2C192&amp;ssl=1 150w, https:\/\/i0.wp.com\/rnn.com.do\/wp-content\/uploads\/2026\/03\/Diego-Pesqueira-Alex-Bronx.jpg?resize=300%2C384&amp;ssl=1 300w\" sizes=\"(max-width: 464px) 100vw, 464px\"\/><\/figure>\n<div class=\"wp-block-media-text__content\">\n<p>\u00ab<em>Esto fue realizado en una de las celdas donde guarda prisi\u00f3n <strong>Alex Bronx<\/strong>, all\u00ed se ocuparon m\u00faltiples evidencias, incluyendo <strong>28 celulares<\/strong><\/em>\u00ab, reconoci\u00f3<strong> Diego Pesqueira<\/strong>, vocero de la polic\u00eda.<\/p>\n<\/div>\n<\/div>\n<p><strong>Puede leer: <a href=\"https:\/\/rnn.com.do\/preso-de-la-victoria-habria-coordinado-asalto-a-joyeria-en-cristo-rey-hay-dos-detenidos-y-siete-profugos\/\">Preso de La Victoria habr\u00eda coordinado asalto a joyer\u00eda en Cristo Rey; hay dos detenidos y siete pr\u00f3fugos<\/a><\/strong><\/p>\n<p>Para los consultados, es necesario que las autoridades sean <strong>m\u00e1s estrictas<\/strong> en la aplicaci\u00f3n de pol\u00edticas que<strong> limiten el uso de dispositivos electr\u00f3nicos<\/strong> dentro de las c\u00e1rceles.<\/p>\n<div class=\"wp-block-media-text has-media-on-the-right is-stacked-on-mobile\" style=\"grid-template-columns:auto 21%\">\n<div class=\"wp-block-media-text__content\">\n<p>\u00ab<em>Lo hacen porque tienen personas que est\u00e1n<strong> enlazados<\/strong> a ellos. Recuerda que dentro de las c\u00e1rceles, adem\u00e1s de que tengan ese tipo de seguridad, es como un <strong>engranado que tienen de delincuencia<\/strong><\/em>\u00ab, asegur\u00f3 la joven <strong>Yokeira Adames<\/strong>.<\/p>\n<\/div>\n<figure class=\"wp-block-media-text__media\"><img loading=\"lazy\" data-recalc-dims=\"1\" decoding=\"async\" width=\"563\" height=\"585\" data-attachment-id=\"490336\" data-permalink=\"https:\/\/rnn.com.do\/preocupa-que-desde-carceles-se-sigan-coordinando-fraudes-y-delitos\/yokeira-adames-habla-sobre-delitos-desde-carceles\/\" data-orig-file=\"https:\/\/i0.wp.com\/rnn.com.do\/wp-content\/uploads\/2026\/03\/Yokeira-Adames-habla-sobre-delitos-desde-carceles.jpg?fit=563%2C585&amp;ssl=1\" data-orig-size=\"563,585\" data-comments-opened=\"1\" data-image-meta=\"{&quot;aperture&quot;:&quot;0&quot;,&quot;credit&quot;:&quot;Fernanda&quot;,&quot;camera&quot;:&quot;&quot;,&quot;caption&quot;:&quot;&quot;,&quot;created_timestamp&quot;:&quot;1773236327&quot;,&quot;copyright&quot;:&quot;&quot;,&quot;focal_length&quot;:&quot;0&quot;,&quot;iso&quot;:&quot;0&quot;,&quot;shutter_speed&quot;:&quot;0&quot;,&quot;title&quot;:&quot;&quot;,&quot;orientation&quot;:&quot;0&quot;}\" data-image-title=\"Yokeira Adames habla sobre delitos desde c\u00e1rceles\" data-image-description=\"\" data-image-caption=\"\" data-medium-file=\"https:\/\/i0.wp.com\/rnn.com.do\/wp-content\/uploads\/2026\/03\/Yokeira-Adames-habla-sobre-delitos-desde-carceles.jpg?fit=289%2C300&amp;ssl=1\" data-large-file=\"https:\/\/i0.wp.com\/rnn.com.do\/wp-content\/uploads\/2026\/03\/Yokeira-Adames-habla-sobre-delitos-desde-carceles.jpg?fit=563%2C585&amp;ssl=1\" src=\"https:\/\/i0.wp.com\/rnn.com.do\/wp-content\/uploads\/2026\/03\/Yokeira-Adames-habla-sobre-delitos-desde-carceles.jpg?resize=563%2C585&amp;ssl=1\" alt=\"\" class=\"wp-image-490336 size-full\" srcset=\"https:\/\/i0.wp.com\/rnn.com.do\/wp-content\/uploads\/2026\/03\/Yokeira-Adames-habla-sobre-delitos-desde-carceles.jpg?w=563&amp;ssl=1 563w, https:\/\/i0.wp.com\/rnn.com.do\/wp-content\/uploads\/2026\/03\/Yokeira-Adames-habla-sobre-delitos-desde-carceles.jpg?resize=289%2C300&amp;ssl=1 289w, https:\/\/i0.wp.com\/rnn.com.do\/wp-content\/uploads\/2026\/03\/Yokeira-Adames-habla-sobre-delitos-desde-carceles.jpg?resize=404%2C420&amp;ssl=1 404w, https:\/\/i0.wp.com\/rnn.com.do\/wp-content\/uploads\/2026\/03\/Yokeira-Adames-habla-sobre-delitos-desde-carceles.jpg?resize=150%2C156&amp;ssl=1 150w, https:\/\/i0.wp.com\/rnn.com.do\/wp-content\/uploads\/2026\/03\/Yokeira-Adames-habla-sobre-delitos-desde-carceles.jpg?resize=300%2C312&amp;ssl=1 300w\" sizes=\"auto, (max-width: 563px) 100vw, 563px\"\/><\/figure>\n<\/div>\n<p>Adem\u00e1s, consideran que se debe realizar una <strong>depuraci\u00f3n profunda del personal que trabaja<\/strong> directamente con los privados de libertad.<\/p>\n<div class=\"wp-block-media-text is-stacked-on-mobile\" style=\"grid-template-columns:20% auto\">\n<figure class=\"wp-block-media-text__media\"><img loading=\"lazy\" data-recalc-dims=\"1\" decoding=\"async\" width=\"600\" height=\"784\" data-attachment-id=\"490337\" data-permalink=\"https:\/\/rnn.com.do\/preocupa-que-desde-carceles-se-sigan-coordinando-fraudes-y-delitos\/arnaldo-pereira-todo-va-a-depender-del-control-carceles\/\" data-orig-file=\"https:\/\/i0.wp.com\/rnn.com.do\/wp-content\/uploads\/2026\/03\/Arnaldo-Pereira-todo-va-a-depender-del-control-carceles.jpg?fit=600%2C784&amp;ssl=1\" data-orig-size=\"600,784\" data-comments-opened=\"1\" data-image-meta=\"{&quot;aperture&quot;:&quot;0&quot;,&quot;credit&quot;:&quot;Fernanda&quot;,&quot;camera&quot;:&quot;&quot;,&quot;caption&quot;:&quot;&quot;,&quot;created_timestamp&quot;:&quot;1773236421&quot;,&quot;copyright&quot;:&quot;&quot;,&quot;focal_length&quot;:&quot;0&quot;,&quot;iso&quot;:&quot;0&quot;,&quot;shutter_speed&quot;:&quot;0&quot;,&quot;title&quot;:&quot;&quot;,&quot;orientation&quot;:&quot;0&quot;}\" data-image-title=\"Arnaldo Pereira todo va a depender del control c\u00e1rceles\" data-image-description=\"\" data-image-caption=\"\" data-medium-file=\"https:\/\/i0.wp.com\/rnn.com.do\/wp-content\/uploads\/2026\/03\/Arnaldo-Pereira-todo-va-a-depender-del-control-carceles.jpg?fit=230%2C300&amp;ssl=1\" data-large-file=\"https:\/\/i0.wp.com\/rnn.com.do\/wp-content\/uploads\/2026\/03\/Arnaldo-Pereira-todo-va-a-depender-del-control-carceles.jpg?fit=600%2C784&amp;ssl=1\" src=\"https:\/\/i0.wp.com\/rnn.com.do\/wp-content\/uploads\/2026\/03\/Arnaldo-Pereira-todo-va-a-depender-del-control-carceles.jpg?resize=600%2C784&amp;ssl=1\" alt=\"\" class=\"wp-image-490337 size-full\" srcset=\"https:\/\/i0.wp.com\/rnn.com.do\/wp-content\/uploads\/2026\/03\/Arnaldo-Pereira-todo-va-a-depender-del-control-carceles.jpg?w=600&amp;ssl=1 600w, https:\/\/i0.wp.com\/rnn.com.do\/wp-content\/uploads\/2026\/03\/Arnaldo-Pereira-todo-va-a-depender-del-control-carceles.jpg?resize=230%2C300&amp;ssl=1 230w, https:\/\/i0.wp.com\/rnn.com.do\/wp-content\/uploads\/2026\/03\/Arnaldo-Pereira-todo-va-a-depender-del-control-carceles.jpg?resize=321%2C420&amp;ssl=1 321w, https:\/\/i0.wp.com\/rnn.com.do\/wp-content\/uploads\/2026\/03\/Arnaldo-Pereira-todo-va-a-depender-del-control-carceles.jpg?resize=150%2C196&amp;ssl=1 150w, https:\/\/i0.wp.com\/rnn.com.do\/wp-content\/uploads\/2026\/03\/Arnaldo-Pereira-todo-va-a-depender-del-control-carceles.jpg?resize=300%2C392&amp;ssl=1 300w\" sizes=\"auto, (max-width: 600px) 100vw, 600px\"\/><\/figure>\n<div class=\"wp-block-media-text__content\">\n<p>\u00ab<em>Todo va a depender del<strong> control que tengan los militares<\/strong>, que tenga la situaci\u00f3n est\u00e1, en que la poblaci\u00f3n se puede  cuidar, pero es que va a seguir haci\u00e9ndola <strong>si no hay un freno desde adentro<\/strong>, el problema est\u00e1 adentro, ah\u00ed es que est\u00e1 la ra\u00edz<\/em>\u00ab, advirti\u00f3 <strong>Arnaldo Pereira<\/strong>.<\/p>\n<\/div>\n<\/div>\n<p>La ciudadan\u00eda entiende que, pese a los esfuerzos de las autoridades por mejorar los <strong>modelos de gesti\u00f3n penitenciaria<\/strong>, a\u00fan <strong>persisten deficiencias<\/strong> en los procesos de<strong> rehabilitaci\u00f3n y reinserci\u00f3n<\/strong>, lo que contribuye a la <strong>reincidencia delictiva<\/strong>.<\/p>\n<figure class=\"wp-block-embed is-type-video is-provider-youtube wp-block-embed-youtube wp-embed-aspect-16-9 wp-has-aspect-ratio\">\n<p>\n<span class=\"embed-youtube\" style=\"text-align:center; display: block;\"><iframe loading=\"lazy\" title=\"Planificaci\u00f3n de delitos desde las c\u00e1rceles inquietan a la ciudadan\u00eda\" width=\"960\" height=\"540\" src=\"https:\/\/www.youtube.com\/embed\/Ir_8YC4_dpw?feature=oembed\" frameborder=\"0\" allow=\"accelerometer; autoplay; clipboard-write; encrypted-media; gyroscope; picture-in-picture; web-share\" referrerpolicy=\"strict-origin-when-cross-origin\" allowfullscreen><\/iframe><\/span>\n<\/p>\n<\/figure>\n<\/div>\n<\/div>\n","protected":false},"excerpt":{"rendered":"<p>La planificaci\u00f3n de delitos desde las c\u00e1rceles contin\u00faa siendo una problem\u00e1tica cr\u00edtica en el pa\u00eds, que genera preocupaci\u00f3n entre ciudadanos consultados, quienes denuncian que pese a las medidas adoptadas por las autoridades, algunos centros penitenciarios siguen convirti\u00e9ndose en \u201coficinas\u201d desde donde se coordinan fraudes y otros actos delictivos. La delincuencia organizada dentro de los penales<\/p>\n","protected":false},"author":1,"featured_media":27072,"comment_status":"open","ping_status":"open","sticky":false,"template":"","format":"standard","meta":{"footnotes":""},"categories":[1],"tags":[],"class_list":["post-27071","post","type-post","status-publish","format-standard","has-post-thumbnail","hentry","category-nacionales"],"_links":{"self":[{"href":"https:\/\/acronoticias.com\/index.php\/wp-json\/wp\/v2\/posts\/27071","targetHints":{"allow":["GET"]}}],"collection":[{"href":"https:\/\/acronoticias.com\/index.php\/wp-json\/wp\/v2\/posts"}],"about":[{"href":"https:\/\/acronoticias.com\/index.php\/wp-json\/wp\/v2\/types\/post"}],"author":[{"embeddable":true,"href":"https:\/\/acronoticias.com\/index.php\/wp-json\/wp\/v2\/users\/1"}],"replies":[{"embeddable":true,"href":"https:\/\/acronoticias.com\/index.php\/wp-json\/wp\/v2\/comments?post=27071"}],"version-history":[{"count":0,"href":"https:\/\/acronoticias.com\/index.php\/wp-json\/wp\/v2\/posts\/27071\/revisions"}],"wp:featuredmedia":[{"embeddable":true,"href":"https:\/\/acronoticias.com\/index.php\/wp-json\/wp\/v2\/media\/27072"}],"wp:attachment":[{"href":"https:\/\/acronoticias.com\/index.php\/wp-json\/wp\/v2\/media?parent=27071"}],"wp:term":[{"taxonomy":"category","embeddable":true,"href":"https:\/\/acronoticias.com\/index.php\/wp-json\/wp\/v2\/categories?post=27071"},{"taxonomy":"post_tag","embeddable":true,"href":"https:\/\/acronoticias.com\/index.php\/wp-json\/wp\/v2\/tags?post=27071"}],"curies":[{"name":"wp","href":"https:\/\/api.w.org\/{rel}","templated":true}]}}