{"id":27065,"date":"2026-03-12T05:54:34","date_gmt":"2026-03-12T05:54:34","guid":{"rendered":"https:\/\/acronoticias.com\/index.php\/2026\/03\/12\/vicepresidenta-cree-inaceptable-maltrato-profesora-a-nina-y-pidio-expulsar-a-regidor-acusado-violar-nieta\/"},"modified":"2026-03-12T05:54:34","modified_gmt":"2026-03-12T05:54:34","slug":"vicepresidenta-cree-inaceptable-maltrato-profesora-a-nina-y-pidio-expulsar-a-regidor-acusado-violar-nieta","status":"publish","type":"post","link":"https:\/\/acronoticias.com\/index.php\/2026\/03\/12\/vicepresidenta-cree-inaceptable-maltrato-profesora-a-nina-y-pidio-expulsar-a-regidor-acusado-violar-nieta\/","title":{"rendered":"Vicepresidenta cree inaceptable maltrato profesora a ni\u00f1a y pidi\u00f3 expulsar a regidor acusado violar nieta"},"content":{"rendered":"<div data-td-block-uid=\"tdi_101\">\n<div class=\"tdb-block-inner td-fix-index\">\n<p>Santo Domingo.- La vicepresidenta <strong>Raquel Pe\u00f1a<\/strong> calific\u00f3 de<strong> inaceptable el maltrato<\/strong> de una profesora a una estudiante en Santo Domingo Este, advirtiendo que debe <strong>caer sobre ella todo el peso de la ley<\/strong>. Tambi\u00e9n asegur\u00f3 que debi\u00f3 ser<strong> expulsado <\/strong>de inmediato del Partido Revolucionario Moderno el <strong>regidor<\/strong>, <strong>\u00c1ngel Mar\u00eda \u00c1lvarez Peguero acusado de violar a su nieta<\/strong> en Nigua, San Crist\u00f3bal.<\/p>\n<p>La vicemandataria reaccion\u00f3 preocupada por los m\u00e1s recientes hechos violentos en el pa\u00eds. Se refiri\u00f3 a la profesara <strong>Yamelsy Matos Beltre<\/strong> del Colegio Mi Segundo Hogar en Santo Domingo Este, bajo arresto por haber maltratado una ni\u00f1a bajo su custodia.<\/p>\n<div class=\"wp-block-media-text is-stacked-on-mobile\" style=\"grid-template-columns:18% auto\">\n<figure class=\"wp-block-media-text__media\"><img data-recalc-dims=\"1\" fetchpriority=\"high\" decoding=\"async\" width=\"367\" height=\"591\" data-attachment-id=\"490338\" data-permalink=\"https:\/\/rnn.com.do\/raquel-pena-califico-de-inaceptable-maltrato-profesora-a-nina-y-pidio-expulsar-a-regidor-acusado-violar-nieta\/raquel-pena-maestra-y-regidor\/\" data-orig-file=\"https:\/\/i0.wp.com\/rnn.com.do\/wp-content\/uploads\/2026\/03\/Raquel-Pena-maestra-y-regidor.jpg?fit=367%2C591&amp;ssl=1\" data-orig-size=\"367,591\" data-comments-opened=\"1\" data-image-meta=\"{&quot;aperture&quot;:&quot;0&quot;,&quot;credit&quot;:&quot;Fernanda&quot;,&quot;camera&quot;:&quot;&quot;,&quot;caption&quot;:&quot;&quot;,&quot;created_timestamp&quot;:&quot;1773235542&quot;,&quot;copyright&quot;:&quot;&quot;,&quot;focal_length&quot;:&quot;0&quot;,&quot;iso&quot;:&quot;0&quot;,&quot;shutter_speed&quot;:&quot;0&quot;,&quot;title&quot;:&quot;&quot;,&quot;orientation&quot;:&quot;0&quot;}\" data-image-title=\"Raquel Pe\u00f1a maestra y regidor\" data-image-description=\"\" data-image-caption=\"\" data-medium-file=\"https:\/\/i0.wp.com\/rnn.com.do\/wp-content\/uploads\/2026\/03\/Raquel-Pena-maestra-y-regidor.jpg?fit=186%2C300&amp;ssl=1\" data-large-file=\"https:\/\/i0.wp.com\/rnn.com.do\/wp-content\/uploads\/2026\/03\/Raquel-Pena-maestra-y-regidor.jpg?fit=367%2C591&amp;ssl=1\" src=\"https:\/\/i0.wp.com\/rnn.com.do\/wp-content\/uploads\/2026\/03\/Raquel-Pena-maestra-y-regidor.jpg?resize=367%2C591&amp;ssl=1\" alt=\"\" class=\"wp-image-490338 size-full\" srcset=\"https:\/\/i0.wp.com\/rnn.com.do\/wp-content\/uploads\/2026\/03\/Raquel-Pena-maestra-y-regidor.jpg?w=367&amp;ssl=1 367w, https:\/\/i0.wp.com\/rnn.com.do\/wp-content\/uploads\/2026\/03\/Raquel-Pena-maestra-y-regidor.jpg?resize=186%2C300&amp;ssl=1 186w, https:\/\/i0.wp.com\/rnn.com.do\/wp-content\/uploads\/2026\/03\/Raquel-Pena-maestra-y-regidor.jpg?resize=261%2C420&amp;ssl=1 261w, https:\/\/i0.wp.com\/rnn.com.do\/wp-content\/uploads\/2026\/03\/Raquel-Pena-maestra-y-regidor.jpg?resize=150%2C242&amp;ssl=1 150w, https:\/\/i0.wp.com\/rnn.com.do\/wp-content\/uploads\/2026\/03\/Raquel-Pena-maestra-y-regidor.jpg?resize=300%2C483&amp;ssl=1 300w\" sizes=\"(max-width: 367px) 100vw, 367px\"\/><\/figure>\n<div class=\"wp-block-media-text__content\">\n<p>\u00ab<em><strong>Eso es inaceptable<\/strong>, f\u00edjense que <strong>no me salen ni siquiera palabras <\/strong>cuando uno vio esas im\u00e1genes. Y la verdad es que ya est\u00e1 en manos del Ministerio P\u00fablico y nosotros estamos pues confiados que<strong> quien cometi\u00f3 esos hechos terribles van a recibir todo el peso de la ley<\/strong><\/em>\u00ab, advirti\u00f3 <strong>Pe\u00f1a<\/strong>.<\/p>\n<\/div>\n<\/div>\n<p>Asimismo, dijo que esos atropellos viralizados en redes la<strong> conmovieron profundamente<\/strong>. \u00ab<em><strong>Que sirva de ejemplo<\/strong> para que si est\u00e1 sucediendo en otros lugares, los due\u00f1os de los colegios, los due\u00f1os de las escuelas, <strong>estemos m\u00e1s pendientes<\/strong>, igualmente nosotros los padres, que siempre estamos pendientes, pero ya la situaci\u00f3n est\u00e1 que <strong>hay que estar m\u00e1s inmersos en la vida de nuestros hijos y de nuestros nietos<\/strong><\/em>\u00ab, agreg\u00f3.<\/p>\n<p><strong>Puede leer: <a href=\"https:\/\/rnn.com.do\/envian-a-prision-preventiva-a-un-regidor-acusado-de-violar-a-una-adolescente\/\">Imponen prisi\u00f3n preventiva a regidor PRM acusado de violar menor<\/a><\/strong><\/p>\n<p>Raquel Pe\u00f1a tambi\u00e9n habl\u00f3 con  los periodistas sobre el proceso judicial que en San Crist\u00f3bal enfrenta el regidor del PRM, <strong>\u00c1ngel Mar\u00eda \u00c1lvarez Peguero<\/strong> acusado de violar a su nieta de 12 a\u00f1os, desde que ten\u00eda 7 a\u00f1os. Y aunque cree que hay que cuidar el debido proceso, entiende que el partido debi\u00f3 expulsarlo de inmediato.<\/p>\n<p>\u00ab<em>El partido creo que se reuni\u00f3 ayer, est\u00e1n trabajando en eso, est\u00e1n esperando tambi\u00e9n que lo que es la justicia avance en todo ese caso. Pero d\u00e9jenme decirle una cosa, <strong>eso es para haber sido expulsado antes de ayer<\/strong><\/em>\u00ab, enfatiz\u00f3 <strong>Pe\u00f1a<\/strong>.<\/p>\n<p>La vicepresidenta de la Rep\u00fablica asisti\u00f3 al congreso Iberoamericano de la Vida y Familia en el sal\u00f3n de la Asamblea Nacional, donde a su salida exhort\u00f3 a los padres a ser m\u00e1s celosos con el cuidado de sus ni\u00f1os.<\/p>\n<figure class=\"wp-block-embed is-type-video is-provider-youtube wp-block-embed-youtube wp-embed-aspect-16-9 wp-has-aspect-ratio\">\n<p>\n<span class=\"embed-youtube\" style=\"text-align:center; display: block;\"><iframe loading=\"lazy\" title=\"Raquel Pe\u00f1a pidi\u00f3 la expulsi\u00f3n de regidor acusado de violar menor en Nigua\" width=\"960\" height=\"540\" src=\"https:\/\/www.youtube.com\/embed\/uAQsi9L_88M?feature=oembed\" frameborder=\"0\" allow=\"accelerometer; autoplay; clipboard-write; encrypted-media; gyroscope; picture-in-picture; web-share\" referrerpolicy=\"strict-origin-when-cross-origin\" allowfullscreen><\/iframe><\/span>\n<\/p>\n<\/figure>\n<\/div>\n<\/div>\n","protected":false},"excerpt":{"rendered":"<p>Santo Domingo.- La vicepresidenta Raquel Pe\u00f1a calific\u00f3 de inaceptable el maltrato de una profesora a una estudiante en Santo Domingo Este, advirtiendo que debe caer sobre ella todo el peso de la ley. Tambi\u00e9n asegur\u00f3 que debi\u00f3 ser expulsado de inmediato del Partido Revolucionario Moderno el regidor, \u00c1ngel Mar\u00eda \u00c1lvarez Peguero acusado de violar a<\/p>\n","protected":false},"author":1,"featured_media":27066,"comment_status":"open","ping_status":"open","sticky":false,"template":"","format":"standard","meta":{"footnotes":""},"categories":[1],"tags":[],"class_list":["post-27065","post","type-post","status-publish","format-standard","has-post-thumbnail","hentry","category-nacionales"],"_links":{"self":[{"href":"https:\/\/acronoticias.com\/index.php\/wp-json\/wp\/v2\/posts\/27065","targetHints":{"allow":["GET"]}}],"collection":[{"href":"https:\/\/acronoticias.com\/index.php\/wp-json\/wp\/v2\/posts"}],"about":[{"href":"https:\/\/acronoticias.com\/index.php\/wp-json\/wp\/v2\/types\/post"}],"author":[{"embeddable":true,"href":"https:\/\/acronoticias.com\/index.php\/wp-json\/wp\/v2\/users\/1"}],"replies":[{"embeddable":true,"href":"https:\/\/acronoticias.com\/index.php\/wp-json\/wp\/v2\/comments?post=27065"}],"version-history":[{"count":0,"href":"https:\/\/acronoticias.com\/index.php\/wp-json\/wp\/v2\/posts\/27065\/revisions"}],"wp:featuredmedia":[{"embeddable":true,"href":"https:\/\/acronoticias.com\/index.php\/wp-json\/wp\/v2\/media\/27066"}],"wp:attachment":[{"href":"https:\/\/acronoticias.com\/index.php\/wp-json\/wp\/v2\/media?parent=27065"}],"wp:term":[{"taxonomy":"category","embeddable":true,"href":"https:\/\/acronoticias.com\/index.php\/wp-json\/wp\/v2\/categories?post=27065"},{"taxonomy":"post_tag","embeddable":true,"href":"https:\/\/acronoticias.com\/index.php\/wp-json\/wp\/v2\/tags?post=27065"}],"curies":[{"name":"wp","href":"https:\/\/api.w.org\/{rel}","templated":true}]}}