{"id":2706,"date":"2025-11-12T02:05:48","date_gmt":"2025-11-12T02:05:48","guid":{"rendered":"https:\/\/acronoticias.com\/index.php\/2025\/11\/12\/surun-hernandez-critica-seleccion-de-jueces-y-advierte-sobre-deterioro-institucional-el-nuevo-diario-republica-dominicana\/"},"modified":"2025-11-12T02:05:48","modified_gmt":"2025-11-12T02:05:48","slug":"surun-hernandez-critica-seleccion-de-jueces-y-advierte-sobre-deterioro-institucional-el-nuevo-diario-republica-dominicana","status":"publish","type":"post","link":"https:\/\/acronoticias.com\/index.php\/2025\/11\/12\/surun-hernandez-critica-seleccion-de-jueces-y-advierte-sobre-deterioro-institucional-el-nuevo-diario-republica-dominicana\/","title":{"rendered":"Surun Hern\u00e1ndez critica selecci\u00f3n de jueces y advierte sobre deterioro institucional \u2013 El Nuevo Diario (Rep\u00fablica Dominicana)"},"content":{"rendered":"<div>\n<p>EL NUEVO DIARIO, SANTO DOMINGO. \u2013\u00a0 El abogado Miguel Surun Hern\u00e1ndez expres\u00f3 este martes su preocupaci\u00f3n por la forma en que ha sido manejada la selecci\u00f3n de jueces de la Suprema Corte de Justicia y del Tribunal Superior Electoral, se\u00f1alando que este proceso evidencia un deterioro institucional que afecta al pa\u00eds.<\/p>\n<p>Surun Hern\u00e1ndez, expresidente del Colegio de Abogados de la Rep\u00fablica Dominicana (CARD), asegur\u00f3 que esta situaci\u00f3n forma parte de los esfuerzos del poder pol\u00edtico reinante por controlar el Poder Judicial y la Administraci\u00f3n de Justicia, y que no se trata \u00fanicamente de intereses pol\u00edticos, sino tambi\u00e9n econ\u00f3micos.<\/p>\n<p>El jurista habl\u00f3 sobre este y otros temas de inter\u00e9s junto a los comentaristas Liliam Mateo, Rey Ra\u00fal Sully y Domingo Ram\u00edrez en el programa \u201cEl Nuevo Diario de la Noche\u201d, transmitido por la plataforma digital El Nuevo Diario TV.<\/p>\n<p>(Ver programa)<\/p>\n<p><iframe loading=\"lazy\" src=\"https:\/\/player.vimeo.com\/video\/1135939857?dnt=1&amp;app_id=122963\" width=\"640\" height=\"360\" frameborder=\"0\" allow=\"autoplay; fullscreen; picture-in-picture; clipboard-write; encrypted-media; web-share\" referrerpolicy=\"strict-origin-when-cross-origin\"><\/iframe><\/p>\n<p>El profesional del derecho critic\u00f3 el tratamiento dado a tres jueces de la Suprema Corte que presentaron calificaciones destacadas e incuestionables, calificando la actuaci\u00f3n de las autoridades como un espect\u00e1culo de abuso, humillaci\u00f3n y arbitrariedad.<\/p>\n<p>Adem\u00e1s, Surun Hern\u00e1ndez se\u00f1al\u00f3 que, por primera vez en la historia de este proceso de selecci\u00f3n, el presidente de la Rep\u00fablica hizo valer su poder presidencial mediante un supuesto voto de calidad, acci\u00f3n que, aunque contemplada en la Ley Org\u00e1nica del Consejo Nacional de la Magistratura, resulta inconstitucional, ya que la Carta Magna no la prev\u00e9.<\/p>\n<p>\u201cEl presidente de la Rep\u00fablica, por primera vez en la historia de ese proceso de selecci\u00f3n de jueces hizo valer su poder presidencial con un supuesto voto de calidad, es inconstitucional porque la Carta Magna no lo contempla\u201d, subray\u00f3.<\/p>\n<p><h3 class=\"jp-relatedposts-headline\"><em>Relacionado<\/em><\/h3>\n<\/p>\n<p>\t\t\t\t\t\t<!-- .entry-footer --><br \/>\n\t\t\t\t\t\t<!-- \n\n<div data-type=\"_mgwidget\" data-widget-id=\"1743501\"><\/div>\n\n  -->\n\t\t\t\t\t<\/div>\n","protected":false},"excerpt":{"rendered":"<p>EL NUEVO DIARIO, SANTO DOMINGO. \u2013\u00a0 El abogado Miguel Surun Hern\u00e1ndez expres\u00f3 este martes su preocupaci\u00f3n por la forma en que ha sido manejada la selecci\u00f3n de jueces de la Suprema Corte de Justicia y del Tribunal Superior Electoral, se\u00f1alando que este proceso evidencia un deterioro institucional que afecta al pa\u00eds. Surun Hern\u00e1ndez, expresidente del<\/p>\n","protected":false},"author":1,"featured_media":2707,"comment_status":"open","ping_status":"open","sticky":false,"template":"","format":"standard","meta":{"footnotes":""},"categories":[1],"tags":[],"class_list":["post-2706","post","type-post","status-publish","format-standard","has-post-thumbnail","hentry","category-nacionales"],"_links":{"self":[{"href":"https:\/\/acronoticias.com\/index.php\/wp-json\/wp\/v2\/posts\/2706","targetHints":{"allow":["GET"]}}],"collection":[{"href":"https:\/\/acronoticias.com\/index.php\/wp-json\/wp\/v2\/posts"}],"about":[{"href":"https:\/\/acronoticias.com\/index.php\/wp-json\/wp\/v2\/types\/post"}],"author":[{"embeddable":true,"href":"https:\/\/acronoticias.com\/index.php\/wp-json\/wp\/v2\/users\/1"}],"replies":[{"embeddable":true,"href":"https:\/\/acronoticias.com\/index.php\/wp-json\/wp\/v2\/comments?post=2706"}],"version-history":[{"count":0,"href":"https:\/\/acronoticias.com\/index.php\/wp-json\/wp\/v2\/posts\/2706\/revisions"}],"wp:featuredmedia":[{"embeddable":true,"href":"https:\/\/acronoticias.com\/index.php\/wp-json\/wp\/v2\/media\/2707"}],"wp:attachment":[{"href":"https:\/\/acronoticias.com\/index.php\/wp-json\/wp\/v2\/media?parent=2706"}],"wp:term":[{"taxonomy":"category","embeddable":true,"href":"https:\/\/acronoticias.com\/index.php\/wp-json\/wp\/v2\/categories?post=2706"},{"taxonomy":"post_tag","embeddable":true,"href":"https:\/\/acronoticias.com\/index.php\/wp-json\/wp\/v2\/tags?post=2706"}],"curies":[{"name":"wp","href":"https:\/\/api.w.org\/{rel}","templated":true}]}}