{"id":27051,"date":"2026-03-12T04:34:36","date_gmt":"2026-03-12T04:34:36","guid":{"rendered":"https:\/\/acronoticias.com\/index.php\/2026\/03\/12\/pn-recupera-computadoras-robadas-y-arresta-presunto-autor-en-flagrante-delito\/"},"modified":"2026-03-12T04:34:36","modified_gmt":"2026-03-12T04:34:36","slug":"pn-recupera-computadoras-robadas-y-arresta-presunto-autor-en-flagrante-delito","status":"publish","type":"post","link":"https:\/\/acronoticias.com\/index.php\/2026\/03\/12\/pn-recupera-computadoras-robadas-y-arresta-presunto-autor-en-flagrante-delito\/","title":{"rendered":"PN recupera computadoras robadas y arresta presunto autor en flagrante delito"},"content":{"rendered":"<div data-td-block-uid=\"tdi_101\">\n<div class=\"tdb-block-inner td-fix-index\">\n<p><strong>Santiago de los Caballeros.\u2013 <\/strong>Agentes de la <strong>Divisi\u00f3n de Investigaci\u00f3n<\/strong> de la Plaza Valerio, de la\u00a0<strong>Polic\u00eda Nacional<\/strong>, arrestaron en flagrante delito a <strong>Railin Est\u00e9vez<\/strong>, se\u00f1alado como el presunto responsable de un robo perpetrado en un establecimiento comercial ubicado en el centro de la ciudad.<\/p>\n<p>De acuerdo con el informe preliminar, el individuo habr\u00eda penetrado de manera ilegal al negocio, situado en la calle M\u00e1ximo G\u00f3mez. Esto, tras escalar hasta el segundo nivel del local y desmontar los cristales de las persianas para acceder al interior del establecimiento, que se encontraba cerrado.<\/p>\n<p>Una vez dentro, el sospechoso sustrajo cuatro computadoras port\u00e1tiles y una tablet, junto con sus respectivos cargadores.<\/p>\n<p>El hecho qued\u00f3 registrado por las c\u00e1maras de seguridad del comercio. Las im\u00e1genes muestran al presunto autor cuando sale del local luego de cometer el\u00a0<strong>robo<\/strong>.<\/p>\n<p>Las autoridades informaron que los equipos resultaron recuperados y que el detenido se remitir\u00e1\u00a0<strong>Ministerio P\u00fablico<\/strong>\u00a0para los fines legales correspondientes.<\/p>\n<\/div>\n<\/div>\n","protected":false},"excerpt":{"rendered":"<p>Santiago de los Caballeros.\u2013 Agentes de la Divisi\u00f3n de Investigaci\u00f3n de la Plaza Valerio, de la\u00a0Polic\u00eda Nacional, arrestaron en flagrante delito a Railin Est\u00e9vez, se\u00f1alado como el presunto responsable de un robo perpetrado en un establecimiento comercial ubicado en el centro de la ciudad. De acuerdo con el informe preliminar, el individuo habr\u00eda penetrado de<\/p>\n","protected":false},"author":1,"featured_media":27052,"comment_status":"open","ping_status":"open","sticky":false,"template":"","format":"standard","meta":{"footnotes":""},"categories":[1],"tags":[],"class_list":["post-27051","post","type-post","status-publish","format-standard","has-post-thumbnail","hentry","category-nacionales"],"_links":{"self":[{"href":"https:\/\/acronoticias.com\/index.php\/wp-json\/wp\/v2\/posts\/27051","targetHints":{"allow":["GET"]}}],"collection":[{"href":"https:\/\/acronoticias.com\/index.php\/wp-json\/wp\/v2\/posts"}],"about":[{"href":"https:\/\/acronoticias.com\/index.php\/wp-json\/wp\/v2\/types\/post"}],"author":[{"embeddable":true,"href":"https:\/\/acronoticias.com\/index.php\/wp-json\/wp\/v2\/users\/1"}],"replies":[{"embeddable":true,"href":"https:\/\/acronoticias.com\/index.php\/wp-json\/wp\/v2\/comments?post=27051"}],"version-history":[{"count":0,"href":"https:\/\/acronoticias.com\/index.php\/wp-json\/wp\/v2\/posts\/27051\/revisions"}],"wp:featuredmedia":[{"embeddable":true,"href":"https:\/\/acronoticias.com\/index.php\/wp-json\/wp\/v2\/media\/27052"}],"wp:attachment":[{"href":"https:\/\/acronoticias.com\/index.php\/wp-json\/wp\/v2\/media?parent=27051"}],"wp:term":[{"taxonomy":"category","embeddable":true,"href":"https:\/\/acronoticias.com\/index.php\/wp-json\/wp\/v2\/categories?post=27051"},{"taxonomy":"post_tag","embeddable":true,"href":"https:\/\/acronoticias.com\/index.php\/wp-json\/wp\/v2\/tags?post=27051"}],"curies":[{"name":"wp","href":"https:\/\/api.w.org\/{rel}","templated":true}]}}