{"id":2704,"date":"2025-11-12T01:48:23","date_gmt":"2025-11-12T01:48:23","guid":{"rendered":"https:\/\/acronoticias.com\/index.php\/2025\/11\/12\/el-millon-luce-desolado-y-sin-energia-por-apagon-nacional-el-nuevo-diario-republica-dominicana\/"},"modified":"2025-11-12T01:48:23","modified_gmt":"2025-11-12T01:48:23","slug":"el-millon-luce-desolado-y-sin-energia-por-apagon-nacional-el-nuevo-diario-republica-dominicana","status":"publish","type":"post","link":"https:\/\/acronoticias.com\/index.php\/2025\/11\/12\/el-millon-luce-desolado-y-sin-energia-por-apagon-nacional-el-nuevo-diario-republica-dominicana\/","title":{"rendered":"El Mill\u00f3n luce desolado y sin energ\u00eda por apag\u00f3n nacional \u2013 El Nuevo Diario (Rep\u00fablica Dominicana)"},"content":{"rendered":"<div>\n<p>EL NUEVO DIARIO, SANTO DOMINGO.\u2013 El sector El Mill\u00f3n, en el Distrito Nacional, permaneci\u00f3 este martes paralizado y a oscuras como consecuencia del apag\u00f3n nacional que afect\u00f3 gran parte del pa\u00eds.<\/p>\n<p>Durante las horas de la tarde, las calles del residencial luc\u00edan desiertas y sin alumbrado p\u00fablico, mientras la mayor\u00eda de los establecimientos comerciales manten\u00edan sus puertas cerradas ante la falta de energ\u00eda el\u00e9ctrica. En los alrededores solo se escuchaba el ruido de algunas plantas privadas que intentaban suplir la demanda en torres y negocios.<\/p>\n<p><iframe loading=\"lazy\" title=\"Reproductor de video VideoPress\" aria-label=\"Reproductor de video VideoPress\" width=\"362\" height=\"640\" src=\"https:\/\/videopress.com\/embed\/APxHG3FZ?hd=1&amp;cover=1&amp;loop=0&amp;autoPlay=0&amp;permalink=1&amp;muted=0&amp;controls=1&amp;playsinline=0&amp;useAverageColor=0&amp;preloadContent=metadata\" frameborder=\"0\" allowfullscreen=\"\" data-resize-to-parent=\"true\" allow=\"clipboard-write\"><\/iframe><\/p>\n<p>El apag\u00f3n dej\u00f3 sin servicio a cientos de hogares que ya agotaron la carga de sus inversores, afectando la rutina diaria de las familias y el funcionamiento de peque\u00f1os comercios. Tambi\u00e9n se reportaron interrupciones en los sem\u00e1foros y una disminuci\u00f3n notable en el tr\u00e1nsito vehicular.<\/p>\n<p>La situaci\u00f3n gener\u00f3 preocupaci\u00f3n entre los residentes, debido a la falta de informaci\u00f3n sobre el restablecimiento del servicio y el incremento del calor en horas nocturnas por la ausencia de ventilaci\u00f3n y aire acondicionado.<\/p>\n<p>El apag\u00f3n nacional, que seg\u00fan los informes preliminares se origin\u00f3 por una falla en la subestaci\u00f3n de la Empresa de Transmisi\u00f3n El\u00e9ctrica Dominicana (ETED) en San Pedro de Macor\u00eds, provoc\u00f3 la salida en cadena de varias plantas generadoras dejando a gran parte del territorio dominicano sin electricidad por varias horas.<\/p>\n<p><!--[if lt IE 9]><![endif]--><\/p>\n<p>\u00a0<\/p>\n<p>En El Mill\u00f3n, como en otros sectores del Gran Santo Domingo, el panorama se mantuvo en penumbras y con escasa actividad, reflejando el impacto que la interrupci\u00f3n el\u00e9ctrica tuvo sobre la vida cotidiana y la din\u00e1mica econ\u00f3mica de la capital.<\/p>\n<p><h3 class=\"jp-relatedposts-headline\"><em>Relacionado<\/em><\/h3>\n<\/p>\n<p>\t\t\t\t\t\t<!-- .entry-footer --><br \/>\n\t\t\t\t\t\t<!-- \n\n<div data-type=\"_mgwidget\" data-widget-id=\"1743501\"><\/div>\n\n  -->\n\t\t\t\t\t<\/div>\n","protected":false},"excerpt":{"rendered":"<p>EL NUEVO DIARIO, SANTO DOMINGO.\u2013 El sector El Mill\u00f3n, en el Distrito Nacional, permaneci\u00f3 este martes paralizado y a oscuras como consecuencia del apag\u00f3n nacional que afect\u00f3 gran parte del pa\u00eds. Durante las horas de la tarde, las calles del residencial luc\u00edan desiertas y sin alumbrado p\u00fablico, mientras la mayor\u00eda de los establecimientos comerciales manten\u00edan<\/p>\n","protected":false},"author":1,"featured_media":2705,"comment_status":"open","ping_status":"open","sticky":false,"template":"","format":"standard","meta":{"footnotes":""},"categories":[1],"tags":[],"class_list":["post-2704","post","type-post","status-publish","format-standard","has-post-thumbnail","hentry","category-nacionales"],"_links":{"self":[{"href":"https:\/\/acronoticias.com\/index.php\/wp-json\/wp\/v2\/posts\/2704","targetHints":{"allow":["GET"]}}],"collection":[{"href":"https:\/\/acronoticias.com\/index.php\/wp-json\/wp\/v2\/posts"}],"about":[{"href":"https:\/\/acronoticias.com\/index.php\/wp-json\/wp\/v2\/types\/post"}],"author":[{"embeddable":true,"href":"https:\/\/acronoticias.com\/index.php\/wp-json\/wp\/v2\/users\/1"}],"replies":[{"embeddable":true,"href":"https:\/\/acronoticias.com\/index.php\/wp-json\/wp\/v2\/comments?post=2704"}],"version-history":[{"count":0,"href":"https:\/\/acronoticias.com\/index.php\/wp-json\/wp\/v2\/posts\/2704\/revisions"}],"wp:featuredmedia":[{"embeddable":true,"href":"https:\/\/acronoticias.com\/index.php\/wp-json\/wp\/v2\/media\/2705"}],"wp:attachment":[{"href":"https:\/\/acronoticias.com\/index.php\/wp-json\/wp\/v2\/media?parent=2704"}],"wp:term":[{"taxonomy":"category","embeddable":true,"href":"https:\/\/acronoticias.com\/index.php\/wp-json\/wp\/v2\/categories?post=2704"},{"taxonomy":"post_tag","embeddable":true,"href":"https:\/\/acronoticias.com\/index.php\/wp-json\/wp\/v2\/tags?post=2704"}],"curies":[{"name":"wp","href":"https:\/\/api.w.org\/{rel}","templated":true}]}}