{"id":27033,"date":"2026-03-12T02:58:34","date_gmt":"2026-03-12T02:58:34","guid":{"rendered":"https:\/\/acronoticias.com\/index.php\/2026\/03\/12\/video-moradores-de-bella-vista-en-villa-mella-denuncian-ola-de-atracos-el-nuevo-diario-republica-dominicana\/"},"modified":"2026-03-12T02:58:34","modified_gmt":"2026-03-12T02:58:34","slug":"video-moradores-de-bella-vista-en-villa-mella-denuncian-ola-de-atracos-el-nuevo-diario-republica-dominicana","status":"publish","type":"post","link":"https:\/\/acronoticias.com\/index.php\/2026\/03\/12\/video-moradores-de-bella-vista-en-villa-mella-denuncian-ola-de-atracos-el-nuevo-diario-republica-dominicana\/","title":{"rendered":"(VIDEO) Moradores de Bella Vista, en Villa Mella, denuncian ola de atracos \u2013 El Nuevo Diario (Rep\u00fablica Dominicana)"},"content":{"rendered":"<div>\n<div id=\"gemini-summary-wrapper\" class=\"mb-3\">\n                <button id=\"btn-get-summary\" class=\"gemini-btn\" data-post-id=\"3045932\" data-post-title=\"(VIDEO) Moradores de Bella Vista, en Villa Mella, denuncian ola de atracos\"><br \/>\n                    Leer resumen <b class=\"d-none d-md-inline\">de la noticia<\/b> (IA) <span>CLICK AQU\u00cd<\/span><br \/>\n                <\/button><\/p>\n<div id=\"gemini-loading\" class=\"mb-3\">\n<p>                    <span>Analizando noticia&#8230; por favor espera.<\/span>\n                <\/div>\n<\/p><\/div>\n<p data-start=\"104\" data-end=\"356\">EL NUEVO DIARIO, SANTO DOMINGO.\u2013 Moradores del sector Bella Vista, en Villa Mella, denunciaron el aumento de los atracos en la zona y calificaron la situaci\u00f3n como \u201cinsoportable\u201d, debido a los constantes hechos delictivos que, aseguran, se registran en el sector.<\/p>\n<p data-start=\"358\" data-end=\"572\">Los residentes se\u00f1alaron que recientemente una c\u00e1mara de seguridad capt\u00f3 el momento en que cuatro desaprensivos, a bordo de dos motocicletas, asaltaron y golpearon a un delivery en un hecho ocurrido en la calle 38.<\/p>\n<p data-start=\"574\" data-end=\"733\">En las im\u00e1genes se observa c\u00f3mo los individuos interceptan al trabajador, lo agreden f\u00edsicamente y lo despojan de sus pertenencias antes de abandonar el lugar.<\/p>\n<p data-start=\"735\" data-end=\"901\">Ante esta situaci\u00f3n, los comunitarios expresaron preocupaci\u00f3n por la inseguridad que, seg\u00fan indican, afecta a los residentes y trabajadores que transitan por la zona.<\/p>\n<p data-start=\"903\" data-end=\"1122\" data-is-last-node=\"\" data-is-only-node=\"\">Los denunciantes hicieron un llamado a las autoridades para que refuercen el patrullaje policial y adopten medidas que permitan enfrentar los hechos delictivos que, aseguran, se registran con frecuencia en el sector.<\/p>\n<p><h3 class=\"jp-relatedposts-headline\"><em>Relacionado<\/em><\/h3>\n<\/p>\n<p>\t\t\t\t\t\t<!-- .entry-footer --><br \/>\n\t\t\t\t\t\t<!-- \n\n<div data-type=\"_mgwidget\" data-widget-id=\"1743501\"><\/div>\n\n  -->\n\t\t\t\t\t<\/div>\n","protected":false},"excerpt":{"rendered":"<p>Leer resumen de la noticia (IA) CLICK AQU\u00cd Analizando noticia&#8230; por favor espera. EL NUEVO DIARIO, SANTO DOMINGO.\u2013 Moradores del sector Bella Vista, en Villa Mella, denunciaron el aumento de los atracos en la zona y calificaron la situaci\u00f3n como \u201cinsoportable\u201d, debido a los constantes hechos delictivos que, aseguran, se registran en el sector. Los<\/p>\n","protected":false},"author":1,"featured_media":27034,"comment_status":"open","ping_status":"open","sticky":false,"template":"","format":"standard","meta":{"footnotes":""},"categories":[1],"tags":[],"class_list":["post-27033","post","type-post","status-publish","format-standard","has-post-thumbnail","hentry","category-nacionales"],"_links":{"self":[{"href":"https:\/\/acronoticias.com\/index.php\/wp-json\/wp\/v2\/posts\/27033","targetHints":{"allow":["GET"]}}],"collection":[{"href":"https:\/\/acronoticias.com\/index.php\/wp-json\/wp\/v2\/posts"}],"about":[{"href":"https:\/\/acronoticias.com\/index.php\/wp-json\/wp\/v2\/types\/post"}],"author":[{"embeddable":true,"href":"https:\/\/acronoticias.com\/index.php\/wp-json\/wp\/v2\/users\/1"}],"replies":[{"embeddable":true,"href":"https:\/\/acronoticias.com\/index.php\/wp-json\/wp\/v2\/comments?post=27033"}],"version-history":[{"count":0,"href":"https:\/\/acronoticias.com\/index.php\/wp-json\/wp\/v2\/posts\/27033\/revisions"}],"wp:featuredmedia":[{"embeddable":true,"href":"https:\/\/acronoticias.com\/index.php\/wp-json\/wp\/v2\/media\/27034"}],"wp:attachment":[{"href":"https:\/\/acronoticias.com\/index.php\/wp-json\/wp\/v2\/media?parent=27033"}],"wp:term":[{"taxonomy":"category","embeddable":true,"href":"https:\/\/acronoticias.com\/index.php\/wp-json\/wp\/v2\/categories?post=27033"},{"taxonomy":"post_tag","embeddable":true,"href":"https:\/\/acronoticias.com\/index.php\/wp-json\/wp\/v2\/tags?post=27033"}],"curies":[{"name":"wp","href":"https:\/\/api.w.org\/{rel}","templated":true}]}}