{"id":27029,"date":"2026-03-12T02:42:39","date_gmt":"2026-03-12T02:42:39","guid":{"rendered":"https:\/\/acronoticias.com\/index.php\/2026\/03\/12\/video-comunitarios-protestan-por-deterioro-caminos-vecinales-de-guaigui-en-la-vega-el-nuevo-diario-republica-dominicana\/"},"modified":"2026-03-12T02:42:39","modified_gmt":"2026-03-12T02:42:39","slug":"video-comunitarios-protestan-por-deterioro-caminos-vecinales-de-guaigui-en-la-vega-el-nuevo-diario-republica-dominicana","status":"publish","type":"post","link":"https:\/\/acronoticias.com\/index.php\/2026\/03\/12\/video-comunitarios-protestan-por-deterioro-caminos-vecinales-de-guaigui-en-la-vega-el-nuevo-diario-republica-dominicana\/","title":{"rendered":"(VIDEO) Comunitarios protestan por deterioro caminos vecinales de Guaig\u00fc\u00ed en La Vega \u2013 El Nuevo Diario (Rep\u00fablica Dominicana)"},"content":{"rendered":"<div>\n<div id=\"gemini-summary-wrapper\" class=\"mb-3\">\n                <button id=\"btn-get-summary\" class=\"gemini-btn\" data-post-id=\"3045787\" data-post-title=\"(VIDEO) Comunitarios protestan por deterioro caminos vecinales de Guaig\u00fc\u00ed en La Vega\"><br \/>\n                    Leer resumen <b class=\"d-none d-md-inline\">de la noticia<\/b> (IA) <span>CLICK AQU\u00cd<\/span><br \/>\n                <\/button><\/p>\n<div id=\"gemini-loading\" class=\"mb-3\">\n<p>                    <span>Analizando noticia&#8230; por favor espera.<\/span>\n                <\/div>\n<\/p><\/div>\n<p>EL NUEVO DIARIO, LA VEGA .\u2013 Comunitarios de la secci\u00f3n de Guaig\u00fc\u00ed realizaron una protesta pac\u00edfica para reclamar a las autoridades la pavimentaci\u00f3n asf\u00e1ltica del camino vecinal que comunica con el balneario de Guaig\u00fc\u00ed, ubicado en el paraje Cam\u00fa, ante el deterioro que presenta la v\u00eda.<\/p>\n<p data-start=\"353\" data-end=\"600\">Durante la manifestaci\u00f3n, el padre George Hern\u00e1ndez Lantigua actu\u00f3 como vocero de los residentes, quienes denunciaron el estado de abandono en que aseguran, se encuentra la zona y solicitaron la intervenci\u00f3n de las instituciones correspondientes.<\/p>\n<p data-start=\"602\" data-end=\"832\">El religioso explic\u00f3 que la protesta busca llamar la atenci\u00f3n de entidades como la Empresa de Generaci\u00f3n Hidroel\u00e9ctrica Dominicana (Egehid) y otras autoridades, a fin de que se ofrezca una respuesta a las demandas de la comunidad.<\/p>\n<p data-start=\"834\" data-end=\"1103\">Hern\u00e1ndez Lantigua indic\u00f3 que los comunitarios han entregado comunicaciones formales para canalizar sus reclamos, pero afirm\u00f3 que las respuestas han sido lentas, mientras los residentes del paraje Cam\u00fa contin\u00faan enfrentando dificultades debido al mal estado del camino.<\/p>\n<p data-start=\"1105\" data-end=\"1297\">Se\u00f1al\u00f3 adem\u00e1s que la situaci\u00f3n afecta a los estudiantes que utilizan la v\u00eda, quienes, seg\u00fan dijo, no pueden transitar con seguridad, lo que motiv\u00f3 a los moradores a manifestarse pac\u00edficamente.<\/p>\n<p data-start=\"1299\" data-end=\"1481\">El sacerdote sostuvo que hasta el momento ninguna autoridad del ayuntamiento, la senadur\u00eda o la diputaci\u00f3n ha acudido a la comunidad para ofrecer una soluci\u00f3n definitiva al problema.<\/p>\n<p data-start=\"1483\" data-end=\"1726\">Asimismo, indic\u00f3 que en ocasiones el ayuntamiento ha realizado trabajos de raspado en la v\u00eda cuando los comunitarios lo han solicitado, aunque consider\u00f3 que esa medida resulta insuficiente frente a la demanda de pavimentaci\u00f3n total del camino.<\/p>\n<p data-start=\"1728\" data-end=\"1945\" data-is-last-node=\"\" data-is-only-node=\"\">Los residentes tambi\u00e9n se\u00f1alaron que el constante tr\u00e1nsito de buggies en la zona levanta grandes cantidades de polvo, lo que genera molestias entre los habitantes y contribuye al deterioro de los caminos vecinales.<\/p>\n<p><h3 class=\"jp-relatedposts-headline\"><em>Relacionado<\/em><\/h3>\n<\/p>\n<p>\t\t\t\t\t\t<!-- .entry-footer --><br \/>\n\t\t\t\t\t\t<!-- \n\n<div data-type=\"_mgwidget\" data-widget-id=\"1743501\"><\/div>\n\n  -->\n\t\t\t\t\t<\/div>\n","protected":false},"excerpt":{"rendered":"<p>Leer resumen de la noticia (IA) CLICK AQU\u00cd Analizando noticia&#8230; por favor espera. EL NUEVO DIARIO, LA VEGA .\u2013 Comunitarios de la secci\u00f3n de Guaig\u00fc\u00ed realizaron una protesta pac\u00edfica para reclamar a las autoridades la pavimentaci\u00f3n asf\u00e1ltica del camino vecinal que comunica con el balneario de Guaig\u00fc\u00ed, ubicado en el paraje Cam\u00fa, ante el deterioro<\/p>\n","protected":false},"author":1,"featured_media":27030,"comment_status":"open","ping_status":"open","sticky":false,"template":"","format":"standard","meta":{"footnotes":""},"categories":[1],"tags":[],"class_list":["post-27029","post","type-post","status-publish","format-standard","has-post-thumbnail","hentry","category-nacionales"],"_links":{"self":[{"href":"https:\/\/acronoticias.com\/index.php\/wp-json\/wp\/v2\/posts\/27029","targetHints":{"allow":["GET"]}}],"collection":[{"href":"https:\/\/acronoticias.com\/index.php\/wp-json\/wp\/v2\/posts"}],"about":[{"href":"https:\/\/acronoticias.com\/index.php\/wp-json\/wp\/v2\/types\/post"}],"author":[{"embeddable":true,"href":"https:\/\/acronoticias.com\/index.php\/wp-json\/wp\/v2\/users\/1"}],"replies":[{"embeddable":true,"href":"https:\/\/acronoticias.com\/index.php\/wp-json\/wp\/v2\/comments?post=27029"}],"version-history":[{"count":0,"href":"https:\/\/acronoticias.com\/index.php\/wp-json\/wp\/v2\/posts\/27029\/revisions"}],"wp:featuredmedia":[{"embeddable":true,"href":"https:\/\/acronoticias.com\/index.php\/wp-json\/wp\/v2\/media\/27030"}],"wp:attachment":[{"href":"https:\/\/acronoticias.com\/index.php\/wp-json\/wp\/v2\/media?parent=27029"}],"wp:term":[{"taxonomy":"category","embeddable":true,"href":"https:\/\/acronoticias.com\/index.php\/wp-json\/wp\/v2\/categories?post=27029"},{"taxonomy":"post_tag","embeddable":true,"href":"https:\/\/acronoticias.com\/index.php\/wp-json\/wp\/v2\/tags?post=27029"}],"curies":[{"name":"wp","href":"https:\/\/api.w.org\/{rel}","templated":true}]}}