{"id":27026,"date":"2026-03-12T02:10:55","date_gmt":"2026-03-12T02:10:55","guid":{"rendered":"https:\/\/acronoticias.com\/index.php\/2026\/03\/12\/informe-de-apagon-del-23-de-febrero-concluye-que-sistemas-de-proteccion-funcionaron-recomienda-mejoras-operativas\/"},"modified":"2026-03-12T02:10:55","modified_gmt":"2026-03-12T02:10:55","slug":"informe-de-apagon-del-23-de-febrero-concluye-que-sistemas-de-proteccion-funcionaron-recomienda-mejoras-operativas","status":"publish","type":"post","link":"https:\/\/acronoticias.com\/index.php\/2026\/03\/12\/informe-de-apagon-del-23-de-febrero-concluye-que-sistemas-de-proteccion-funcionaron-recomienda-mejoras-operativas\/","title":{"rendered":"Informe de apag\u00f3n del 23 de febrero concluye que sistemas de protecci\u00f3n funcionaron; recomienda mejoras operativas"},"content":{"rendered":"<p><i class=\"bi bi-camera-fill\" style=\"font-size:18px; color:var(--rojo)\"\/> Crean comit\u00e9 de seguimiento para fortalecer el sistema el\u00e9ctrico dominicano. Fuente externa <\/p>\n<div>\n<div id=\"gemini-summary-wrapper\" class=\"mb-3\">\n                <button id=\"btn-get-summary\" class=\"gemini-btn\" data-post-id=\"3045784\" data-post-title=\"Informe de apag\u00f3n del 23 de febrero concluye que sistemas de protecci\u00f3n funcionaron; recomienda mejoras operativas\"><br \/>\n                    Leer resumen <b class=\"d-none d-md-inline\">de la noticia<\/b> (IA) <span>CLICK AQU\u00cd<\/span><br \/>\n                <\/button><\/p>\n<div id=\"gemini-loading\" class=\"mb-3\">\n<p>                    <span>Analizando noticia&#8230; por favor espera.<\/span>\n                <\/div>\n<\/p><\/div>\n<p data-start=\"90\" data-end=\"399\">EL NUEVO DIARIO, SANTO DOMINGO.- El Organismo Coordinador del Sistema El\u00e9ctrico Nacional Interconectado (OC-SENI) inform\u00f3 que el informe t\u00e9cnico sobre el evento el\u00e9ctrico registrado el pasado 23 de febrero determin\u00f3 que los sistemas de protecci\u00f3n y control del sistema energ\u00e9tico funcionaron correctamente, lo que permiti\u00f3 aislar la falla, limitar su impacto y evitar da\u00f1os permanentes en la infraestructura el\u00e9ctrica.<\/p>\n<p data-start=\"534\" data-end=\"800\">De acuerdo con el an\u00e1lisis, al momento de la incidencia el sistema operaba dentro de par\u00e1metros normales, con 2,836.83 megavatios de generaci\u00f3n sincronizada y una demanda de 2,667.05 MW, lo que representaba una reserva operativa de 169.78 MW equivalente a un 6.4 %.<\/p>\n<p data-start=\"802\" data-end=\"1197\">El informe establece que la situaci\u00f3n se produjo a las 10:50 de la ma\u00f1ana, cuando se registr\u00f3 una falla en la l\u00ednea de transmisi\u00f3n de 138 kilovoltios Hainamosa-Villa Duarte, lo que provoc\u00f3 variaciones en la frecuencia del sistema y la activaci\u00f3n de mecanismos autom\u00e1ticos de protecci\u00f3n. Posteriormente, algunas unidades de generaci\u00f3n salieron de operaci\u00f3n, contribuyendo a la p\u00e9rdida de tensi\u00f3n.<\/p>\n<p data-start=\"1199\" data-end=\"1375\">No obstante, el OC-SENI destac\u00f3 que la respuesta de los sistemas instalados en los \u00faltimos a\u00f1os permiti\u00f3 contener el evento y facilitar la recuperaci\u00f3n progresiva del servicio.<\/p>\n<p data-start=\"1377\" data-end=\"1725\">Tras la evaluaci\u00f3n del incidente, la entidad anunci\u00f3 la implementaci\u00f3n de una serie de correctivos y mejoras operativas para reforzar la estabilidad del sistema el\u00e9ctrico nacional. Entre las acciones figura la creaci\u00f3n de un comit\u00e9 ejecutivo interinstitucional encargado de dar seguimiento a la aplicaci\u00f3n de las medidas contempladas en el informe.<\/p>\n<p data-start=\"1727\" data-end=\"2105\">Este comit\u00e9 estar\u00e1 integrado por el Ministerio de Energ\u00eda y Minas, la Superintendencia de Electricidad, el OC-SENI, la Empresa de Transmisi\u00f3n El\u00e9ctrica Dominicana (ETED), as\u00ed como las distribuidoras Edenorte, Edesur y Edeeste, adem\u00e1s de generadores estatales y privados como Punta Catalina y Egehid. El grupo se reunir\u00e1 el tercer mi\u00e9rcoles de cada mes para evaluar los avances.<\/p>\n<p data-start=\"2107\" data-end=\"2417\">Entre las medidas previstas se incluyen la verificaci\u00f3n y ajuste de los sistemas de protecci\u00f3n en l\u00edneas de transmisi\u00f3n, la instalaci\u00f3n de protecciones diferenciales en subestaciones y la optimizaci\u00f3n de controles operativos en las unidades de generaci\u00f3n para mejorar la respuesta ante variaciones del sistema.<\/p>\n<p data-start=\"2419\" data-end=\"2755\" data-is-last-node=\"\" data-is-only-node=\"\">Asimismo, se continuar\u00e1 acelerando el programa de modernizaci\u00f3n de protecci\u00f3n y operaci\u00f3n de subestaciones bajo el esquema de doble barra, adem\u00e1s de evaluar tecnolog\u00edas emergentes, como sistemas de almacenamiento de energ\u00eda con bater\u00edas, que contribuyan a la regulaci\u00f3n de frecuencia y a los procesos de recuperaci\u00f3n ante contingencias.<\/p>\n<p data-start=\"90\" data-end=\"399\"><img loading=\"lazy\" data-recalc-dims=\"1\" data-dominant-color=\"acacab\" data-has-transparency=\"false\" style=\"--dominant-color: #acacab;\" decoding=\"async\" class=\"size-full wp-image-3045801 not-transparent\" src=\"https:\/\/i0.wp.com\/nuevodiario-assets.s3.us-east-2.amazonaws.com\/wp-content\/uploads\/2026\/03\/Crean-comite-de-seguimiento-para-fortalecer-el-sistema-electrico-dominicano.jpeg?resize=640%2C427&amp;quality=100&amp;ssl=1\" alt=\"\" width=\"640\" height=\"427\" srcset=\"https:\/\/nuevodiario-assets.s3.us-east-2.amazonaws.com\/wp-content\/uploads\/2026\/03\/Crean-comite-de-seguimiento-para-fortalecer-el-sistema-electrico-dominicano.jpeg 1280w, https:\/\/nuevodiario-assets.s3.us-east-2.amazonaws.com\/wp-content\/uploads\/2026\/03\/Crean-comite-de-seguimiento-para-fortalecer-el-sistema-electrico-dominicano.jpeg 400w, https:\/\/nuevodiario-assets.s3.us-east-2.amazonaws.com\/wp-content\/uploads\/2026\/03\/Crean-comite-de-seguimiento-para-fortalecer-el-sistema-electrico-dominicano.jpeg 800w, https:\/\/nuevodiario-assets.s3.us-east-2.amazonaws.com\/wp-content\/uploads\/2026\/03\/Crean-comite-de-seguimiento-para-fortalecer-el-sistema-electrico-dominicano.jpeg 768w, https:\/\/nuevodiario-assets.s3.us-east-2.amazonaws.com\/wp-content\/uploads\/2026\/03\/Crean-comite-de-seguimiento-para-fortalecer-el-sistema-electrico-dominicano.jpeg 410w, https:\/\/nuevodiario-assets.s3.us-east-2.amazonaws.com\/wp-content\/uploads\/2026\/03\/Crean-comite-de-seguimiento-para-fortalecer-el-sistema-electrico-dominicano.jpeg 600w\" sizes=\"auto, (max-width: 640px) 100vw, 640px\"\/><\/p>\n<p>Crean comit\u00e9 de seguimiento para fortalecer el sistema el\u00e9ctrico dominicano. Fuente externa<\/p>\n<p><h3 class=\"jp-relatedposts-headline\"><em>Relacionado<\/em><\/h3>\n<\/p>\n<p>\t\t\t\t\t\t<!-- .entry-footer --><br \/>\n\t\t\t\t\t\t<!-- \n\n<div data-type=\"_mgwidget\" data-widget-id=\"1743501\"><\/div>\n\n  -->\n\t\t\t\t\t<\/div>\n","protected":false},"excerpt":{"rendered":"<p>Crean comit\u00e9 de seguimiento para fortalecer el sistema el\u00e9ctrico dominicano. Fuente externa Leer resumen de la noticia (IA) CLICK AQU\u00cd Analizando noticia&#8230; por favor espera. EL NUEVO DIARIO, SANTO DOMINGO.- El Organismo Coordinador del Sistema El\u00e9ctrico Nacional Interconectado (OC-SENI) inform\u00f3 que el informe t\u00e9cnico sobre el evento el\u00e9ctrico registrado el pasado 23 de febrero determin\u00f3<\/p>\n","protected":false},"author":1,"featured_media":27007,"comment_status":"open","ping_status":"open","sticky":false,"template":"","format":"standard","meta":{"footnotes":""},"categories":[1],"tags":[],"class_list":["post-27026","post","type-post","status-publish","format-standard","has-post-thumbnail","hentry","category-nacionales"],"_links":{"self":[{"href":"https:\/\/acronoticias.com\/index.php\/wp-json\/wp\/v2\/posts\/27026","targetHints":{"allow":["GET"]}}],"collection":[{"href":"https:\/\/acronoticias.com\/index.php\/wp-json\/wp\/v2\/posts"}],"about":[{"href":"https:\/\/acronoticias.com\/index.php\/wp-json\/wp\/v2\/types\/post"}],"author":[{"embeddable":true,"href":"https:\/\/acronoticias.com\/index.php\/wp-json\/wp\/v2\/users\/1"}],"replies":[{"embeddable":true,"href":"https:\/\/acronoticias.com\/index.php\/wp-json\/wp\/v2\/comments?post=27026"}],"version-history":[{"count":0,"href":"https:\/\/acronoticias.com\/index.php\/wp-json\/wp\/v2\/posts\/27026\/revisions"}],"wp:featuredmedia":[{"embeddable":true,"href":"https:\/\/acronoticias.com\/index.php\/wp-json\/wp\/v2\/media\/27007"}],"wp:attachment":[{"href":"https:\/\/acronoticias.com\/index.php\/wp-json\/wp\/v2\/media?parent=27026"}],"wp:term":[{"taxonomy":"category","embeddable":true,"href":"https:\/\/acronoticias.com\/index.php\/wp-json\/wp\/v2\/categories?post=27026"},{"taxonomy":"post_tag","embeddable":true,"href":"https:\/\/acronoticias.com\/index.php\/wp-json\/wp\/v2\/tags?post=27026"}],"curies":[{"name":"wp","href":"https:\/\/api.w.org\/{rel}","templated":true}]}}