{"id":27022,"date":"2026-03-12T01:54:57","date_gmt":"2026-03-12T01:54:57","guid":{"rendered":"https:\/\/acronoticias.com\/index.php\/2026\/03\/12\/rd-registra-reduccion-en-siniestralidad-vial-pero-sigue-liderando-la-region-el-nuevo-diario-republica-dominicana\/"},"modified":"2026-03-12T01:54:57","modified_gmt":"2026-03-12T01:54:57","slug":"rd-registra-reduccion-en-siniestralidad-vial-pero-sigue-liderando-la-region-el-nuevo-diario-republica-dominicana","status":"publish","type":"post","link":"https:\/\/acronoticias.com\/index.php\/2026\/03\/12\/rd-registra-reduccion-en-siniestralidad-vial-pero-sigue-liderando-la-region-el-nuevo-diario-republica-dominicana\/","title":{"rendered":"RD registra reducci\u00f3n en siniestralidad vial, pero sigue liderando la regi\u00f3n \u2013 El Nuevo Diario (Rep\u00fablica Dominicana)"},"content":{"rendered":"<div>\n<div id=\"gemini-summary-wrapper\" class=\"mb-3\">\n                <button id=\"btn-get-summary\" class=\"gemini-btn\" data-post-id=\"3045870\" data-post-title=\"Eduardo Mart\u00ednez: RD registra reducci\u00f3n en siniestralidad vial, pero sigue liderando la regi\u00f3n\"><br \/>\n                    Leer resumen <b class=\"d-none d-md-inline\">de la noticia<\/b> (IA) <span>CLICK AQU\u00cd<\/span><br \/>\n                <\/button><\/p>\n<div id=\"gemini-loading\" class=\"mb-3\">\n<p>                    <span>Analizando noticia&#8230; por favor espera.<\/span>\n                <\/div>\n<\/p><\/div>\n<p>EL NUEVO DIARIO, SANTO DOMINGO. \u2013 A pesar de una notable disminuci\u00f3n en los accidentes de tr\u00e1nsito, la Rep\u00fablica Dominicana contin\u00faa encabezando el porcentaje de siniestralidad vial en la regi\u00f3n, seg\u00fan declar\u00f3 este mi\u00e9rcoles el comunicador Eduardo Mart\u00ednez.<\/p>\n<p>Mart\u00ednez explic\u00f3 que esta situaci\u00f3n responde a m\u00faltiples factores, siendo el m\u00e1s cr\u00edtico la falta de educaci\u00f3n vial en gran parte de los conductores del pa\u00eds.<\/p>\n<p>Adem\u00e1s, destac\u00f3 que el elevado parque vehicular, especialmente las motocicletas, representa un factor de riesgo significativo, ya que estos veh\u00edculos est\u00e1n involucrados en aproximadamente el 70 % de los accidentes fatales.<\/p>\n<p>\u201cSi bien es cierto que esta cifra sigue siendo alta en t\u00e9rminos proporcionales en comparaci\u00f3n con pa\u00edses de la regi\u00f3n con mayor poblaci\u00f3n y extensi\u00f3n territorial, no se puede omitir la reducci\u00f3n registrada\u201d, se\u00f1al\u00f3.<\/p>\n<p>El comentarista se refiri\u00f3 al este y otros temas de inter\u00e9s al participar en el programa que conduce \u201cEl Nuevo Diario de la Noche\u201d, transmitido por la plataforma digital El Nuevo Diario TV.<\/p>\n<p>(Ver programa)<\/p>\n<p><iframe loading=\"lazy\" src=\"https:\/\/vimeo.com\/event\/5792058\/embed\" width=\"640\" height=\"360\" frameborder=\"0\" allow=\"autoplay; fullscreen; picture-in-picture; clipboard-write; encrypted-media; web-share\" referrerpolicy=\"strict-origin-when-cross-origin\"><\/iframe><\/p>\n<p>Mart\u00ednez, se\u00f1al\u00f3 que en lo que va del 2026 los datos preliminares muestran que se han registrado 381 muertes por accidentes de tr\u00e1nsito durante enero y febrero.<\/p>\n<p>Al analizar el per\u00edodo comprendido entre 2016 y 2025, observ\u00f3 que en 2025 la cifra de fallecidos por siniestros viales descendi\u00f3 a 2,018, en comparaci\u00f3n con la media de aproximadamente 3,000 v\u00edctimas anuales en los a\u00f1os previos.<\/p>\n<p>Mart\u00ednez enfatiz\u00f3 la importancia de continuar promoviendo la educaci\u00f3n vial y medidas de prevenci\u00f3n, con el objetivo de mantener la tendencia a la baja y reducir los \u00edndices de mortalidad en el pa\u00eds.<\/p>\n<p>\u00a0<\/p>\n<p><h3 class=\"jp-relatedposts-headline\"><em>Relacionado<\/em><\/h3>\n<\/p>\n<p>\t\t\t\t\t\t<!-- .entry-footer --><br \/>\n\t\t\t\t\t\t<!-- \n\n<div data-type=\"_mgwidget\" data-widget-id=\"1743501\"><\/div>\n\n  -->\n\t\t\t\t\t<\/div>\n","protected":false},"excerpt":{"rendered":"<p>Leer resumen de la noticia (IA) CLICK AQU\u00cd Analizando noticia&#8230; por favor espera. EL NUEVO DIARIO, SANTO DOMINGO. \u2013 A pesar de una notable disminuci\u00f3n en los accidentes de tr\u00e1nsito, la Rep\u00fablica Dominicana contin\u00faa encabezando el porcentaje de siniestralidad vial en la regi\u00f3n, seg\u00fan declar\u00f3 este mi\u00e9rcoles el comunicador Eduardo Mart\u00ednez. Mart\u00ednez explic\u00f3 que esta<\/p>\n","protected":false},"author":1,"featured_media":27023,"comment_status":"open","ping_status":"open","sticky":false,"template":"","format":"standard","meta":{"footnotes":""},"categories":[1],"tags":[],"class_list":["post-27022","post","type-post","status-publish","format-standard","has-post-thumbnail","hentry","category-nacionales"],"_links":{"self":[{"href":"https:\/\/acronoticias.com\/index.php\/wp-json\/wp\/v2\/posts\/27022","targetHints":{"allow":["GET"]}}],"collection":[{"href":"https:\/\/acronoticias.com\/index.php\/wp-json\/wp\/v2\/posts"}],"about":[{"href":"https:\/\/acronoticias.com\/index.php\/wp-json\/wp\/v2\/types\/post"}],"author":[{"embeddable":true,"href":"https:\/\/acronoticias.com\/index.php\/wp-json\/wp\/v2\/users\/1"}],"replies":[{"embeddable":true,"href":"https:\/\/acronoticias.com\/index.php\/wp-json\/wp\/v2\/comments?post=27022"}],"version-history":[{"count":0,"href":"https:\/\/acronoticias.com\/index.php\/wp-json\/wp\/v2\/posts\/27022\/revisions"}],"wp:featuredmedia":[{"embeddable":true,"href":"https:\/\/acronoticias.com\/index.php\/wp-json\/wp\/v2\/media\/27023"}],"wp:attachment":[{"href":"https:\/\/acronoticias.com\/index.php\/wp-json\/wp\/v2\/media?parent=27022"}],"wp:term":[{"taxonomy":"category","embeddable":true,"href":"https:\/\/acronoticias.com\/index.php\/wp-json\/wp\/v2\/categories?post=27022"},{"taxonomy":"post_tag","embeddable":true,"href":"https:\/\/acronoticias.com\/index.php\/wp-json\/wp\/v2\/tags?post=27022"}],"curies":[{"name":"wp","href":"https:\/\/api.w.org\/{rel}","templated":true}]}}