{"id":27018,"date":"2026-03-12T01:38:34","date_gmt":"2026-03-12T01:38:34","guid":{"rendered":"https:\/\/acronoticias.com\/index.php\/2026\/03\/12\/residentes-piden-jornada-de-limpieza-en-entrada-oeste-de-san-felipe-de-puerto-plata-el-nuevo-diario-republica-dominicana\/"},"modified":"2026-03-12T01:38:34","modified_gmt":"2026-03-12T01:38:34","slug":"residentes-piden-jornada-de-limpieza-en-entrada-oeste-de-san-felipe-de-puerto-plata-el-nuevo-diario-republica-dominicana","status":"publish","type":"post","link":"https:\/\/acronoticias.com\/index.php\/2026\/03\/12\/residentes-piden-jornada-de-limpieza-en-entrada-oeste-de-san-felipe-de-puerto-plata-el-nuevo-diario-republica-dominicana\/","title":{"rendered":"Residentes piden jornada de limpieza en entrada oeste de San Felipe de Puerto Plata \u2013 El Nuevo Diario (Rep\u00fablica Dominicana)"},"content":{"rendered":"<div>\n<div id=\"gemini-summary-wrapper\" class=\"mb-3\">\n                <button id=\"btn-get-summary\" class=\"gemini-btn\" data-post-id=\"3045865\" data-post-title=\"Residentes piden jornada de limpieza en entrada oeste de San Felipe de Puerto Plata\"><br \/>\n                    Leer resumen <b class=\"d-none d-md-inline\">de la noticia<\/b> (IA) <span>CLICK AQU\u00cd<\/span><br \/>\n                <\/button><\/p>\n<div id=\"gemini-loading\" class=\"mb-3\">\n<p>                    <span>Analizando noticia&#8230; por favor espera.<\/span>\n                <\/div>\n<\/p><\/div>\n<p data-start=\"92\" data-end=\"357\">EL NUEVO DIARIO, PUERTO PLATA.\u2013 Residentes y ciudadanos solicitaron a las autoridades municipales realizar una jornada de saneamiento y limpieza en la entrada oeste de San Felipe de Puerto Plata, debido al c\u00famulo de sedimentos y al deterioro visual que, aseguran, presenta esa zona.<\/p>\n<p data-start=\"359\" data-end=\"572\">De acuerdo con las denuncias, el tramo comprendido desde Maggiolo-Cofres\u00ed hasta la entrada de San Marcos, principal v\u00eda de acceso terrestre a la ciudad, muestra acumulaci\u00f3n de basura y signos visibles de abandono.<\/p>\n<p data-start=\"359\" data-end=\"572\"><img loading=\"lazy\" data-recalc-dims=\"1\" data-dominant-color=\"7a9097\" data-has-transparency=\"false\" style=\"--dominant-color: #7a9097;\" decoding=\"async\" class=\"alignnone wp-image-3045872 size-full not-transparent\" src=\"https:\/\/i0.wp.com\/nuevodiario-assets.s3.us-east-2.amazonaws.com\/wp-content\/uploads\/2026\/03\/Residentes-piden-jornada-de-limpieza-en-entrada-oeste-de-San-Felipe-de-Puerto-Plata-2.jpeg?resize=640%2C479&amp;quality=100&amp;ssl=1\" alt=\"\" width=\"640\" height=\"479\" srcset=\"https:\/\/nuevodiario-assets.s3.us-east-2.amazonaws.com\/wp-content\/uploads\/2026\/03\/Residentes-piden-jornada-de-limpieza-en-entrada-oeste-de-San-Felipe-de-Puerto-Plata-2.jpeg 1600w, https:\/\/nuevodiario-assets.s3.us-east-2.amazonaws.com\/wp-content\/uploads\/2026\/03\/Residentes-piden-jornada-de-limpieza-en-entrada-oeste-de-San-Felipe-de-Puerto-Plata-2.jpeg 400w, https:\/\/nuevodiario-assets.s3.us-east-2.amazonaws.com\/wp-content\/uploads\/2026\/03\/Residentes-piden-jornada-de-limpieza-en-entrada-oeste-de-San-Felipe-de-Puerto-Plata-2.jpeg 800w, https:\/\/nuevodiario-assets.s3.us-east-2.amazonaws.com\/wp-content\/uploads\/2026\/03\/Residentes-piden-jornada-de-limpieza-en-entrada-oeste-de-San-Felipe-de-Puerto-Plata-2.jpeg 768w, https:\/\/nuevodiario-assets.s3.us-east-2.amazonaws.com\/wp-content\/uploads\/2026\/03\/Residentes-piden-jornada-de-limpieza-en-entrada-oeste-de-San-Felipe-de-Puerto-Plata-2.jpeg 1536w, https:\/\/nuevodiario-assets.s3.us-east-2.amazonaws.com\/wp-content\/uploads\/2026\/03\/Residentes-piden-jornada-de-limpieza-en-entrada-oeste-de-San-Felipe-de-Puerto-Plata-2.jpeg 600w, https:\/\/nuevodiario-assets.s3.us-east-2.amazonaws.com\/wp-content\/uploads\/2026\/03\/Residentes-piden-jornada-de-limpieza-en-entrada-oeste-de-San-Felipe-de-Puerto-Plata-2.jpeg 1280w\" sizes=\"auto, (max-width: 640px) 100vw, 640px\"\/><\/p>\n<p data-start=\"574\" data-end=\"786\">El comunicador Franklin Rijo Cruz hizo un llamado a la Alcald\u00eda de San Felipe de Puerto Plata para que intervenga el \u00e1rea y disponga la limpieza de la entrada de la ciudad, conocida como \u201cLa Novia del Atl\u00e1ntico\u201d.<\/p>\n<p data-start=\"788\" data-end=\"1065\">A trav\u00e9s de sus redes sociales, Rijo Cruz sugiri\u00f3 que, ante la proximidad de la Semana Santa, las autoridades municipales realicen una jornada de limpieza profunda en la carretera Puerto Plata\u2013Cofres\u00ed, incluyendo el elevado de la zona, donde tambi\u00e9n recomend\u00f3 pintar los muros.<\/p>\n<p data-start=\"1067\" data-end=\"1265\">Al reclamo se sumaron otros ciudadanos, entre ellos Bonny Rivera y Aldo \u00c1lvarez, quienes respaldaron la propuesta de ejecutar trabajos de limpieza y embellecimiento en esa v\u00eda de acceso a la ciudad.<\/p>\n<div class=\"tiled-gallery type-rectangular tiled-gallery-unresized\" data-original-width=\"640\" data-carousel-extra=\"null\" itemscope=\"\" itemtype=\"http:\/\/schema.org\/ImageGallery\">\n<div class=\"gallery-row\" style=\"width: 640px; height: 480px;\" data-original-width=\"640\" data-original-height=\"480\">\n<div class=\"gallery-group images-1\" style=\"width: 640px; height: 480px;\" data-original-width=\"640\" data-original-height=\"480\">\n<div class=\"tiled-gallery-item tiled-gallery-item-large\" itemprop=\"associatedMedia\" itemscope=\"\" itemtype=\"http:\/\/schema.org\/ImageObject\"> <a href=\"https:\/\/elnuevodiario.com.do\/residentes-piden-jornada-de-limpieza-en-entrada-oeste-de-san-felipe-de-puerto-plata\/residentes-piden-jornada-de-limpieza-en-entrada-oeste-de-san-felipe-de-puerto-plata-3\/\" border=\"0\" itemprop=\"url\"> <meta itemprop=\"width\" content=\"636\"\/> <meta itemprop=\"height\" content=\"476\"\/> <img decoding=\"async\" class=\"\" data-attachment-id=\"3045875\" src=\"https:\/\/nuevodiario-assets.s3.us-east-2.amazonaws.com\/wp-content\/uploads\/2026\/03\/Residentes-piden-jornada-de-limpieza-en-entrada-oeste-de-San-Felipe-de-Puerto-Plata-3.jpeg\" data-orig-size=\"1280,958\" data-comments-opened=\"\" data-image-meta=\"{&quot;aperture&quot;:&quot;0&quot;,&quot;credit&quot;:&quot;&quot;,&quot;camera&quot;:&quot;&quot;,&quot;caption&quot;:&quot;&quot;,&quot;created_timestamp&quot;:&quot;0&quot;,&quot;copyright&quot;:&quot;&quot;,&quot;focal_length&quot;:&quot;0&quot;,&quot;iso&quot;:&quot;0&quot;,&quot;shutter_speed&quot;:&quot;0&quot;,&quot;title&quot;:&quot;&quot;,&quot;orientation&quot;:&quot;0&quot;}\" data-image-title=\"Residentes piden jornada de limpieza en entrada oeste de San Felipe de Puerto Plata (3)\" data-image-description=\"\" data-medium-file=\"https:\/\/i0.wp.com\/nuevodiario-assets.s3.us-east-2.amazonaws.com\/wp-content\/uploads\/2026\/03\/Residentes-piden-jornada-de-limpieza-en-entrada-oeste-de-San-Felipe-de-Puerto-Plata-3.jpeg?fit=400%2C299&amp;quality=100&amp;ssl=1\" data-large-file=\"https:\/\/i0.wp.com\/nuevodiario-assets.s3.us-east-2.amazonaws.com\/wp-content\/uploads\/2026\/03\/Residentes-piden-jornada-de-limpieza-en-entrada-oeste-de-San-Felipe-de-Puerto-Plata-3.jpeg?fit=640%2C479&amp;quality=100&amp;ssl=1\" srcset=\"https:\/\/nuevodiario-assets.s3.us-east-2.amazonaws.com\/wp-content\/uploads\/2026\/03\/Residentes-piden-jornada-de-limpieza-en-entrada-oeste-de-San-Felipe-de-Puerto-Plata-3.jpeg 1280w, https:\/\/nuevodiario-assets.s3.us-east-2.amazonaws.com\/wp-content\/uploads\/2026\/03\/Residentes-piden-jornada-de-limpieza-en-entrada-oeste-de-San-Felipe-de-Puerto-Plata-3.jpeg 400w, https:\/\/nuevodiario-assets.s3.us-east-2.amazonaws.com\/wp-content\/uploads\/2026\/03\/Residentes-piden-jornada-de-limpieza-en-entrada-oeste-de-San-Felipe-de-Puerto-Plata-3.jpeg 800w, https:\/\/nuevodiario-assets.s3.us-east-2.amazonaws.com\/wp-content\/uploads\/2026\/03\/Residentes-piden-jornada-de-limpieza-en-entrada-oeste-de-San-Felipe-de-Puerto-Plata-3.jpeg 768w, https:\/\/nuevodiario-assets.s3.us-east-2.amazonaws.com\/wp-content\/uploads\/2026\/03\/Residentes-piden-jornada-de-limpieza-en-entrada-oeste-de-San-Felipe-de-Puerto-Plata-3.jpeg 600w\" width=\"636\" height=\"476\" loading=\"lazy\" data-original-width=\"636\" data-original-height=\"476\" itemprop=\"http:\/\/schema.org\/image\" title=\"Residentes piden jornada de limpieza en entrada oeste de San Felipe de Puerto Plata (3)\" alt=\"Residentes piden jornada de limpieza en entrada oeste de San Felipe de Puerto Plata (3)\" style=\"width: 636px; height: 476px;\"\/> <\/a> <\/div>\n<\/p><\/div>\n<p> <!-- close group --> <\/div>\n<p> <!-- close row --> <\/div>\n<p data-start=\"1267\" data-end=\"1541\">Asimismo, el ciudadano Nelson Cruz se\u00f1al\u00f3 la necesidad de supervisar a los camiones del Ayuntamiento que, seg\u00fan afirm\u00f3, transportan desechos sin lonas hacia el vertedero, dejando residuos a lo largo de la carretera hasta las proximidades de la entrada a los hoteles Senator.<\/p>\n<p data-start=\"1543\" data-end=\"1785\" data-is-last-node=\"\" data-is-only-node=\"\">De igual manera, Cruz Mar\u00eda Ricardo Cueto expres\u00f3 su preocupaci\u00f3n por la presencia de basura en distintos puntos de la ciudad y consider\u00f3 que las autoridades deben tomar medidas para mejorar las condiciones de limpieza y ornato en la zona.<\/p>\n<p><h3 class=\"jp-relatedposts-headline\"><em>Relacionado<\/em><\/h3>\n<\/p>\n<p>\t\t\t\t\t\t<!-- .entry-footer --><br \/>\n\t\t\t\t\t\t<!-- \n\n<div data-type=\"_mgwidget\" data-widget-id=\"1743501\"><\/div>\n\n  -->\n\t\t\t\t\t<\/div>\n","protected":false},"excerpt":{"rendered":"<p>Leer resumen de la noticia (IA) CLICK AQU\u00cd Analizando noticia&#8230; por favor espera. EL NUEVO DIARIO, PUERTO PLATA.\u2013 Residentes y ciudadanos solicitaron a las autoridades municipales realizar una jornada de saneamiento y limpieza en la entrada oeste de San Felipe de Puerto Plata, debido al c\u00famulo de sedimentos y al deterioro visual que, aseguran, presenta<\/p>\n","protected":false},"author":1,"featured_media":27019,"comment_status":"open","ping_status":"open","sticky":false,"template":"","format":"standard","meta":{"footnotes":""},"categories":[1],"tags":[],"class_list":["post-27018","post","type-post","status-publish","format-standard","has-post-thumbnail","hentry","category-nacionales"],"_links":{"self":[{"href":"https:\/\/acronoticias.com\/index.php\/wp-json\/wp\/v2\/posts\/27018","targetHints":{"allow":["GET"]}}],"collection":[{"href":"https:\/\/acronoticias.com\/index.php\/wp-json\/wp\/v2\/posts"}],"about":[{"href":"https:\/\/acronoticias.com\/index.php\/wp-json\/wp\/v2\/types\/post"}],"author":[{"embeddable":true,"href":"https:\/\/acronoticias.com\/index.php\/wp-json\/wp\/v2\/users\/1"}],"replies":[{"embeddable":true,"href":"https:\/\/acronoticias.com\/index.php\/wp-json\/wp\/v2\/comments?post=27018"}],"version-history":[{"count":0,"href":"https:\/\/acronoticias.com\/index.php\/wp-json\/wp\/v2\/posts\/27018\/revisions"}],"wp:featuredmedia":[{"embeddable":true,"href":"https:\/\/acronoticias.com\/index.php\/wp-json\/wp\/v2\/media\/27019"}],"wp:attachment":[{"href":"https:\/\/acronoticias.com\/index.php\/wp-json\/wp\/v2\/media?parent=27018"}],"wp:term":[{"taxonomy":"category","embeddable":true,"href":"https:\/\/acronoticias.com\/index.php\/wp-json\/wp\/v2\/categories?post=27018"},{"taxonomy":"post_tag","embeddable":true,"href":"https:\/\/acronoticias.com\/index.php\/wp-json\/wp\/v2\/tags?post=27018"}],"curies":[{"name":"wp","href":"https:\/\/api.w.org\/{rel}","templated":true}]}}