{"id":27016,"date":"2026-03-12T01:22:35","date_gmt":"2026-03-12T01:22:35","guid":{"rendered":"https:\/\/acronoticias.com\/index.php\/2026\/03\/12\/oficial-de-los-bomberos-de-sdo-denuncia-falta-de-pension-y-escasez-de-personal-el-nuevo-diario-republica-dominicana\/"},"modified":"2026-03-12T01:22:35","modified_gmt":"2026-03-12T01:22:35","slug":"oficial-de-los-bomberos-de-sdo-denuncia-falta-de-pension-y-escasez-de-personal-el-nuevo-diario-republica-dominicana","status":"publish","type":"post","link":"https:\/\/acronoticias.com\/index.php\/2026\/03\/12\/oficial-de-los-bomberos-de-sdo-denuncia-falta-de-pension-y-escasez-de-personal-el-nuevo-diario-republica-dominicana\/","title":{"rendered":"Oficial de los bomberos de SDO denuncia falta de pensi\u00f3n y escasez de personal \u2013 El Nuevo Diario (Rep\u00fablica Dominicana)"},"content":{"rendered":"<div>\n<div id=\"gemini-summary-wrapper\" class=\"mb-3\">\n                <button id=\"btn-get-summary\" class=\"gemini-btn\" data-post-id=\"3045861\" data-post-title=\"Oficial de los bomberos de SDO denuncia falta de pensi\u00f3n y escasez de personal\"><br \/>\n                    Leer resumen <b class=\"d-none d-md-inline\">de la noticia<\/b> (IA) <span>CLICK AQU\u00cd<\/span><br \/>\n                <\/button><\/p>\n<div id=\"gemini-loading\" class=\"mb-3\">\n<p>                    <span>Analizando noticia&#8230; por favor espera.<\/span>\n                <\/div>\n<\/p><\/div>\n<p>EL NUEVO DIARIO, SANTO DOMINGO. \u2013 El coronel de los Bomberos de Santo Domingo Oeste, Fernando Arturo Santana, alert\u00f3 este mi\u00e9rcoles sobre la ausencia de un cap\u00edtulo de pensi\u00f3n en los Cuerpos de Bomberos.<\/p>\n<p>Seg\u00fan Santana, mantiene al personal \u201catado\u201d a una n\u00f3mina limitada e impide la contrataci\u00f3n de nuevos miembros para poder garantizar un mejor servicio a la ciudadan\u00eda.<\/p>\n<p>\u201cComo subjefe t\u00e9cnico y encargado de Operaciones de su instituci\u00f3n, que cuenta con tres estaciones y un cuartel general, dispone \u00fanicamente de dos choferes, pese a contar con m\u00e1s veh\u00edculos\u201d, explic\u00f3.<\/p>\n<p>\u201cAunque tenemos m\u00e1s veh\u00edculos, no tenemos personal suficiente para operarlos\u201d, puntualiz\u00f3.<\/p>\n<p>Por su parte, el teniente coronel de los Bomberos del Distrito Nacional, Hip\u00f3lito Peguero Then, destac\u00f3 los esfuerzos realizados para mantener en \u00f3ptimas condiciones las unidades, algunas de estas datan de 1992.<\/p>\n<p>\u201cMantenemos nuestras unidades en \u00f3ptimas condiciones con el apoyo de nuestra alcaldesa Carolina Mej\u00eda\u201d, manifest\u00f3.<\/p>\n<figure id=\"attachment_3045867\" aria-describedby=\"caption-attachment-3045867\" style=\"width: 640px\" class=\"wp-caption alignnone\"><img loading=\"lazy\" data-recalc-dims=\"1\" data-dominant-color=\"ac5c5a\" data-has-transparency=\"false\" style=\"--dominant-color: #ac5c5a;\" decoding=\"async\" class=\"wp-image-3045867 size-large not-transparent\" src=\"https:\/\/i0.wp.com\/nuevodiario-assets.s3.us-east-2.amazonaws.com\/wp-content\/uploads\/2026\/03\/cab2a097-ad2a-46cc-8cca-a840848e62ae-800x533.jpg?resize=640%2C426&amp;quality=100&amp;ssl=1\" alt=\"\" width=\"640\" height=\"426\" srcset=\"https:\/\/nuevodiario-assets.s3.us-east-2.amazonaws.com\/wp-content\/uploads\/2026\/03\/cab2a097-ad2a-46cc-8cca-a840848e62ae.jpg 800w, https:\/\/nuevodiario-assets.s3.us-east-2.amazonaws.com\/wp-content\/uploads\/2026\/03\/cab2a097-ad2a-46cc-8cca-a840848e62ae.jpg 400w, https:\/\/nuevodiario-assets.s3.us-east-2.amazonaws.com\/wp-content\/uploads\/2026\/03\/cab2a097-ad2a-46cc-8cca-a840848e62ae.jpg 768w, https:\/\/nuevodiario-assets.s3.us-east-2.amazonaws.com\/wp-content\/uploads\/2026\/03\/cab2a097-ad2a-46cc-8cca-a840848e62ae.jpg 1536w, https:\/\/nuevodiario-assets.s3.us-east-2.amazonaws.com\/wp-content\/uploads\/2026\/03\/cab2a097-ad2a-46cc-8cca-a840848e62ae.jpg 600w, https:\/\/nuevodiario-assets.s3.us-east-2.amazonaws.com\/wp-content\/uploads\/2026\/03\/cab2a097-ad2a-46cc-8cca-a840848e62ae.jpg 1600w, https:\/\/nuevodiario-assets.s3.us-east-2.amazonaws.com\/wp-content\/uploads\/2026\/03\/cab2a097-ad2a-46cc-8cca-a840848e62ae.jpg 1280w\" sizes=\"auto, (max-width: 640px) 100vw, 640px\"\/><figcaption id=\"caption-attachment-3045867\" class=\"wp-caption-text\">Hip\u00f3lito Peguero Then<\/figcaption><\/figure>\n<p>Santana y Then se refirieron a estos temas al ser entrevistado por la comunicadora Uzzilis Encarnaci\u00f3n en el programa \u201cEn el Foco\u201d, transmitido por la plataforma digital El Nuevo Diario TV.<\/p>\n<p>(Ver programa).<\/p>\n<p><iframe loading=\"lazy\" src=\"https:\/\/player.vimeo.com\/video\/1172742926?dnt=1&amp;app_id=122963\" width=\"640\" height=\"360\" frameborder=\"0\" allow=\"autoplay; fullscreen; picture-in-picture; clipboard-write; encrypted-media; web-share\" referrerpolicy=\"strict-origin-when-cross-origin\"><\/iframe><\/p>\n<p><h3 class=\"jp-relatedposts-headline\"><em>Relacionado<\/em><\/h3>\n<\/p>\n<p>\t\t\t\t\t\t<!-- .entry-footer --><br \/>\n\t\t\t\t\t\t<!-- \n\n<div data-type=\"_mgwidget\" data-widget-id=\"1743501\"><\/div>\n\n  -->\n\t\t\t\t\t<\/div>\n","protected":false},"excerpt":{"rendered":"<p>Leer resumen de la noticia (IA) CLICK AQU\u00cd Analizando noticia&#8230; por favor espera. EL NUEVO DIARIO, SANTO DOMINGO. \u2013 El coronel de los Bomberos de Santo Domingo Oeste, Fernando Arturo Santana, alert\u00f3 este mi\u00e9rcoles sobre la ausencia de un cap\u00edtulo de pensi\u00f3n en los Cuerpos de Bomberos. Seg\u00fan Santana, mantiene al personal \u201catado\u201d a una<\/p>\n","protected":false},"author":1,"featured_media":27017,"comment_status":"open","ping_status":"open","sticky":false,"template":"","format":"standard","meta":{"footnotes":""},"categories":[1],"tags":[],"class_list":["post-27016","post","type-post","status-publish","format-standard","has-post-thumbnail","hentry","category-nacionales"],"_links":{"self":[{"href":"https:\/\/acronoticias.com\/index.php\/wp-json\/wp\/v2\/posts\/27016","targetHints":{"allow":["GET"]}}],"collection":[{"href":"https:\/\/acronoticias.com\/index.php\/wp-json\/wp\/v2\/posts"}],"about":[{"href":"https:\/\/acronoticias.com\/index.php\/wp-json\/wp\/v2\/types\/post"}],"author":[{"embeddable":true,"href":"https:\/\/acronoticias.com\/index.php\/wp-json\/wp\/v2\/users\/1"}],"replies":[{"embeddable":true,"href":"https:\/\/acronoticias.com\/index.php\/wp-json\/wp\/v2\/comments?post=27016"}],"version-history":[{"count":0,"href":"https:\/\/acronoticias.com\/index.php\/wp-json\/wp\/v2\/posts\/27016\/revisions"}],"wp:featuredmedia":[{"embeddable":true,"href":"https:\/\/acronoticias.com\/index.php\/wp-json\/wp\/v2\/media\/27017"}],"wp:attachment":[{"href":"https:\/\/acronoticias.com\/index.php\/wp-json\/wp\/v2\/media?parent=27016"}],"wp:term":[{"taxonomy":"category","embeddable":true,"href":"https:\/\/acronoticias.com\/index.php\/wp-json\/wp\/v2\/categories?post=27016"},{"taxonomy":"post_tag","embeddable":true,"href":"https:\/\/acronoticias.com\/index.php\/wp-json\/wp\/v2\/tags?post=27016"}],"curies":[{"name":"wp","href":"https:\/\/api.w.org\/{rel}","templated":true}]}}