{"id":27008,"date":"2026-03-12T00:50:50","date_gmt":"2026-03-12T00:50:50","guid":{"rendered":"https:\/\/acronoticias.com\/index.php\/2026\/03\/12\/presidente-de-chile-rompe-protocolo-y-felicita-a-abinader-y-raquel-por-su-31-aniversario-de-bodas-el-nuevo-diario-republica-dominicana\/"},"modified":"2026-03-12T00:50:50","modified_gmt":"2026-03-12T00:50:50","slug":"presidente-de-chile-rompe-protocolo-y-felicita-a-abinader-y-raquel-por-su-31-aniversario-de-bodas-el-nuevo-diario-republica-dominicana","status":"publish","type":"post","link":"https:\/\/acronoticias.com\/index.php\/2026\/03\/12\/presidente-de-chile-rompe-protocolo-y-felicita-a-abinader-y-raquel-por-su-31-aniversario-de-bodas-el-nuevo-diario-republica-dominicana\/","title":{"rendered":"Presidente de Chile rompe protocolo y felicita a Abinader y Raquel por su 31 aniversario de bodas \u2013 El Nuevo Diario (Rep\u00fablica Dominicana)"},"content":{"rendered":"<p><i class=\"bi bi-camera-fill\" style=\"font-size:18px; color:var(--rojo)\"\/> Presidente Jos\u00e9 Antonio Kast rompe el protocolo y felicita a la pareja presidencial dominicana por su 31 aniversario de bodas. Fuente externa <\/p>\n<div>\n<div id=\"gemini-summary-wrapper\" class=\"mb-3\">\n                <button id=\"btn-get-summary\" class=\"gemini-btn\" data-post-id=\"3045812\" data-post-title=\"Presidente de Chile rompe protocolo y felicita a Abinader y Raquel por su 31 aniversario de bodas\"><br \/>\n                    Leer resumen <b class=\"d-none d-md-inline\">de la noticia<\/b> (IA) <span>CLICK AQU\u00cd<\/span><br \/>\n                <\/button><\/p>\n<div id=\"gemini-loading\" class=\"mb-3\">\n<p>                    <span>Analizando noticia&#8230; por favor espera.<\/span>\n                <\/div>\n<\/p><\/div>\n<p data-start=\"98\" data-end=\"472\">EL NUEVO DIARIO, VI\u00d1A DEL MAR, CHILE.- El presidente de Chile, <span class=\"hover:entity-accent entity-underline inline cursor-pointer align-baseline\"><span class=\"whitespace-normal\">Jos\u00e9 Antonio Kast<\/span><\/span>, rompi\u00f3 el protocolo este mi\u00e9rcoles durante un almuerzo con mandatarios para felicitar al presidente de la Rep\u00fablica Dominicana, <span class=\"hover:entity-accent entity-underline inline cursor-pointer align-baseline\"><span class=\"whitespace-normal\">Luis Abinader<\/span><\/span>, y a la primera dama, <span class=\"hover:entity-accent entity-underline inline cursor-pointer align-baseline\"><span class=\"whitespace-normal\">Raquel Arbaje<\/span><\/span>, con motivo de su 31 aniversario de bodas.<\/p>\n<p data-start=\"474\" data-end=\"667\">El momento se produjo durante un encuentro oficial celebrado en Vi\u00f1a del Mar, donde Kast decidi\u00f3 hacer una pausa en el acto para resaltar la fecha especial de la pareja presidencial dominicana.<\/p>\n<p data-start=\"669\" data-end=\"818\">\u201cPrimero quiero decir que aqu\u00ed hay algo muy relevante, porque hoy d\u00eda es el aniversario n\u00famero 31\u201d, expres\u00f3 el mandatario chileno ante los presentes.<\/p>\n<p data-start=\"820\" data-end=\"1166\">Asimismo, agradeci\u00f3 la presencia de la delegaci\u00f3n dominicana y destac\u00f3 la relaci\u00f3n de amistad entre ambos pa\u00edses. \u201cA grandes amigos, agradeci\u00e9ndoles a nuestros amigos de Rep\u00fablica Dominicana que tambi\u00e9n nos han acogido y nos han contado sus experiencias, les queremos dar las gracias y decirles que estamos muy dispuestos a colaborar\u201d, manifest\u00f3.<\/p>\n<p data-start=\"1168\" data-end=\"1280\" data-is-last-node=\"\" data-is-only-node=\"\">El gesto gener\u00f3 un ambiente de camarader\u00eda entre los mandatarios presentes durante el almuerzo oficial<\/p>\n<p><h3 class=\"jp-relatedposts-headline\"><em>Relacionado<\/em><\/h3>\n<\/p>\n<p>\t\t\t\t\t\t<!-- .entry-footer --><br \/>\n\t\t\t\t\t\t<!-- \n\n<div data-type=\"_mgwidget\" data-widget-id=\"1743501\"><\/div>\n\n  -->\n\t\t\t\t\t<\/div>\n","protected":false},"excerpt":{"rendered":"<p>Presidente Jos\u00e9 Antonio Kast rompe el protocolo y felicita a la pareja presidencial dominicana por su 31 aniversario de bodas. Fuente externa Leer resumen de la noticia (IA) CLICK AQU\u00cd Analizando noticia&#8230; por favor espera. EL NUEVO DIARIO, VI\u00d1A DEL MAR, CHILE.- El presidente de Chile, Jos\u00e9 Antonio Kast, rompi\u00f3 el protocolo este mi\u00e9rcoles durante<\/p>\n","protected":false},"author":1,"featured_media":27009,"comment_status":"open","ping_status":"open","sticky":false,"template":"","format":"standard","meta":{"footnotes":""},"categories":[1],"tags":[],"class_list":["post-27008","post","type-post","status-publish","format-standard","has-post-thumbnail","hentry","category-nacionales"],"_links":{"self":[{"href":"https:\/\/acronoticias.com\/index.php\/wp-json\/wp\/v2\/posts\/27008","targetHints":{"allow":["GET"]}}],"collection":[{"href":"https:\/\/acronoticias.com\/index.php\/wp-json\/wp\/v2\/posts"}],"about":[{"href":"https:\/\/acronoticias.com\/index.php\/wp-json\/wp\/v2\/types\/post"}],"author":[{"embeddable":true,"href":"https:\/\/acronoticias.com\/index.php\/wp-json\/wp\/v2\/users\/1"}],"replies":[{"embeddable":true,"href":"https:\/\/acronoticias.com\/index.php\/wp-json\/wp\/v2\/comments?post=27008"}],"version-history":[{"count":0,"href":"https:\/\/acronoticias.com\/index.php\/wp-json\/wp\/v2\/posts\/27008\/revisions"}],"wp:featuredmedia":[{"embeddable":true,"href":"https:\/\/acronoticias.com\/index.php\/wp-json\/wp\/v2\/media\/27009"}],"wp:attachment":[{"href":"https:\/\/acronoticias.com\/index.php\/wp-json\/wp\/v2\/media?parent=27008"}],"wp:term":[{"taxonomy":"category","embeddable":true,"href":"https:\/\/acronoticias.com\/index.php\/wp-json\/wp\/v2\/categories?post=27008"},{"taxonomy":"post_tag","embeddable":true,"href":"https:\/\/acronoticias.com\/index.php\/wp-json\/wp\/v2\/tags?post=27008"}],"curies":[{"name":"wp","href":"https:\/\/api.w.org\/{rel}","templated":true}]}}