{"id":27004,"date":"2026-03-12T00:18:55","date_gmt":"2026-03-12T00:18:55","guid":{"rendered":"https:\/\/acronoticias.com\/index.php\/2026\/03\/12\/hermandad-de-veteranos-de-las-ff-aa-y-pn-realiza-encuentro-con-dirigentes-gremiales-de-la-prensa-el-nuevo-diario-republica-dominicana\/"},"modified":"2026-03-12T00:18:55","modified_gmt":"2026-03-12T00:18:55","slug":"hermandad-de-veteranos-de-las-ff-aa-y-pn-realiza-encuentro-con-dirigentes-gremiales-de-la-prensa-el-nuevo-diario-republica-dominicana","status":"publish","type":"post","link":"https:\/\/acronoticias.com\/index.php\/2026\/03\/12\/hermandad-de-veteranos-de-las-ff-aa-y-pn-realiza-encuentro-con-dirigentes-gremiales-de-la-prensa-el-nuevo-diario-republica-dominicana\/","title":{"rendered":"Hermandad de Veteranos de las FF.AA. y PN realiza encuentro con dirigentes gremiales de la prensa \u2013 El Nuevo Diario (Rep\u00fablica Dominicana)"},"content":{"rendered":"<p><i class=\"bi bi-camera-fill\" style=\"font-size:18px; color:var(--rojo)\"\/> Encuentro entre Hermandad de Veteranos, PN y dirigentes de la prensa. (Fuente externa)<\/p>\n<div>\n<div id=\"gemini-summary-wrapper\" class=\"mb-3\">\n                <button id=\"btn-get-summary\" class=\"gemini-btn\" data-post-id=\"3045688\" data-post-title=\"Hermandad de Veteranos de las FF.AA. y PN realiza encuentro con dirigentes gremiales de la prensa\"><br \/>\n                    Leer resumen <b class=\"d-none d-md-inline\">de la noticia<\/b> (IA) <span>CLICK AQU\u00cd<\/span><br \/>\n                <\/button><\/p>\n<div id=\"gemini-loading\" class=\"mb-3\">\n<p>                    <span>Analizando noticia&#8230; por favor espera.<\/span>\n                <\/div>\n<\/p><\/div>\n<p>EL NUEVO DIARIO, SANTO DOMINGO.- El presidente de la Hermandad de Veteranos Pensionados de las Fuerzas Armadas y la Polic\u00eda Nacional, mayor general (r) Valerio Garc\u00eda Reyes, ERD., encabez\u00f3 un encuentro-almuerzo con miembros de la prensa nacional con el prop\u00f3sito de estrechar los v\u00ednculos de cooperaci\u00f3n y fortalecer las relaciones institucionales entre los gremios period\u00edsticos y la entidad que agrupa a los veteranos.<\/p>\n<p>Durante la actividad, el alto oficial retirado destac\u00f3 la importancia de mantener una comunicaci\u00f3n fluida con los medios de comunicaci\u00f3n, reconociendo el papel fundamental que desempe\u00f1an los periodistas en la difusi\u00f3n de las acciones y proyectos que desarrolla la Hermandad en favor de sus miembros.<\/p>\n<div class=\"tiled-gallery type-rectangular tiled-gallery-unresized\" data-original-width=\"640\" data-carousel-extra=\"null\" itemscope=\"\" itemtype=\"http:\/\/schema.org\/ImageGallery\">\n<div class=\"gallery-row\" style=\"width: 640px; height: 424px;\" data-original-width=\"640\" data-original-height=\"424\">\n<div class=\"gallery-group images-1\" style=\"width: 640px; height: 424px;\" data-original-width=\"640\" data-original-height=\"424\">\n<div class=\"tiled-gallery-item tiled-gallery-item-large\" itemprop=\"associatedMedia\" itemscope=\"\" itemtype=\"http:\/\/schema.org\/ImageObject\"> <a href=\"https:\/\/elnuevodiario.com.do\/hermandad-de-veteranos-de-las-ff-aa-y-pn-realiza-encuentro-con-dirigentes-gremiales-de-la-prensa\/hermandad-de-veteranos-de-las-ff-aa-y-pn-realiza-encuentro-con-dirigentes-gremiales-de-la-prensa-2\/\" border=\"0\" itemprop=\"url\"> <meta itemprop=\"width\" content=\"636\"\/> <meta itemprop=\"height\" content=\"420\"\/> <img decoding=\"async\" class=\"\" data-attachment-id=\"3045694\" src=\"https:\/\/nuevodiario-assets.s3.us-east-2.amazonaws.com\/wp-content\/uploads\/2026\/03\/Hermandad-de-Veteranos-de-las-FF.AA_.-y-PN-realiza-encuentro-con-dirigentes-gremiales-de-la-prensa-2.jpeg\" data-orig-size=\"1280,846\" data-comments-opened=\"\" data-image-meta=\"{&quot;aperture&quot;:&quot;0&quot;,&quot;credit&quot;:&quot;&quot;,&quot;camera&quot;:&quot;&quot;,&quot;caption&quot;:&quot;&quot;,&quot;created_timestamp&quot;:&quot;0&quot;,&quot;copyright&quot;:&quot;&quot;,&quot;focal_length&quot;:&quot;0&quot;,&quot;iso&quot;:&quot;0&quot;,&quot;shutter_speed&quot;:&quot;0&quot;,&quot;title&quot;:&quot;&quot;,&quot;orientation&quot;:&quot;0&quot;}\" data-image-title=\"Hermandad de Veteranos de las FF.AA. y PN realiza encuentro con dirigentes gremiales de la prensa (2)\" data-image-description=\"\" data-medium-file=\"https:\/\/i0.wp.com\/nuevodiario-assets.s3.us-east-2.amazonaws.com\/wp-content\/uploads\/2026\/03\/Hermandad-de-Veteranos-de-las-FF.AA_.-y-PN-realiza-encuentro-con-dirigentes-gremiales-de-la-prensa-2.jpeg?fit=400%2C264&amp;quality=100&amp;ssl=1\" data-large-file=\"https:\/\/i0.wp.com\/nuevodiario-assets.s3.us-east-2.amazonaws.com\/wp-content\/uploads\/2026\/03\/Hermandad-de-Veteranos-de-las-FF.AA_.-y-PN-realiza-encuentro-con-dirigentes-gremiales-de-la-prensa-2.jpeg?fit=640%2C423&amp;quality=100&amp;ssl=1\" srcset=\"https:\/\/nuevodiario-assets.s3.us-east-2.amazonaws.com\/wp-content\/uploads\/2026\/03\/Hermandad-de-Veteranos-de-las-FF.AA_.-y-PN-realiza-encuentro-con-dirigentes-gremiales-de-la-prensa-2.jpeg 1280w, https:\/\/nuevodiario-assets.s3.us-east-2.amazonaws.com\/wp-content\/uploads\/2026\/03\/Hermandad-de-Veteranos-de-las-FF.AA_.-y-PN-realiza-encuentro-con-dirigentes-gremiales-de-la-prensa-2.jpeg 400w, https:\/\/nuevodiario-assets.s3.us-east-2.amazonaws.com\/wp-content\/uploads\/2026\/03\/Hermandad-de-Veteranos-de-las-FF.AA_.-y-PN-realiza-encuentro-con-dirigentes-gremiales-de-la-prensa-2.jpeg 800w, https:\/\/nuevodiario-assets.s3.us-east-2.amazonaws.com\/wp-content\/uploads\/2026\/03\/Hermandad-de-Veteranos-de-las-FF.AA_.-y-PN-realiza-encuentro-con-dirigentes-gremiales-de-la-prensa-2.jpeg 768w, https:\/\/nuevodiario-assets.s3.us-east-2.amazonaws.com\/wp-content\/uploads\/2026\/03\/Hermandad-de-Veteranos-de-las-FF.AA_.-y-PN-realiza-encuentro-con-dirigentes-gremiales-de-la-prensa-2.jpeg 600w\" width=\"636\" height=\"420\" loading=\"lazy\" data-original-width=\"636\" data-original-height=\"420\" itemprop=\"http:\/\/schema.org\/image\" title=\"Hermandad de Veteranos de las FF.AA. y PN realiza encuentro con dirigentes gremiales de la prensa (2)\" alt=\"Hermandad de Veteranos de las FF.AA. y PN realiza encuentro con dirigentes gremiales de la prensa (2)\" style=\"width: 636px; height: 420px;\"\/> <\/a> <\/div>\n<\/p><\/div>\n<p> <!-- close group --> <\/div>\n<p> <!-- close row --> <\/div>\n<p>En el encuentro, participaron el profesor Luis P\u00e9rez, presidente del Colegio Dominicano de Periodistas; Mario Lara, presidente del Sindicato Nacional de Trabajadores de la Prensa filial Distrito Nacional; Ren\u00e9 Polanco, presidente del Circulo de Reporteros Gr\u00e1ficos de Televisi\u00f3n; as\u00ed como Kaming Rosario Est\u00e9vez, secretario de finanzas del CRGTV; Isidro Mej\u00eda, vicepresidente; Jos\u00e9 Ram\u00f3n Santos, secretario de organizaci\u00f3n; y el expresidente Corpus Montero.<\/p>\n<p>Al finalizar el almuerzo, el mayor general (r) Valerio Garc\u00eda Reyes. ERD., impuso el pin institucional de la Hermandad a los miembros de la prensa presentes, como s\u00edmbolo de reconocimiento y agradecimiento por el respaldo y la difusi\u00f3n de las actividades de la instituci\u00f3n.<\/p>\n<p><h3 class=\"jp-relatedposts-headline\"><em>Relacionado<\/em><\/h3>\n<\/p>\n<p>\t\t\t\t\t\t<!-- .entry-footer --><br \/>\n\t\t\t\t\t\t<!-- \n\n<div data-type=\"_mgwidget\" data-widget-id=\"1743501\"><\/div>\n\n  -->\n\t\t\t\t\t<\/div>\n","protected":false},"excerpt":{"rendered":"<p>Encuentro entre Hermandad de Veteranos, PN y dirigentes de la prensa. (Fuente externa) Leer resumen de la noticia (IA) CLICK AQU\u00cd Analizando noticia&#8230; por favor espera. EL NUEVO DIARIO, SANTO DOMINGO.- El presidente de la Hermandad de Veteranos Pensionados de las Fuerzas Armadas y la Polic\u00eda Nacional, mayor general (r) Valerio Garc\u00eda Reyes, ERD., encabez\u00f3<\/p>\n","protected":false},"author":1,"featured_media":27005,"comment_status":"open","ping_status":"open","sticky":false,"template":"","format":"standard","meta":{"footnotes":""},"categories":[1],"tags":[],"class_list":["post-27004","post","type-post","status-publish","format-standard","has-post-thumbnail","hentry","category-nacionales"],"_links":{"self":[{"href":"https:\/\/acronoticias.com\/index.php\/wp-json\/wp\/v2\/posts\/27004","targetHints":{"allow":["GET"]}}],"collection":[{"href":"https:\/\/acronoticias.com\/index.php\/wp-json\/wp\/v2\/posts"}],"about":[{"href":"https:\/\/acronoticias.com\/index.php\/wp-json\/wp\/v2\/types\/post"}],"author":[{"embeddable":true,"href":"https:\/\/acronoticias.com\/index.php\/wp-json\/wp\/v2\/users\/1"}],"replies":[{"embeddable":true,"href":"https:\/\/acronoticias.com\/index.php\/wp-json\/wp\/v2\/comments?post=27004"}],"version-history":[{"count":0,"href":"https:\/\/acronoticias.com\/index.php\/wp-json\/wp\/v2\/posts\/27004\/revisions"}],"wp:featuredmedia":[{"embeddable":true,"href":"https:\/\/acronoticias.com\/index.php\/wp-json\/wp\/v2\/media\/27005"}],"wp:attachment":[{"href":"https:\/\/acronoticias.com\/index.php\/wp-json\/wp\/v2\/media?parent=27004"}],"wp:term":[{"taxonomy":"category","embeddable":true,"href":"https:\/\/acronoticias.com\/index.php\/wp-json\/wp\/v2\/categories?post=27004"},{"taxonomy":"post_tag","embeddable":true,"href":"https:\/\/acronoticias.com\/index.php\/wp-json\/wp\/v2\/tags?post=27004"}],"curies":[{"name":"wp","href":"https:\/\/api.w.org\/{rel}","templated":true}]}}