{"id":26997,"date":"2026-03-11T23:45:43","date_gmt":"2026-03-11T23:45:43","guid":{"rendered":"https:\/\/acronoticias.com\/index.php\/2026\/03\/11\/abinader-sale-de-chile-rumbo-a-rd-tras-asistir-a-investidura-del-presidente-jose-antonio-kast-el-nuevo-diario-republica-dominicana\/"},"modified":"2026-03-11T23:45:43","modified_gmt":"2026-03-11T23:45:43","slug":"abinader-sale-de-chile-rumbo-a-rd-tras-asistir-a-investidura-del-presidente-jose-antonio-kast-el-nuevo-diario-republica-dominicana","status":"publish","type":"post","link":"https:\/\/acronoticias.com\/index.php\/2026\/03\/11\/abinader-sale-de-chile-rumbo-a-rd-tras-asistir-a-investidura-del-presidente-jose-antonio-kast-el-nuevo-diario-republica-dominicana\/","title":{"rendered":"Abinader sale de Chile rumbo a RD tras asistir a investidura del presidente Jos\u00e9 Antonio Kast \u2013 El Nuevo Diario (Rep\u00fablica Dominicana)"},"content":{"rendered":"<p><i class=\"bi bi-camera-fill\" style=\"font-size:18px; color:var(--rojo)\"\/> Presidente Abinader viaj\u00f3 a Rep\u00fablica Dominicana luego de participar en investidura del presidente chileno. Fuente externa <\/p>\n<div>\n<div id=\"gemini-summary-wrapper\" class=\"mb-3\">\n                <button id=\"btn-get-summary\" class=\"gemini-btn\" data-post-id=\"3045722\" data-post-title=\"Abinader sale de Chile rumbo a RD tras asistir a investidura del presidente Jos\u00e9 Antonio Kast\"><br \/>\n                    Leer resumen <b class=\"d-none d-md-inline\">de la noticia<\/b> (IA) <span>CLICK AQU\u00cd<\/span><br \/>\n                <\/button><\/p>\n<div id=\"gemini-loading\" class=\"mb-3\">\n<p>                    <span>Analizando noticia&#8230; por favor espera.<\/span>\n                <\/div>\n<\/p><\/div>\n<p>EL NUEVO DIARIO, SANTIAGO DE CHILE. \u2013\u00a0El presidente dominicano, Luis Abinader, parti\u00f3 la tarde de este mi\u00e9rcoles desde Chile con destino a la Rep\u00fablica Dominicana, luego de participar en los actos oficiales de investidura del nuevo mandatario chileno, Jos\u00e9 Antonio Kast.<\/p>\n<p>El jefe de Estado sali\u00f3 a las 6:35 de la tarde (hora local) desde el Aeropuerto Internacional Arturo Merino Ben\u00edtez International Airport, acompa\u00f1ado de la primera dama, Raquel Arbaje, y del ministro de Relaciones Exteriores, Roberto \u00c1lvarez.<\/p>\n<p>Tambi\u00e9n integraron la comitiva la asistente personal del mandatario, Mercedes Pichardo, y el director del Cuerpo Especializado de Seguridad Presidencial (CUSEP), el general Jimmy Arias.<\/p>\n<p>Durante su agenda en territorio chileno, Abinader realiz\u00f3 una visita protocolar al presidente saliente, Gabriel Boric, en el Palacio de La Moneda, donde coincidi\u00f3 con otros jefes de Estado y de Gobierno invitados a la ceremonia de cambio de mando.<\/p>\n<p>En horas de la ma\u00f1ana, el mandatario sostuvo adem\u00e1s un encuentro con miembros de la comunidad dominicana residente en Chile, a quienes exhort\u00f3 a aprovechar las oportunidades que ofrece ese pa\u00eds y a mantener en alto el nombre de la Rep\u00fablica Dominicana.<\/p>\n<p>Posteriormente, se traslad\u00f3 al National Congress of Chile, en la ciudad de Valpara\u00edso, donde particip\u00f3 en la ceremonia solemne de transmisi\u00f3n del mando presidencial y juramentaci\u00f3n del nuevo gabinete.<\/p>\n<p>Como parte de las actividades oficiales, el gobernante tambi\u00e9n asisti\u00f3 al almuerzo ofrecido por el presidente Kast y la primera dama chilena, Mar\u00eda P\u00eda Adriasola, en el Palacio Presidencial de Cerro Castillo Palace, en honor a los jefes de Estado y delegaciones internacionales invitadas.<\/p>\n<p>Antes de abordar la aeronave para su viaje hacia Santo Domingo, Abinader agradeci\u00f3 a los oficiales de seguridad asignados por el Gobierno chileno durante su estad\u00eda de dos d\u00edas en el pa\u00eds sudamericano, con quienes pos\u00f3 para una fotograf\u00eda de despedida.<\/p>\n<p>A su salida del aeropuerto en Santiago, el mandatario fue despedido por el embajador de la Rep\u00fablica Dominicana en Chile, Juan Cohen, y el ministro consejero Joel Jonathan Delgado.<\/p>\n<p><h3 class=\"jp-relatedposts-headline\"><em>Relacionado<\/em><\/h3>\n<\/p>\n<p>\t\t\t\t\t\t<!-- .entry-footer --><br \/>\n\t\t\t\t\t\t<!-- \n\n<div data-type=\"_mgwidget\" data-widget-id=\"1743501\"><\/div>\n\n  -->\n\t\t\t\t\t<\/div>\n","protected":false},"excerpt":{"rendered":"<p>Presidente Abinader viaj\u00f3 a Rep\u00fablica Dominicana luego de participar en investidura del presidente chileno. Fuente externa Leer resumen de la noticia (IA) CLICK AQU\u00cd Analizando noticia&#8230; por favor espera. EL NUEVO DIARIO, SANTIAGO DE CHILE. \u2013\u00a0El presidente dominicano, Luis Abinader, parti\u00f3 la tarde de este mi\u00e9rcoles desde Chile con destino a la Rep\u00fablica Dominicana, luego<\/p>\n","protected":false},"author":1,"featured_media":26996,"comment_status":"open","ping_status":"open","sticky":false,"template":"","format":"standard","meta":{"footnotes":""},"categories":[1],"tags":[],"class_list":["post-26997","post","type-post","status-publish","format-standard","has-post-thumbnail","hentry","category-nacionales"],"_links":{"self":[{"href":"https:\/\/acronoticias.com\/index.php\/wp-json\/wp\/v2\/posts\/26997","targetHints":{"allow":["GET"]}}],"collection":[{"href":"https:\/\/acronoticias.com\/index.php\/wp-json\/wp\/v2\/posts"}],"about":[{"href":"https:\/\/acronoticias.com\/index.php\/wp-json\/wp\/v2\/types\/post"}],"author":[{"embeddable":true,"href":"https:\/\/acronoticias.com\/index.php\/wp-json\/wp\/v2\/users\/1"}],"replies":[{"embeddable":true,"href":"https:\/\/acronoticias.com\/index.php\/wp-json\/wp\/v2\/comments?post=26997"}],"version-history":[{"count":0,"href":"https:\/\/acronoticias.com\/index.php\/wp-json\/wp\/v2\/posts\/26997\/revisions"}],"wp:featuredmedia":[{"embeddable":true,"href":"https:\/\/acronoticias.com\/index.php\/wp-json\/wp\/v2\/media\/26996"}],"wp:attachment":[{"href":"https:\/\/acronoticias.com\/index.php\/wp-json\/wp\/v2\/media?parent=26997"}],"wp:term":[{"taxonomy":"category","embeddable":true,"href":"https:\/\/acronoticias.com\/index.php\/wp-json\/wp\/v2\/categories?post=26997"},{"taxonomy":"post_tag","embeddable":true,"href":"https:\/\/acronoticias.com\/index.php\/wp-json\/wp\/v2\/tags?post=26997"}],"curies":[{"name":"wp","href":"https:\/\/api.w.org\/{rel}","templated":true}]}}