{"id":26995,"date":"2026-03-11T23:29:45","date_gmt":"2026-03-11T23:29:45","guid":{"rendered":"https:\/\/acronoticias.com\/index.php\/2026\/03\/11\/abinader-viajo-a-rd-luego-de-participar-en-investidura-del-presidente-chileno-jose-antonio-kast-el-nuevo-diario-republica-dominicana\/"},"modified":"2026-03-11T23:29:45","modified_gmt":"2026-03-11T23:29:45","slug":"abinader-viajo-a-rd-luego-de-participar-en-investidura-del-presidente-chileno-jose-antonio-kast-el-nuevo-diario-republica-dominicana","status":"publish","type":"post","link":"https:\/\/acronoticias.com\/index.php\/2026\/03\/11\/abinader-viajo-a-rd-luego-de-participar-en-investidura-del-presidente-chileno-jose-antonio-kast-el-nuevo-diario-republica-dominicana\/","title":{"rendered":"Abinader viaj\u00f3 a RD luego de participar en investidura del presidente chileno Jos\u00e9 Antonio Kast \u2013 El Nuevo Diario (Rep\u00fablica Dominicana)"},"content":{"rendered":"<p><i class=\"bi bi-camera-fill\" style=\"font-size:18px; color:var(--rojo)\"\/> Presidente Abinader viaj\u00f3 a Rep\u00fablica Dominicana luego de participar en investidura del presidente chileno. Fuente externa <\/p>\n<div>\n<div id=\"gemini-summary-wrapper\" class=\"mb-3\">\n                <button id=\"btn-get-summary\" class=\"gemini-btn\" data-post-id=\"3045722\" data-post-title=\"Abinader viaj\u00f3 a RD luego de participar en investidura del presidente chileno Jos\u00e9 Antonio Kast\"><br \/>\n                    Leer resumen <b class=\"d-none d-md-inline\">de la noticia<\/b> (IA) <span>CLICK AQU\u00cd<\/span><br \/>\n                <\/button><\/p>\n<div id=\"gemini-loading\" class=\"mb-3\">\n<p>                    <span>Analizando noticia&#8230; por favor espera.<\/span>\n                <\/div>\n<\/p><\/div>\n<p>EL NUEVO DIARIO, SANTIAGO DE CHILE. \u2013\u00a0El presidente Luis Abinader viaj\u00f3 hacia la Rep\u00fablica Dominicana tras participar en los actos oficiales de investidura de Jos\u00e9 Antonio Kast Rist como presidente de la Rep\u00fablica de Chile, realizados este mi\u00e9rcoles 11 de marzo en Valpara\u00edso.<\/p>\n<p>El mandatario dominicano sali\u00f3 a las 6:35 P.M. (hora local) junto a la primera dama, Raquel Arbaje, y el ministro de Relaciones Exteriores, Roberto \u00c1lvarez.<\/p>\n<p>Tambi\u00e9n acompa\u00f1aron al jefe de Estado, Mercedes Pichardo, asistente personal del mandatario y el general Jimmy Arias, director del Cuerpo Especializado de Seguridad Presidencial (Cusep).<\/p>\n<p>Durante su estad\u00eda en la Naci\u00f3n sudamericana, Abinader visit\u00f3 al presidente saliente Gabriel Boric Font, en el Palacio de La Moneda (casa de gobierno de Chile) para ofrecerle el saludo protocolar junto a los otros jefes de Estado y\/o Gobierno que asistieron a la toma de posesi\u00f3n.<\/p>\n<p>La ma\u00f1ana del mi\u00e9rcoles, sostuvo un encuentro con l\u00edderes de la comunidad dominicana en Chile, a quienes inst\u00f3 a aprovechar las oportunidades que le ofrece ese pa\u00eds y a mantener el nombre de la Rep\u00fablica Dominicana en alto.<\/p>\n<p>Luego se traslad\u00f3 a la sede del Congreso Nacional chileno, en Valpara\u00edso, para participar de la solemne ceremonia de transmisi\u00f3n del mando presidencial y toma de juramento al nuevo Gabinete Presidencial.<\/p>\n<p>Abinader acudi\u00f3 al almuerzo ofrecido por el presidente Kast y la primera dama, Mar\u00eda P\u00eda Adriasola, en el Palacio Presidencial de Cerro Castillo, Vi\u00f1a del Mar, en honor a los jefes de Estado y Gobierno e invitados especiales.<\/p>\n<p>Como gesto de agradecimiento, antes de abordar la aeronave para retornar a Santo Domingo, Abinader invit\u00f3 posar para una foto de despedida a los oficiales de seguridad asignados por el Gobierno de Chile durante su estad\u00eda de dos d\u00edas.<\/p>\n<p>A su salida por el Aeropuerto Arturo Merino Ben\u00edtez de Santiago, despidieron al mandatario el embajador de la Rep\u00fablica Dominicana en Chile, Juan Cohen, y el ministro consejero, Joel Jonathan Delgado.<\/p>\n<p>Direcci\u00f3n de Prensa del Presidente<\/p>\n<p><h3 class=\"jp-relatedposts-headline\"><em>Relacionado<\/em><\/h3>\n<\/p>\n<p>\t\t\t\t\t\t<!-- .entry-footer --><br \/>\n\t\t\t\t\t\t<!-- \n\n<div data-type=\"_mgwidget\" data-widget-id=\"1743501\"><\/div>\n\n  -->\n\t\t\t\t\t<\/div>\n","protected":false},"excerpt":{"rendered":"<p>Presidente Abinader viaj\u00f3 a Rep\u00fablica Dominicana luego de participar en investidura del presidente chileno. Fuente externa Leer resumen de la noticia (IA) CLICK AQU\u00cd Analizando noticia&#8230; por favor espera. EL NUEVO DIARIO, SANTIAGO DE CHILE. \u2013\u00a0El presidente Luis Abinader viaj\u00f3 hacia la Rep\u00fablica Dominicana tras participar en los actos oficiales de investidura de Jos\u00e9 Antonio<\/p>\n","protected":false},"author":1,"featured_media":26996,"comment_status":"open","ping_status":"open","sticky":false,"template":"","format":"standard","meta":{"footnotes":""},"categories":[1],"tags":[],"class_list":["post-26995","post","type-post","status-publish","format-standard","has-post-thumbnail","hentry","category-nacionales"],"_links":{"self":[{"href":"https:\/\/acronoticias.com\/index.php\/wp-json\/wp\/v2\/posts\/26995","targetHints":{"allow":["GET"]}}],"collection":[{"href":"https:\/\/acronoticias.com\/index.php\/wp-json\/wp\/v2\/posts"}],"about":[{"href":"https:\/\/acronoticias.com\/index.php\/wp-json\/wp\/v2\/types\/post"}],"author":[{"embeddable":true,"href":"https:\/\/acronoticias.com\/index.php\/wp-json\/wp\/v2\/users\/1"}],"replies":[{"embeddable":true,"href":"https:\/\/acronoticias.com\/index.php\/wp-json\/wp\/v2\/comments?post=26995"}],"version-history":[{"count":0,"href":"https:\/\/acronoticias.com\/index.php\/wp-json\/wp\/v2\/posts\/26995\/revisions"}],"wp:featuredmedia":[{"embeddable":true,"href":"https:\/\/acronoticias.com\/index.php\/wp-json\/wp\/v2\/media\/26996"}],"wp:attachment":[{"href":"https:\/\/acronoticias.com\/index.php\/wp-json\/wp\/v2\/media?parent=26995"}],"wp:term":[{"taxonomy":"category","embeddable":true,"href":"https:\/\/acronoticias.com\/index.php\/wp-json\/wp\/v2\/categories?post=26995"},{"taxonomy":"post_tag","embeddable":true,"href":"https:\/\/acronoticias.com\/index.php\/wp-json\/wp\/v2\/tags?post=26995"}],"curies":[{"name":"wp","href":"https:\/\/api.w.org\/{rel}","templated":true}]}}