{"id":26991,"date":"2026-03-11T22:58:13","date_gmt":"2026-03-11T22:58:13","guid":{"rendered":"https:\/\/acronoticias.com\/index.php\/2026\/03\/11\/leonel-fernandez-ofrece-conferencia-magistral-sobre-inversion-y-cooperacion-economica-en-evento-en-miami\/"},"modified":"2026-03-11T22:58:13","modified_gmt":"2026-03-11T22:58:13","slug":"leonel-fernandez-ofrece-conferencia-magistral-sobre-inversion-y-cooperacion-economica-en-evento-en-miami","status":"publish","type":"post","link":"https:\/\/acronoticias.com\/index.php\/2026\/03\/11\/leonel-fernandez-ofrece-conferencia-magistral-sobre-inversion-y-cooperacion-economica-en-evento-en-miami\/","title":{"rendered":"Leonel Fern\u00e1ndez ofrece conferencia magistral sobre inversi\u00f3n y cooperaci\u00f3n econ\u00f3mica en evento en Miami"},"content":{"rendered":"<div>\n<p data-start=\"506\" data-end=\"741\">A trav\u00e9s de un mensaje publicado en X, Fern\u00e1ndez indic\u00f3 que durante su intervenci\u00f3n abord\u00f3 los cambios que se registran en la econom\u00eda global, as\u00ed como las nuevas din\u00e1micas de inversi\u00f3n que se desarrollan en la regi\u00f3n.<\/p>\n<p data-start=\"743\" data-end=\"939\">El l\u00edder pol\u00edtico se\u00f1al\u00f3 que en el evento tambi\u00e9n se compartieron reflexiones sobre las oportunidades de cooperaci\u00f3n econ\u00f3mica entre Am\u00e9rica Latina, el estado de Florida y la Rep\u00fablica Dominicana.<\/p>\n<p data-start=\"941\" data-end=\"1132\" data-is-last-node=\"\" data-is-only-node=\"\">El encuentro reuni\u00f3 a inversionistas, empresarios y representantes del sector financiero interesados en analizar estrategias de inversi\u00f3n transfronteriza y el panorama econ\u00f3mico de la regi\u00f3n.<\/p>\n<\/div>\n","protected":false},"excerpt":{"rendered":"<p>A trav\u00e9s de un mensaje publicado en X, Fern\u00e1ndez indic\u00f3 que durante su intervenci\u00f3n abord\u00f3 los cambios que se registran en la econom\u00eda global, as\u00ed como las nuevas din\u00e1micas de inversi\u00f3n que se desarrollan en la regi\u00f3n. El l\u00edder pol\u00edtico se\u00f1al\u00f3 que en el evento tambi\u00e9n se compartieron reflexiones sobre las oportunidades de cooperaci\u00f3n econ\u00f3mica<\/p>\n","protected":false},"author":1,"featured_media":26992,"comment_status":"open","ping_status":"open","sticky":false,"template":"","format":"standard","meta":{"footnotes":""},"categories":[1],"tags":[],"class_list":["post-26991","post","type-post","status-publish","format-standard","has-post-thumbnail","hentry","category-nacionales"],"_links":{"self":[{"href":"https:\/\/acronoticias.com\/index.php\/wp-json\/wp\/v2\/posts\/26991","targetHints":{"allow":["GET"]}}],"collection":[{"href":"https:\/\/acronoticias.com\/index.php\/wp-json\/wp\/v2\/posts"}],"about":[{"href":"https:\/\/acronoticias.com\/index.php\/wp-json\/wp\/v2\/types\/post"}],"author":[{"embeddable":true,"href":"https:\/\/acronoticias.com\/index.php\/wp-json\/wp\/v2\/users\/1"}],"replies":[{"embeddable":true,"href":"https:\/\/acronoticias.com\/index.php\/wp-json\/wp\/v2\/comments?post=26991"}],"version-history":[{"count":0,"href":"https:\/\/acronoticias.com\/index.php\/wp-json\/wp\/v2\/posts\/26991\/revisions"}],"wp:featuredmedia":[{"embeddable":true,"href":"https:\/\/acronoticias.com\/index.php\/wp-json\/wp\/v2\/media\/26992"}],"wp:attachment":[{"href":"https:\/\/acronoticias.com\/index.php\/wp-json\/wp\/v2\/media?parent=26991"}],"wp:term":[{"taxonomy":"category","embeddable":true,"href":"https:\/\/acronoticias.com\/index.php\/wp-json\/wp\/v2\/categories?post=26991"},{"taxonomy":"post_tag","embeddable":true,"href":"https:\/\/acronoticias.com\/index.php\/wp-json\/wp\/v2\/tags?post=26991"}],"curies":[{"name":"wp","href":"https:\/\/api.w.org\/{rel}","templated":true}]}}