{"id":26989,"date":"2026-03-11T22:57:00","date_gmt":"2026-03-11T22:57:00","guid":{"rendered":"https:\/\/acronoticias.com\/index.php\/2026\/03\/11\/coordinacion-internacional-para-evitar-aumento-en-precios-del-petroleo\/"},"modified":"2026-03-11T22:57:00","modified_gmt":"2026-03-11T22:57:00","slug":"coordinacion-internacional-para-evitar-aumento-en-precios-del-petroleo","status":"publish","type":"post","link":"https:\/\/acronoticias.com\/index.php\/2026\/03\/11\/coordinacion-internacional-para-evitar-aumento-en-precios-del-petroleo\/","title":{"rendered":"Coordinaci\u00f3n internacional para evitar aumento en precios del petr\u00f3leo"},"content":{"rendered":"<div>\n<div class=\"c-detail__author full\">\n<div>\n<div class=\"c-detail__author__thumb\">\n<figure>\n                                <picture src=\"https:\/\/imagenes.hoy.com.do\/files\/image_square_xs\/uploads\/2025\/11\/18\/691c7d5bed035.jpeg\" data-size=\"w:40,h:40\">\n                                    <img decoding=\"async\" loading=\"lazy\" alt=\"EFE EFE\" width=\"40\" height=\"40\" src=\"https:\/\/imagenes.hoy.com.do\/files\/image_square_xs\/uploads\/2025\/11\/18\/691c7d5bed035.jpeg\"\/>\n                                <\/picture>\n                                <\/figure>\n<\/div>\n<\/div>\n<\/div>\n<p>                                                                                            <!-- --><\/p>\n<p class=\"paragraph\">Par\u00eds, 10 mar (EFE).- Los pa\u00edses del G7 aseguraron este martes que est\u00e1n listos para actuar &#8220;<b>de forma urgente, en el momento necesario y con todas las herramientas posibles&#8221; <\/b>para estabilizar los precios del <b>petr\u00f3leo <\/b>tras la crisis provocada por los bombardeos a Ir\u00e1n, asegur\u00f3 el ministro franc\u00e9s de Econom\u00eda, Roland Lescure.<\/p>\n<p class=\"paragraph\">Agreg\u00f3 que hoy habr\u00e1 una reuni\u00f3n de los pa\u00edses miembros de la Agencia Internacional de la Energ\u00eda (AIE) para tener los datos precisos de la situaci\u00f3n para facilitar a los Gobiernos la toma de decisiones.<\/p>\n<p class=\"paragraph\">Una vez conocidas las cifras, Lescure asegur\u00f3 que elaborar\u00e1n &#8220;las diferentes posibilidades disponibles&#8221; y trabajar\u00e1n en la coordinaci\u00f3n internacional para evitar la explosi\u00f3n de los precios del crudo.<\/p>\n<p class=\"paragraph\">&#8220;Seguimos la situaci\u00f3n de los mercados muy de cerca y estamos listos a reaccionar en todo momento. Ayer (en la reuni\u00f3n extraordinaria de los ministros del G7 de Finanzas) nos pusimos de acuerdo sobre el principio y hoy (en otra de titulares de Energ\u00eda) nos damos los medios de hacerlo, que pasan por conocer los datos de forma precisa&#8221;, se\u00f1al\u00f3.<\/p>\n<div class=\"c-detail__box \">\n<article class=\"c-detail__sumario \">\n<figure class=\"c-detail__sumario__thumb\" style=\"display: block;\">\n            <a href=\"#\" title=\"\">\n                <picture data-size=\"w:140,h:140\" loading=\"lazy\" src=\"https:\/\/imagenes.hoy.com.do\/files\/related_image\/files\/fp\/uploads\/2026\/03\/03\/69a7ad7e047ec.r_d.828-123.jpeg\" data-full-src=\"https:\/\/imagenes.hoy.com.do\/uploads\/2026\/03\/03\/69a7ad7e047ec.jpeg\">\n                    <img loading=\"lazy\" decoding=\"async\" width=\"140\" height=\"140\" alt=\"La gasolina subi\u00f3 en EU.\" src=\"https:\/\/imagenes.hoy.com.do\/uploads\/2026\/03\/03\/69a7ad7e047ec.jpeg\"\/>\n                <\/picture>\n            <\/a><br \/>\n        <\/figure>\n<\/article>\n<\/div>\n<p class=\"paragraph\">Lescure no quiso dar ninguna pista sobre la forma en la que actuar\u00edan, mientras se especula sobre la puesta en el mercado de las reservas de petr\u00f3leo que tienen los pa\u00edses del G7.<\/p>\n<p class=\"paragraph\">Se limit\u00f3 a decir que intervendr\u00e1n &#8220;en el momento necesario&#8221; y que est\u00e1n en condiciones de hacerlo &#8220;muy r\u00e1pidamente&#8221;.<\/p>\n<p class=\"paragraph\">El ministro, cuyo pa\u00eds preside este semestre el G7, se\u00f1al\u00f3 que la tensi\u00f3n actual est\u00e1 generada por las amenazas de Ir\u00e1n sobre el estrecho de Ormuz, pero indic\u00f3 que los diferentes pa\u00edses son conscientes de la necesidad de coordinar sus esfuerzos para estabilizar el mercado mientras se trabaja en la normalizaci\u00f3n del tr\u00e1fico mar\u00edtimo en la zona.<\/p>\n<p class=\"paragraph\">&#8220;Todo el mundo es consciente de la situaci\u00f3n y todo el mundo quiere estabilizar el mercado y explorar los medios para hacerlo, incluido Estados Unidos&#8221;, afirm\u00f3 Lescure al t\u00e9rmino de la reuni\u00f3n del G7 de Energ\u00eda, celebrada de forma h\u00edbrida (presencial y por videoconferencia) al margen de la Cumbre Mundial de Energ\u00eda Nuclear, en Par\u00eds. EFE<\/p>\n<\/div>\n","protected":false},"excerpt":{"rendered":"<p>Par\u00eds, 10 mar (EFE).- Los pa\u00edses del G7 aseguraron este martes que est\u00e1n listos para actuar &#8220;de forma urgente, en el momento necesario y con todas las herramientas posibles&#8221; para estabilizar los precios del petr\u00f3leo tras la crisis provocada por los bombardeos a Ir\u00e1n, asegur\u00f3 el ministro franc\u00e9s de Econom\u00eda, Roland Lescure. Agreg\u00f3 que hoy<\/p>\n","protected":false},"author":1,"featured_media":26990,"comment_status":"open","ping_status":"open","sticky":false,"template":"","format":"standard","meta":{"footnotes":""},"categories":[3],"tags":[],"class_list":["post-26989","post","type-post","status-publish","format-standard","has-post-thumbnail","hentry","category-internacionales"],"_links":{"self":[{"href":"https:\/\/acronoticias.com\/index.php\/wp-json\/wp\/v2\/posts\/26989","targetHints":{"allow":["GET"]}}],"collection":[{"href":"https:\/\/acronoticias.com\/index.php\/wp-json\/wp\/v2\/posts"}],"about":[{"href":"https:\/\/acronoticias.com\/index.php\/wp-json\/wp\/v2\/types\/post"}],"author":[{"embeddable":true,"href":"https:\/\/acronoticias.com\/index.php\/wp-json\/wp\/v2\/users\/1"}],"replies":[{"embeddable":true,"href":"https:\/\/acronoticias.com\/index.php\/wp-json\/wp\/v2\/comments?post=26989"}],"version-history":[{"count":0,"href":"https:\/\/acronoticias.com\/index.php\/wp-json\/wp\/v2\/posts\/26989\/revisions"}],"wp:featuredmedia":[{"embeddable":true,"href":"https:\/\/acronoticias.com\/index.php\/wp-json\/wp\/v2\/media\/26990"}],"wp:attachment":[{"href":"https:\/\/acronoticias.com\/index.php\/wp-json\/wp\/v2\/media?parent=26989"}],"wp:term":[{"taxonomy":"category","embeddable":true,"href":"https:\/\/acronoticias.com\/index.php\/wp-json\/wp\/v2\/categories?post=26989"},{"taxonomy":"post_tag","embeddable":true,"href":"https:\/\/acronoticias.com\/index.php\/wp-json\/wp\/v2\/tags?post=26989"}],"curies":[{"name":"wp","href":"https:\/\/api.w.org\/{rel}","templated":true}]}}