{"id":26985,"date":"2026-03-11T22:42:37","date_gmt":"2026-03-11T22:42:37","guid":{"rendered":"https:\/\/acronoticias.com\/index.php\/2026\/03\/11\/educacion-impulsa-fortalecimiento-de-la-formacion-tecnico-profesional-para-conectar-escuela-y-empleo-el-nuevo-diario-republica-dominicana\/"},"modified":"2026-03-11T22:42:37","modified_gmt":"2026-03-11T22:42:37","slug":"educacion-impulsa-fortalecimiento-de-la-formacion-tecnico-profesional-para-conectar-escuela-y-empleo-el-nuevo-diario-republica-dominicana","status":"publish","type":"post","link":"https:\/\/acronoticias.com\/index.php\/2026\/03\/11\/educacion-impulsa-fortalecimiento-de-la-formacion-tecnico-profesional-para-conectar-escuela-y-empleo-el-nuevo-diario-republica-dominicana\/","title":{"rendered":"Educaci\u00f3n impulsa fortalecimiento de la formaci\u00f3n t\u00e9cnico-profesional para conectar escuela y empleo \u2013 El Nuevo Diario (Rep\u00fablica Dominicana)"},"content":{"rendered":"<p><i class=\"bi bi-camera-fill\" style=\"font-size:18px; color:var(--rojo)\"\/> Educaci\u00f3n apuesta a fortalecer formaci\u00f3n t\u00e9cnico-profesional en l\u00ednea con Meta 2036, Fuente externa <\/p>\n<div>\n<div id=\"gemini-summary-wrapper\" class=\"mb-3\">\n                <button id=\"btn-get-summary\" class=\"gemini-btn\" data-post-id=\"3044528\" data-post-title=\"Educaci\u00f3n impulsa fortalecimiento de la formaci\u00f3n t\u00e9cnico-profesional para conectar escuela y empleo\"><br \/>\n                    Leer resumen <b class=\"d-none d-md-inline\">de la noticia<\/b> (IA) <span>CLICK AQU\u00cd<\/span><br \/>\n                <\/button><\/p>\n<div id=\"gemini-loading\" class=\"mb-3\">\n<p>                    <span>Analizando noticia&#8230; por favor espera.<\/span>\n                <\/div>\n<\/p><\/div>\n<p>EL NUEVO DIARIO, SANTO DOMINGO.- El ministro de Educaci\u00f3n, Luis Miguel De Camps ha reafirmado el compromiso de su gesti\u00f3n con el fortalecimiento de la educaci\u00f3n t\u00e9cnico-profesional, consider\u00e1ndola un pilar esencial para impulsar la empleabilidad juvenil y contribuir a la meta nacional del presidente Luis Abinader de duplicar la econom\u00eda dominicana para 2036. Durante el Primer Congreso de Educaci\u00f3n T\u00e9cnico-Profesional, De Camps enfatiz\u00f3 la apuesta del pa\u00eds por transformar esta modalidad formativa para alinearla con las necesidades productivas y tecnol\u00f3gicas del mercado laboral actual.<\/p>\n<p>De Camps destac\u00f3 que esta iniciativa forma parte de la visi\u00f3n de formar la \u00abGeneraci\u00f3n 2036\u00bb, refiri\u00e9ndose a los j\u00f3venes que liderar\u00e1n el crecimiento econ\u00f3mico, la innovaci\u00f3n y la productividad del pa\u00eds en las pr\u00f3ximas d\u00e9cadas. El ministro subray\u00f3 que el desarrollo econ\u00f3mico comienza en las aulas que deben transformarse en espacios de desarrollo de capacidades, habilidades y talento.<\/p>\n<p>Para apoyar esta expansi\u00f3n, el Ministerio de Educaci\u00f3n ha actualizado 23 t\u00edtulos t\u00e9cnicos, incorporado cinco nuevas familias profesionales y equipado m\u00e1s de 360 talleres t\u00e9cnicos en diversos centros educativos del pa\u00eds. Adem\u00e1s, se ha fortalecido la formaci\u00f3n en centros de trabajo para acercar la educaci\u00f3n al entorno productivo, permitiendo que m\u00e1s de 26,000 j\u00f3venes realicen pr\u00e1cticas formativas en empresas el a\u00f1o pasado.<\/p>\n<p>El proceso de modernizaci\u00f3n incluye una agenda de innovaci\u00f3n educativa para responder a los cambios en el mundo laboral, impulsando la incorporaci\u00f3n de competencias tecnol\u00f3gicas y cient\u00edficas y el desarrollo de herramientas de aprendizaje como las microcredenciales. \u00abEl talento no se forma en un solo espacio. Se forma en un ecosistema donde la escuela, la formaci\u00f3n t\u00e9cnica, la innovaci\u00f3n y el sector productivo trabajan de manera articulada\u00bb, agreg\u00f3 De Camps.<\/p>\n<p>El ministro considera que la apuesta por la educaci\u00f3n t\u00e9cnico-profesional es parte de una estrategia nacional para consolidar una econom\u00eda m\u00e1s innovadora, productiva y competitiva. \u00abEl futuro econ\u00f3mico, social e institucional de la Rep\u00fablica Dominicana se est\u00e1 formando hoy en nuestras aulas\u00bb, concluy\u00f3.<\/p>\n<figure id=\"attachment_3045605\" aria-describedby=\"caption-attachment-3045605\" style=\"width: 1280px\" class=\"wp-caption alignnone\"><img loading=\"lazy\" data-recalc-dims=\"1\" data-dominant-color=\"403b3b\" data-has-transparency=\"false\" style=\"--dominant-color: #403b3b;\" decoding=\"async\" class=\"size-full wp-image-3045605 not-transparent\" src=\"https:\/\/i0.wp.com\/nuevodiario-assets.s3.us-east-2.amazonaws.com\/wp-content\/uploads\/2026\/03\/Educacion-apuesta-a-fortalecer-formacion-tecnico-profesional-en-linea-con-Meta-2036-2.jpeg?resize=640%2C426&amp;quality=100&amp;ssl=1\" alt=\"\" width=\"640\" height=\"426\" srcset=\"https:\/\/nuevodiario-assets.s3.us-east-2.amazonaws.com\/wp-content\/uploads\/2026\/03\/Educacion-apuesta-a-fortalecer-formacion-tecnico-profesional-en-linea-con-Meta-2036-2.jpeg 1280w, https:\/\/nuevodiario-assets.s3.us-east-2.amazonaws.com\/wp-content\/uploads\/2026\/03\/Educacion-apuesta-a-fortalecer-formacion-tecnico-profesional-en-linea-con-Meta-2036-2.jpeg 400w, https:\/\/nuevodiario-assets.s3.us-east-2.amazonaws.com\/wp-content\/uploads\/2026\/03\/Educacion-apuesta-a-fortalecer-formacion-tecnico-profesional-en-linea-con-Meta-2036-2.jpeg 800w, https:\/\/nuevodiario-assets.s3.us-east-2.amazonaws.com\/wp-content\/uploads\/2026\/03\/Educacion-apuesta-a-fortalecer-formacion-tecnico-profesional-en-linea-con-Meta-2036-2.jpeg 768w, https:\/\/nuevodiario-assets.s3.us-east-2.amazonaws.com\/wp-content\/uploads\/2026\/03\/Educacion-apuesta-a-fortalecer-formacion-tecnico-profesional-en-linea-con-Meta-2036-2.jpeg 600w\" sizes=\"auto, (max-width: 640px) 100vw, 640px\"\/><figcaption id=\"caption-attachment-3045605\" class=\"wp-caption-text\">Educaci\u00f3n apuesta a fortalecer formaci\u00f3n t\u00e9cnico-profesional en l\u00ednea con Meta 2036, Fuente externa<\/figcaption><\/figure>\n<p>El congreso, organizado por el Departamento de Educaci\u00f3n T\u00e9cnico Profesional del Ministerio, tiene como objetivo difundir experiencias y buenas pr\u00e1cticas educativas, analizar los retos y oportunidades frente a la transformaci\u00f3n digital y debatir propuestas innovadoras para la actualizaci\u00f3n curricular. El evento, de dos d\u00edas de duraci\u00f3n, cuenta con siete conferencistas, 18 panelistas y 22 presentaciones de buenas pr\u00e1cticas educativas.<\/p>\n<p>\u00a0<\/p>\n<p><h3 class=\"jp-relatedposts-headline\"><em>Relacionado<\/em><\/h3>\n<\/p>\n<p>\t\t\t\t\t\t<!-- .entry-footer --><br \/>\n\t\t\t\t\t\t<!-- \n\n<div data-type=\"_mgwidget\" data-widget-id=\"1743501\"><\/div>\n\n  -->\n\t\t\t\t\t<\/div>\n","protected":false},"excerpt":{"rendered":"<p>Educaci\u00f3n apuesta a fortalecer formaci\u00f3n t\u00e9cnico-profesional en l\u00ednea con Meta 2036, Fuente externa Leer resumen de la noticia (IA) CLICK AQU\u00cd Analizando noticia&#8230; por favor espera. EL NUEVO DIARIO, SANTO DOMINGO.- El ministro de Educaci\u00f3n, Luis Miguel De Camps ha reafirmado el compromiso de su gesti\u00f3n con el fortalecimiento de la educaci\u00f3n t\u00e9cnico-profesional, consider\u00e1ndola un<\/p>\n","protected":false},"author":1,"featured_media":26986,"comment_status":"open","ping_status":"open","sticky":false,"template":"","format":"standard","meta":{"footnotes":""},"categories":[1],"tags":[],"class_list":["post-26985","post","type-post","status-publish","format-standard","has-post-thumbnail","hentry","category-nacionales"],"_links":{"self":[{"href":"https:\/\/acronoticias.com\/index.php\/wp-json\/wp\/v2\/posts\/26985","targetHints":{"allow":["GET"]}}],"collection":[{"href":"https:\/\/acronoticias.com\/index.php\/wp-json\/wp\/v2\/posts"}],"about":[{"href":"https:\/\/acronoticias.com\/index.php\/wp-json\/wp\/v2\/types\/post"}],"author":[{"embeddable":true,"href":"https:\/\/acronoticias.com\/index.php\/wp-json\/wp\/v2\/users\/1"}],"replies":[{"embeddable":true,"href":"https:\/\/acronoticias.com\/index.php\/wp-json\/wp\/v2\/comments?post=26985"}],"version-history":[{"count":0,"href":"https:\/\/acronoticias.com\/index.php\/wp-json\/wp\/v2\/posts\/26985\/revisions"}],"wp:featuredmedia":[{"embeddable":true,"href":"https:\/\/acronoticias.com\/index.php\/wp-json\/wp\/v2\/media\/26986"}],"wp:attachment":[{"href":"https:\/\/acronoticias.com\/index.php\/wp-json\/wp\/v2\/media?parent=26985"}],"wp:term":[{"taxonomy":"category","embeddable":true,"href":"https:\/\/acronoticias.com\/index.php\/wp-json\/wp\/v2\/categories?post=26985"},{"taxonomy":"post_tag","embeddable":true,"href":"https:\/\/acronoticias.com\/index.php\/wp-json\/wp\/v2\/tags?post=26985"}],"curies":[{"name":"wp","href":"https:\/\/api.w.org\/{rel}","templated":true}]}}